{"id":53086,"date":"2020-12-21T12:30:31","date_gmt":"2020-12-21T11:30:31","guid":{"rendered":"https:\/\/alzira.es\/alzira-una-ciutat-de-conte-ja-te-guanyadors\/"},"modified":"2020-12-21T12:30:31","modified_gmt":"2020-12-21T11:30:31","slug":"alzira-una-ciutat-de-conte-ja-te-guanyadors","status":"publish","type":"post","link":"https:\/\/alzira.es\/es\/alzira-una-ciutat-de-conte-ja-te-guanyadors\/","title":{"rendered":"\u201cAlzira, una ciutat de conte\u201d, ya tiene ganadores"},"content":{"rendered":"<p><strong>Alzira, 21 de diciembre de 2020.-<\/strong> La Concejal\u00eda de Turismo, bajo la marca <em><strong>\u00abAlzira, un riu de turisme\u00bb<\/strong><\/em>, ha realizado la actividad&nbsp;<em><strong>\u00abAlzira, una ciutat de conte\u00bb<\/strong><\/em> dirigida a los estudiantes entre primero y sexto de primaria, con el fin de posar en valor los edificios, lugares o monumentos emblem\u00e1ticos de nuestra ciudad.<\/p>\n<p><em>\u00abHay que agradecer la elevada participaci\u00f3n en esta primera edici\u00f3n, puesto que la implicaci\u00f3n de los escolares de los varios centros educativos de nuestra ciudad ha desbordado incluido las previsiones con las que se inicia esta actividad\u00bb<\/em>, seg\u00fan la regidora de Turismo, <strong>Isabel Aguilar<\/strong>.<\/p>\n<p>El martes 29 de diciembre en un sencillo acto, que contar\u00e1 con todas las medidas sanitarias de seguridad, se har\u00e1 entrega de los premios a los tres ganadores, que podr\u00e1n asistir al acto de entrega acompa\u00f1ados por un adulto.<\/p>\n<p>&#8211; <span style=\"text-decoration: underline;\">Mejor dibujo y cuento de 1.\u00ba y 2.\u00ba de primaria<\/span>:<strong> pizarra electr\u00f3nica<\/strong><\/p>\n<p><em>\u00abLa munta\u00f1eta de San Salvador\u00bb<\/em><br \/>de <strong>Alejandro Monz\u00f3 Lacasa<\/strong>, del CEIP Federico Garc\u00eda Sanchiz<\/p>\n<p>&#8211;<span style=\"text-decoration: underline;\"> 3.\u00ba y 4.\u00ba de primaria<\/span>: <strong>tableta t\u00e1ctil<\/strong><\/p>\n<p><em>\u00abJaime I y la ruta de los monumentos\u00bb<\/em><br \/>de <strong>Pau huerta Mart\u00ednez<\/strong>, del CEIP el Alborx\u00ed<\/p>\n<p>&#8211; <span style=\"text-decoration: underline;\">5.\u00ba y 6.\u00ba de primaria<\/span>: <strong>ordenador port\u00e1til<\/strong><\/p>\n<p><em>\u00abEl puente de hierro\u00bb<\/em><br \/>de <strong>\u00c0ngela S\u00e1nchez Ahull\u00f3<\/strong>, de la Pur\u00edsima<\/p>\n<p>Esta iniciativa nos ha dado otra visi\u00f3n de nuestra ciudad a trav\u00e9s de los relatos y los dibujos de los escolares, que en definitiva son los alzire\u00f1os del futuro.<\/p>\n<p>Adem\u00e1s la felicitaci\u00f3n de Nadavidad del Departamento de Turismo utiliza las im\u00e1genes ganadores del concurso.<\/p>\n<p style=\"text-align: center;\"><img fetchpriority=\"high\" decoding=\"async\" class=\" size-full wp-image-53080\" src=\"https:\/\/alzira.es\/wp-content\/uploads\/2020\/12\/Ganador_1a_categoria_ALEJANDRO_MONZO_2ob_Federico_Garcia_Sanchiz.jpg\" alt=\"Ganador 1\u00aa categor\u00eda ALEJANDRO MONZ\u00d3 2\u00bab Federico Garc\u00eda Sanchiz\" width=\"500\" height=\"566\" \/>&nbsp; <img decoding=\"async\" class=\"size-full wp-image-53082 lazyload\" data-src=\"https:\/\/alzira.es\/wp-content\/uploads\/2020\/12\/Ganador_2a_categoria_PAU_HUERTA_4o_primaria_LALBORXI.jpg\" alt=\"Ganador 2\u00aa categor\u00eda PAU HUERTA 4\u00ba primaria LALBORX\u00cd\" width=\"500\" height=\"725\" src=\"data:image\/svg+xml;base64,PHN2ZyB3aWR0aD0iMSIgaGVpZ2h0PSIxIiB4bWxucz0iaHR0cDovL3d3dy53My5vcmcvMjAwMC9zdmciPjwvc3ZnPg==\" style=\"--smush-placeholder-width: 500px; --smush-placeholder-aspect-ratio: 500\/725;\" \/><\/p>\n<p style=\"text-align: center;\"><img decoding=\"async\" class=\"size-full wp-image-53084 lazyload\" data-src=\"https:\/\/alzira.es\/wp-content\/uploads\/2020\/12\/Ganador_3a_categoria_ANGELA_Sanchez.jpeg\" alt=\"Ganador 3\u00aa categor\u00eda ANGELA S\u00e1nchez\" width=\"600\" height=\"439\" data-srcset=\"https:\/\/alzira.es\/wp-content\/uploads\/2020\/12\/Ganador_3a_categoria_ANGELA_Sanchez.jpeg 1600w, https:\/\/alzira.es\/wp-content\/uploads\/2020\/12\/Ganador_3a_categoria_ANGELA_Sanchez-680x498.jpeg 680w, https:\/\/alzira.es\/wp-content\/uploads\/2020\/12\/Ganador_3a_categoria_ANGELA_Sanchez-1430x1047.jpeg 1430w, https:\/\/alzira.es\/wp-content\/uploads\/2020\/12\/Ganador_3a_categoria_ANGELA_Sanchez-768x562.jpeg 768w, https:\/\/alzira.es\/wp-content\/uploads\/2020\/12\/Ganador_3a_categoria_ANGELA_Sanchez-1536x1124.jpeg 1536w\" data-sizes=\"(max-width: 600px) 100vw, 600px\" src=\"data:image\/svg+xml;base64,PHN2ZyB3aWR0aD0iMSIgaGVpZ2h0PSIxIiB4bWxucz0iaHR0cDovL3d3dy53My5vcmcvMjAwMC9zdmciPjwvc3ZnPg==\" style=\"--smush-placeholder-width: 600px; --smush-placeholder-aspect-ratio: 600\/439;\" \/><\/p>\n","protected":false},"excerpt":{"rendered":"<p>Alzira, 21 de diciembre de 2020.- La Concejal\u00eda de Turismo, bajo la marca \u00abAlzira, un riu de turisme\u00bb, ha realizado la actividad&nbsp;\u00abAlzira, una ciutat de conte\u00bb dirigida a los estudiantes entre primero y sexto de primaria, con el fin de posar en valor los edificios, lugares o monumentos emblem\u00e1ticos de nuestra ciudad. \u00abHay que agradecer &hellip; <\/p>\n<p class=\"link-more\"><a href=\"https:\/\/alzira.es\/es\/alzira-una-ciutat-de-conte-ja-te-guanyadors\/\" class=\"more-link\">Continuar leyendo<span class=\"screen-reader-text\"> \u00ab\u201cAlzira, una ciutat de conte\u201d, ya tiene ganadores\u00bb<\/span><\/a><\/p>\n","protected":false},"author":29,"featured_media":53080,"comment_status":"","ping_status":"","sticky":false,"template":"","format":"standard","meta":{"_acf_changed":false,"footnotes":""},"categories":[],"tags":[],"class_list":["post-53086","post","type-post","status-publish","format-standard","has-post-thumbnail","hentry"],"acf":[],"_links":{"self":[{"href":"https:\/\/alzira.es\/es\/wp-json\/wp\/v2\/posts\/53086","targetHints":{"allow":["GET"]}}],"collection":[{"href":"https:\/\/alzira.es\/es\/wp-json\/wp\/v2\/posts"}],"about":[{"href":"https:\/\/alzira.es\/es\/wp-json\/wp\/v2\/types\/post"}],"author":[{"embeddable":true,"href":"https:\/\/alzira.es\/es\/wp-json\/wp\/v2\/users\/29"}],"replies":[{"embeddable":true,"href":"https:\/\/alzira.es\/es\/wp-json\/wp\/v2\/comments?post=53086"}],"version-history":[{"count":0,"href":"https:\/\/alzira.es\/es\/wp-json\/wp\/v2\/posts\/53086\/revisions"}],"wp:featuredmedia":[{"embeddable":true,"href":"https:\/\/alzira.es\/es\/wp-json\/wp\/v2\/media\/53080"}],"wp:attachment":[{"href":"https:\/\/alzira.es\/es\/wp-json\/wp\/v2\/media?parent=53086"}],"wp:term":[{"taxonomy":"category","embeddable":true,"href":"https:\/\/alzira.es\/es\/wp-json\/wp\/v2\/categories?post=53086"},{"taxonomy":"post_tag","embeddable":true,"href":"https:\/\/alzira.es\/es\/wp-json\/wp\/v2\/tags?post=53086"}],"curies":[{"name":"wp","href":"https:\/\/api.w.org\/{rel}","templated":true}]}}