{"id":53079,"date":"2020-12-18T11:53:35","date_gmt":"2020-12-18T10:53:35","guid":{"rendered":"https:\/\/alzira.es\/dos-mil-cinc-centes-plantes-de-nadal-adornen-els-parterres-i-jardins-de-la-ciutat-d-alzira-2\/"},"modified":"2020-12-18T11:53:35","modified_gmt":"2020-12-18T10:53:35","slug":"dos-mil-cinc-centes-plantes-de-nadal-adornen-els-parterres-i-jardins-de-la-ciutat-d-alzira-2","status":"publish","type":"post","link":"https:\/\/alzira.es\/es\/dos-mil-cinc-centes-plantes-de-nadal-adornen-els-parterres-i-jardins-de-la-ciutat-d-alzira-2\/","title":{"rendered":"Dos mil cinc-centes plantes de Nadal adornen els parterres i jardins de la ciutat d\u2019Alzira"},"content":{"rendered":"<p><strong>Alzira, 18 de desembre de 2020.-<\/strong> La Regidoria de Serveis Urbans junt amb INDITEC, l&#8217;empresa concession\u00e0ria del manteniment dels parcs i jardins, han procedit a plantar la Pons\u00e8tia, coneguda com a Flor de Pasqua, tradicional planta que cada Nadal ens acompanya amb el roig intens de les seues fulles que la fa \u00fanica i r\u00e0pidament reconeixible.<\/p>\n<p>Els exemplars, un total de dos mil cinc-cents, no tenen cap de cost per a les arques municipals, ja que esta plantaci\u00f3 forma part dels contractes que l&#8217;Ajuntament t\u00e9 amb l&#8217;empresa.<\/p>\n<p><strong>Les zones i carrers on s&#8217;han col\u2022locat plantes de Pasqua s\u00f3n:<\/strong><\/p>\n<p>Parc Pere Cresp\u00ed, les Basses, pla\u00e7a Lletres Valencianes, Sant Judes, l&#8217;Alquerieta, pla\u00e7a del Regne (Tourist Info), pla\u00e7a Marina Espanyola, carrer Mur, zona Taxis, pla\u00e7a Generalitat, l&#8217;Alquen\u00e8ncia, parc de les Barraques i pla\u00e7a Elisa Ram\u00edrez.<\/p>\n<p><em>\u00abAlzira ha d&#8217;oferir una bona imatge, i per aix\u00f2 hem de cuidar les zones enjardinades dotant-les de color en esta \u00e8poca assenyalada. Mantindre en condicions estes zones dep\u00e9n de tots nosaltres per tal que llu\u00efsquen com cal, i m\u00e9s en este Nadal at\u00edpic que anem a viure a causa de la pand\u00e8mia de la Covid-19\u00bb<\/em>, ha assenyalat <strong>Fernando Pascual<\/strong>, regidor de Serveis Urbans.<\/p>\n<p style=\"text-align: center;\"><img fetchpriority=\"high\" decoding=\"async\" class=\" size-full wp-image-53072\" src=\"https:\/\/alzira.es\/wp-content\/uploads\/2020\/12\/flors_4.jpg\" alt=\"flors 4\" width=\"1000\" height=\"563\" srcset=\"https:\/\/alzira.es\/wp-content\/uploads\/2020\/12\/flors_4.jpg 2048w, https:\/\/alzira.es\/wp-content\/uploads\/2020\/12\/flors_4-680x383.jpg 680w, https:\/\/alzira.es\/wp-content\/uploads\/2020\/12\/flors_4-1430x804.jpg 1430w, https:\/\/alzira.es\/wp-content\/uploads\/2020\/12\/flors_4-768x432.jpg 768w, https:\/\/alzira.es\/wp-content\/uploads\/2020\/12\/flors_4-1536x864.jpg 1536w\" sizes=\"(max-width: 706px) 89vw, (max-width: 767px) 82vw, 740px\" \/><\/p>\n<p style=\"text-align: center;\"><img decoding=\"async\" class=\"size-full wp-image-53074 lazyload\" data-src=\"https:\/\/alzira.es\/wp-content\/uploads\/2020\/12\/flors_2.jpg\" alt=\"flors 2\" width=\"500\" height=\"281\" data-srcset=\"https:\/\/alzira.es\/wp-content\/uploads\/2020\/12\/flors_2.jpg 2048w, https:\/\/alzira.es\/wp-content\/uploads\/2020\/12\/flors_2-680x383.jpg 680w, https:\/\/alzira.es\/wp-content\/uploads\/2020\/12\/flors_2-1430x804.jpg 1430w, https:\/\/alzira.es\/wp-content\/uploads\/2020\/12\/flors_2-768x432.jpg 768w, https:\/\/alzira.es\/wp-content\/uploads\/2020\/12\/flors_2-1536x864.jpg 1536w\" data-sizes=\"(max-width: 500px) 100vw, 500px\" src=\"data:image\/svg+xml;base64,PHN2ZyB3aWR0aD0iMSIgaGVpZ2h0PSIxIiB4bWxucz0iaHR0cDovL3d3dy53My5vcmcvMjAwMC9zdmciPjwvc3ZnPg==\" style=\"--smush-placeholder-width: 500px; --smush-placeholder-aspect-ratio: 500\/281;\" \/>&nbsp;<img decoding=\"async\" class=\"size-full wp-image-53076 lazyload\" data-src=\"https:\/\/alzira.es\/wp-content\/uploads\/2020\/12\/flors_5.jpg\" alt=\"flors 5\" width=\"500\" height=\"281\" data-srcset=\"https:\/\/alzira.es\/wp-content\/uploads\/2020\/12\/flors_5.jpg 2048w, https:\/\/alzira.es\/wp-content\/uploads\/2020\/12\/flors_5-680x383.jpg 680w, https:\/\/alzira.es\/wp-content\/uploads\/2020\/12\/flors_5-1430x804.jpg 1430w, https:\/\/alzira.es\/wp-content\/uploads\/2020\/12\/flors_5-768x432.jpg 768w, https:\/\/alzira.es\/wp-content\/uploads\/2020\/12\/flors_5-1536x864.jpg 1536w\" data-sizes=\"(max-width: 500px) 100vw, 500px\" src=\"data:image\/svg+xml;base64,PHN2ZyB3aWR0aD0iMSIgaGVpZ2h0PSIxIiB4bWxucz0iaHR0cDovL3d3dy53My5vcmcvMjAwMC9zdmciPjwvc3ZnPg==\" style=\"--smush-placeholder-width: 500px; --smush-placeholder-aspect-ratio: 500\/281;\" \/>&nbsp;<\/p>\n","protected":false},"excerpt":{"rendered":"<p>Alzira, 18 de desembre de 2020.- La Regidoria de Serveis Urbans junt amb INDITEC, l&#8217;empresa concession\u00e0ria del manteniment dels parcs i jardins, han procedit a plantar la Pons\u00e8tia, coneguda com a Flor de Pasqua, tradicional planta que cada Nadal ens acompanya amb el roig intens de les seues fulles que la fa \u00fanica i r\u00e0pidament &hellip; <\/p>\n<p class=\"link-more\"><a href=\"https:\/\/alzira.es\/es\/dos-mil-cinc-centes-plantes-de-nadal-adornen-els-parterres-i-jardins-de-la-ciutat-d-alzira-2\/\" class=\"more-link\">Continuar leyendo<span class=\"screen-reader-text\"> \u00abDos mil cinc-centes plantes de Nadal adornen els parterres i jardins de la ciutat d\u2019Alzira\u00bb<\/span><\/a><\/p>\n","protected":false},"author":29,"featured_media":53072,"comment_status":"","ping_status":"","sticky":false,"template":"","format":"standard","meta":{"_acf_changed":false,"footnotes":""},"categories":[],"tags":[],"class_list":["post-53079","post","type-post","status-publish","format-standard","has-post-thumbnail","hentry"],"acf":[],"_links":{"self":[{"href":"https:\/\/alzira.es\/es\/wp-json\/wp\/v2\/posts\/53079","targetHints":{"allow":["GET"]}}],"collection":[{"href":"https:\/\/alzira.es\/es\/wp-json\/wp\/v2\/posts"}],"about":[{"href":"https:\/\/alzira.es\/es\/wp-json\/wp\/v2\/types\/post"}],"author":[{"embeddable":true,"href":"https:\/\/alzira.es\/es\/wp-json\/wp\/v2\/users\/29"}],"replies":[{"embeddable":true,"href":"https:\/\/alzira.es\/es\/wp-json\/wp\/v2\/comments?post=53079"}],"version-history":[{"count":0,"href":"https:\/\/alzira.es\/es\/wp-json\/wp\/v2\/posts\/53079\/revisions"}],"wp:featuredmedia":[{"embeddable":true,"href":"https:\/\/alzira.es\/es\/wp-json\/wp\/v2\/media\/53072"}],"wp:attachment":[{"href":"https:\/\/alzira.es\/es\/wp-json\/wp\/v2\/media?parent=53079"}],"wp:term":[{"taxonomy":"category","embeddable":true,"href":"https:\/\/alzira.es\/es\/wp-json\/wp\/v2\/categories?post=53079"},{"taxonomy":"post_tag","embeddable":true,"href":"https:\/\/alzira.es\/es\/wp-json\/wp\/v2\/tags?post=53079"}],"curies":[{"name":"wp","href":"https:\/\/api.w.org\/{rel}","templated":true}]}}