{"id":53078,"date":"2020-12-18T11:53:35","date_gmt":"2020-12-18T10:53:35","guid":{"rendered":"https:\/\/alzira.es\/dos-mil-cinc-centes-plantes-de-nadal-adornen-els-parterres-i-jardins-de-la-ciutat-d-alzira\/"},"modified":"2020-12-18T11:53:35","modified_gmt":"2020-12-18T10:53:35","slug":"dos-mil-cinc-centes-plantes-de-nadal-adornen-els-parterres-i-jardins-de-la-ciutat-d-alzira","status":"publish","type":"post","link":"https:\/\/alzira.es\/es\/dos-mil-cinc-centes-plantes-de-nadal-adornen-els-parterres-i-jardins-de-la-ciutat-d-alzira\/","title":{"rendered":"Dos mil quinientas plantas de Nadal adornan los parterres y jardines de la ciudad de Alzira"},"content":{"rendered":"<p><strong>Alzira, 18 de diciembre de 2020.-<\/strong> La Concejal\u00eda de Servicios Urbanos junto con INDITEC, la empresa concesionaria del mantenimiento de los parques y jardines, han procedido a plantar la Pons\u00e8tia, conocida como Flor de Pascua, tradicional planta que cada Navidad nos acompa\u00f1a con el rojo intenso de sus hojas que la hace \u00fanica y r\u00e1pidamente reconocible.<\/p>\n<p>Los ejemplares, un total de dos mil quinientos, no tienen jefe de coste para las arcas municipales, puesto que esta plantaci\u00f3n forma parte de los contratos que el Ayuntamiento tiene con la empresa.<\/p>\n<p><strong>Las zonas y calles donde se han colocado plantas de Pascua son:<\/strong><\/p>\n<p>Parc Pere Cresp\u00ed, les Basses, pla\u00e7a Lletres Valencianes, Sant Judes, l&#8217;Alquerieta, pla\u00e7a del Regne (Tourist Info), pla\u00e7a Marina Espanyola, carrer Mur, zona Taxis, pla\u00e7a Generalitat, l&#8217;Alquen\u00e8ncia, parc de les Barraques i pla\u00e7a Elisa Ram\u00edrez.<\/p>\n<p><em>\u00abAlzira tiene que ofrecer una buena imagen, y por eso tenemos que cuidar las zonas ajardinadas dot\u00e1ndolas de color en esta \u00e9poca se\u00f1alada. Mantener en condiciones estas zonas depende de todos nosotros para que luzcan como es debido, y m\u00e1s en esta Navidad at\u00edpico que vamos a vivir a causa de la pandemia de la Covid-19\u00bb<\/em>, ha se\u00f1alado <strong>Fernando Pascual<\/strong>, regidor de Servicios Urbanos.<\/p>\n<p style=\"text-align: center;\"><img fetchpriority=\"high\" decoding=\"async\" class=\" size-full wp-image-53072\" src=\"https:\/\/alzira.es\/wp-content\/uploads\/2020\/12\/flors_4.jpg\" alt=\"flors 4\" width=\"1000\" height=\"563\" srcset=\"https:\/\/alzira.es\/wp-content\/uploads\/2020\/12\/flors_4.jpg 2048w, https:\/\/alzira.es\/wp-content\/uploads\/2020\/12\/flors_4-680x383.jpg 680w, https:\/\/alzira.es\/wp-content\/uploads\/2020\/12\/flors_4-1430x804.jpg 1430w, https:\/\/alzira.es\/wp-content\/uploads\/2020\/12\/flors_4-768x432.jpg 768w, https:\/\/alzira.es\/wp-content\/uploads\/2020\/12\/flors_4-1536x864.jpg 1536w\" sizes=\"(max-width: 706px) 89vw, (max-width: 767px) 82vw, 740px\" \/><\/p>\n<p style=\"text-align: center;\"><img decoding=\"async\" class=\"size-full wp-image-53074 lazyload\" data-src=\"https:\/\/alzira.es\/wp-content\/uploads\/2020\/12\/flors_2.jpg\" alt=\"flors 2\" width=\"500\" height=\"281\" data-srcset=\"https:\/\/alzira.es\/wp-content\/uploads\/2020\/12\/flors_2.jpg 2048w, https:\/\/alzira.es\/wp-content\/uploads\/2020\/12\/flors_2-680x383.jpg 680w, https:\/\/alzira.es\/wp-content\/uploads\/2020\/12\/flors_2-1430x804.jpg 1430w, https:\/\/alzira.es\/wp-content\/uploads\/2020\/12\/flors_2-768x432.jpg 768w, https:\/\/alzira.es\/wp-content\/uploads\/2020\/12\/flors_2-1536x864.jpg 1536w\" data-sizes=\"(max-width: 500px) 100vw, 500px\" src=\"data:image\/svg+xml;base64,PHN2ZyB3aWR0aD0iMSIgaGVpZ2h0PSIxIiB4bWxucz0iaHR0cDovL3d3dy53My5vcmcvMjAwMC9zdmciPjwvc3ZnPg==\" style=\"--smush-placeholder-width: 500px; --smush-placeholder-aspect-ratio: 500\/281;\" \/>&nbsp;<img decoding=\"async\" class=\"size-full wp-image-53076 lazyload\" data-src=\"https:\/\/alzira.es\/wp-content\/uploads\/2020\/12\/flors_5.jpg\" alt=\"flors 5\" width=\"500\" height=\"281\" data-srcset=\"https:\/\/alzira.es\/wp-content\/uploads\/2020\/12\/flors_5.jpg 2048w, https:\/\/alzira.es\/wp-content\/uploads\/2020\/12\/flors_5-680x383.jpg 680w, https:\/\/alzira.es\/wp-content\/uploads\/2020\/12\/flors_5-1430x804.jpg 1430w, https:\/\/alzira.es\/wp-content\/uploads\/2020\/12\/flors_5-768x432.jpg 768w, https:\/\/alzira.es\/wp-content\/uploads\/2020\/12\/flors_5-1536x864.jpg 1536w\" data-sizes=\"(max-width: 500px) 100vw, 500px\" src=\"data:image\/svg+xml;base64,PHN2ZyB3aWR0aD0iMSIgaGVpZ2h0PSIxIiB4bWxucz0iaHR0cDovL3d3dy53My5vcmcvMjAwMC9zdmciPjwvc3ZnPg==\" style=\"--smush-placeholder-width: 500px; --smush-placeholder-aspect-ratio: 500\/281;\" \/>&nbsp;<\/p>\n","protected":false},"excerpt":{"rendered":"<p>Alzira, 18 de diciembre de 2020.- La Concejal\u00eda de Servicios Urbanos junto con INDITEC, la empresa concesionaria del mantenimiento de los parques y jardines, han procedido a plantar la Pons\u00e8tia, conocida como Flor de Pascua, tradicional planta que cada Navidad nos acompa\u00f1a con el rojo intenso de sus hojas que la hace \u00fanica y r\u00e1pidamente &hellip; <\/p>\n<p class=\"link-more\"><a href=\"https:\/\/alzira.es\/es\/dos-mil-cinc-centes-plantes-de-nadal-adornen-els-parterres-i-jardins-de-la-ciutat-d-alzira\/\" class=\"more-link\">Continuar leyendo<span class=\"screen-reader-text\"> \u00abDos mil quinientas plantas de Nadal adornan los parterres y jardines de la ciudad de Alzira\u00bb<\/span><\/a><\/p>\n","protected":false},"author":29,"featured_media":53072,"comment_status":"","ping_status":"","sticky":false,"template":"","format":"standard","meta":{"_acf_changed":false,"footnotes":""},"categories":[4936],"tags":[],"class_list":["post-53078","post","type-post","status-publish","format-standard","has-post-thumbnail","hentry","category-hemeroteca-es"],"acf":[],"_links":{"self":[{"href":"https:\/\/alzira.es\/es\/wp-json\/wp\/v2\/posts\/53078","targetHints":{"allow":["GET"]}}],"collection":[{"href":"https:\/\/alzira.es\/es\/wp-json\/wp\/v2\/posts"}],"about":[{"href":"https:\/\/alzira.es\/es\/wp-json\/wp\/v2\/types\/post"}],"author":[{"embeddable":true,"href":"https:\/\/alzira.es\/es\/wp-json\/wp\/v2\/users\/29"}],"replies":[{"embeddable":true,"href":"https:\/\/alzira.es\/es\/wp-json\/wp\/v2\/comments?post=53078"}],"version-history":[{"count":0,"href":"https:\/\/alzira.es\/es\/wp-json\/wp\/v2\/posts\/53078\/revisions"}],"wp:featuredmedia":[{"embeddable":true,"href":"https:\/\/alzira.es\/es\/wp-json\/wp\/v2\/media\/53072"}],"wp:attachment":[{"href":"https:\/\/alzira.es\/es\/wp-json\/wp\/v2\/media?parent=53078"}],"wp:term":[{"taxonomy":"category","embeddable":true,"href":"https:\/\/alzira.es\/es\/wp-json\/wp\/v2\/categories?post=53078"},{"taxonomy":"post_tag","embeddable":true,"href":"https:\/\/alzira.es\/es\/wp-json\/wp\/v2\/tags?post=53078"}],"curies":[{"name":"wp","href":"https:\/\/api.w.org\/{rel}","templated":true}]}}