{"id":53060,"date":"2020-12-17T14:27:13","date_gmt":"2020-12-17T13:27:13","guid":{"rendered":"https:\/\/alzira.es\/augmenten-els-casos-positius-de-covid-19-a-tota-la-comarca\/"},"modified":"2020-12-17T14:27:13","modified_gmt":"2020-12-17T13:27:13","slug":"augmenten-els-casos-positius-de-covid-19-a-tota-la-comarca","status":"publish","type":"post","link":"https:\/\/alzira.es\/es\/augmenten-els-casos-positius-de-covid-19-a-tota-la-comarca\/","title":{"rendered":"Aumentan los casos positivos de COVID 19 en toda la Comarca"},"content":{"rendered":"<h3>\u2022 A la espera de la comparecencia de la Generalitat para posibles cambios en las restricciones<\/h3>\n<p>&nbsp;<\/p>\n<p><strong>Alzira 17 diciembre 2020.-<\/strong> Como cada jueves, hoy ha tenido lugar la reuni\u00f3n telem\u00e1tica con Salud P\u00fablica para la actualizaci\u00f3n de los datos de los \u00faltimos 7 d\u00edas. En el caso de Alzira las cifras contin\u00faan mostrando la subida de casos,<strong> hemos pasado de 293 a 354 casos por cada 100.000 habitantes<\/strong>. Adem\u00e1s, en los <strong>\u00faltimos tres d\u00edas<\/strong> hay <strong>39 positivos<\/strong>, <strong>y en total tenemos 162 casos activos.<\/strong><\/p>\n<p><em>\u00abLos datos que nos han comunicado hoy, nos preocupan, confirman un aumento de casos en toda la Comarca y desde Salud P\u00fablica nos indican que las consecuencias del puente empiezan a ser visibles, pero todav\u00eda podr\u00edan evolucionar negativamente. Tenemos que ser conscientes que se acerca la Navidad, pero este a\u00f1o tenemos que ser conscientes que son unas fiestas diferentes, tenemos que ser rigurosos en el cumplimiento de las medidas\u00bb<\/em> ha explicado <strong>Gemma Al\u00f3s<\/strong>, Regidora de Sanidad.<\/p>\n<p>Por su parte el alcalde de la ciudad, <strong>Diego G\u00f3mez<\/strong> ha insistido que <em>\u00abSigue la tendencia que empez\u00f3 la semana pasada de incremento de casos y nos situamos en cifras similares a las de la primera quincena de noviembre. Dada esta situaci\u00f3n solo podemos insistir en la idea que las mejores Navidades las pasaremos en casa, controlando nuestros contactos y reduciendo al m\u00e1ximo las reuniones\u00bb<\/em>.<\/p>\n<p>Adem\u00e1s hoy ha tenido lugar tambi\u00e9n la Comisi\u00f3n Ejecutiva y Consejo telem\u00e1tico de la FVMP en la que ha participado la Consejera de Sanidad, <strong>Ana Barcel\u00f3<\/strong>, y la Secretaria Auton\u00f3mica de Salud P\u00fablica <strong>Isaura Navarro<\/strong>, que han recordado a los participantes la necesidad de cumplir las medidas restrictivas por tal<em> \u00abde llegar a la vacuna\u00bb<\/em> y han agradecido la colaboraci\u00f3n de los Ayuntamientos y los cuerpos de seguridad y polic\u00edas locales en el cumplimiento de las mismas.<\/p>\n<p><strong>Habr\u00e1 que estar atentos a la comparecencia del Presidente de la Generalitat Ximo Puig y la Consejera de Sanidad, Ana Barcel\u00f3 para actualizar datos y anunciar posibles cambios en las medidas de cara a la Navidad.<\/strong><\/p>\n<p><img fetchpriority=\"high\" decoding=\"async\" class=\" size-full wp-image-53058\" style=\"display: block; margin-left: auto; margin-right: auto;\" src=\"https:\/\/alzira.es\/wp-content\/uploads\/2020\/12\/dades_covid.jpeg\" alt=\"dades covid\" width=\"1000\" height=\"778\" srcset=\"https:\/\/alzira.es\/wp-content\/uploads\/2020\/12\/dades_covid.jpeg 1600w, https:\/\/alzira.es\/wp-content\/uploads\/2020\/12\/dades_covid-680x529.jpeg 680w, https:\/\/alzira.es\/wp-content\/uploads\/2020\/12\/dades_covid-1379x1072.jpeg 1379w, https:\/\/alzira.es\/wp-content\/uploads\/2020\/12\/dades_covid-768x597.jpeg 768w, https:\/\/alzira.es\/wp-content\/uploads\/2020\/12\/dades_covid-1536x1194.jpeg 1536w\" sizes=\"(max-width: 706px) 89vw, (max-width: 767px) 82vw, 740px\" \/><\/p>\n","protected":false},"excerpt":{"rendered":"<p>\u2022 A la espera de la comparecencia de la Generalitat para posibles cambios en las restricciones &nbsp; Alzira 17 diciembre 2020.- Como cada jueves, hoy ha tenido lugar la reuni\u00f3n telem\u00e1tica con Salud P\u00fablica para la actualizaci\u00f3n de los datos de los \u00faltimos 7 d\u00edas. En el caso de Alzira las cifras contin\u00faan mostrando la &hellip; <\/p>\n<p class=\"link-more\"><a href=\"https:\/\/alzira.es\/es\/augmenten-els-casos-positius-de-covid-19-a-tota-la-comarca\/\" class=\"more-link\">Continuar leyendo<span class=\"screen-reader-text\"> \u00abAumentan los casos positivos de COVID 19 en toda la Comarca\u00bb<\/span><\/a><\/p>\n","protected":false},"author":29,"featured_media":53058,"comment_status":"","ping_status":"","sticky":false,"template":"","format":"standard","meta":{"_acf_changed":false,"footnotes":""},"categories":[4936],"tags":[],"class_list":["post-53060","post","type-post","status-publish","format-standard","has-post-thumbnail","hentry","category-hemeroteca-es"],"acf":[],"_links":{"self":[{"href":"https:\/\/alzira.es\/es\/wp-json\/wp\/v2\/posts\/53060","targetHints":{"allow":["GET"]}}],"collection":[{"href":"https:\/\/alzira.es\/es\/wp-json\/wp\/v2\/posts"}],"about":[{"href":"https:\/\/alzira.es\/es\/wp-json\/wp\/v2\/types\/post"}],"author":[{"embeddable":true,"href":"https:\/\/alzira.es\/es\/wp-json\/wp\/v2\/users\/29"}],"replies":[{"embeddable":true,"href":"https:\/\/alzira.es\/es\/wp-json\/wp\/v2\/comments?post=53060"}],"version-history":[{"count":0,"href":"https:\/\/alzira.es\/es\/wp-json\/wp\/v2\/posts\/53060\/revisions"}],"wp:featuredmedia":[{"embeddable":true,"href":"https:\/\/alzira.es\/es\/wp-json\/wp\/v2\/media\/53058"}],"wp:attachment":[{"href":"https:\/\/alzira.es\/es\/wp-json\/wp\/v2\/media?parent=53060"}],"wp:term":[{"taxonomy":"category","embeddable":true,"href":"https:\/\/alzira.es\/es\/wp-json\/wp\/v2\/categories?post=53060"},{"taxonomy":"post_tag","embeddable":true,"href":"https:\/\/alzira.es\/es\/wp-json\/wp\/v2\/tags?post=53060"}],"curies":[{"name":"wp","href":"https:\/\/api.w.org\/{rel}","templated":true}]}}