{"id":53048,"date":"2020-12-17T13:12:16","date_gmt":"2020-12-17T12:12:16","guid":{"rendered":"https:\/\/alzira.es\/bravo-presenta-el-nuevo-palacio-de-justicia-de-alzira-que-se-preve-que-este-terminado-a-finales-de-2023-tras-una-inversion-de-15-6-millones-2\/"},"modified":"2020-12-17T13:12:16","modified_gmt":"2020-12-17T12:12:16","slug":"bravo-presenta-el-nuevo-palacio-de-justicia-de-alzira-que-se-preve-que-este-terminado-a-finales-de-2023-tras-una-inversion-de-15-6-millones-2","status":"publish","type":"post","link":"https:\/\/alzira.es\/es\/bravo-presenta-el-nuevo-palacio-de-justicia-de-alzira-que-se-preve-que-este-terminado-a-finales-de-2023-tras-una-inversion-de-15-6-millones-2\/","title":{"rendered":"Bravo presenta el nou palau de Just\u00edcia d&#8217;Alzira que es preveu que estiga acabat a la fi de 2023 despr\u00e9s d&#8217;una inversi\u00f3 de 15,6 milions"},"content":{"rendered":"<ul style=\"list-style-type: circle;\">\n<li>\n<h3>L&#8217;edifici de 10.000 metres quadrats, repartits en cinc plantes m\u00e9s aparcament, se situar\u00e0 en l&#8217;avinguda Luis S\u00fa\u00f1er i podr\u00e0 albergar nou jutjats, dos m\u00e9s dels existents.<br \/>La consellera de Just\u00edcia destaca que aquest projecte \u00abmira al futur\u00bb i que ajudar\u00e0 a \u00abdinamitzar l&#8217;economia\u00bb i \u00abgenerar ocupaci\u00f3\u00bb.<\/h3>\n<p>La consellera de Just\u00edcia, Interior i Administraci\u00f3 P\u00fablica, <strong>Gabriela Bravo<\/strong>, ha presentat aquest dijous a Alzira el projecte per a la construcci\u00f3 del nou palau de Just\u00edcia de la capital de la Ribera Alta, que donar\u00e0 servei a un partit judicial que abasta 23 municipis i una poblaci\u00f3 de Dret de 138.000 persones. Les obres del nou edifici comen\u00e7aran a la fi de 2021 i est\u00e0 previst que acaben en l&#8217;\u00faltim trimestre de 2023.<\/p>\n<p><strong>Gabriela Bravo<\/strong> ha explicat a l&#8217;alcalde de la ciutat, <strong>Diego G\u00f3mez<\/strong>, i a la comunitat jur\u00eddica d&#8217;Alzira els detalls del projecte. Aix\u00ed, <em>el nou Palau de Just\u00edcia ser\u00e0 un edifici de 10.000 metres quadrats que s&#8217;al\u00e7ar\u00e0 en una parcel\u00b7la de 4.800 metres quadrats cedida per l&#8217;Ajuntament i situada al final de l&#8217;avinguda Luis S\u00fa\u00f1er de la capital de la Ribera Alta. Tindr\u00e0 un cost estimat de 15,6 milions d&#8217;euros.<\/em><\/p>\n<p>Els nous jutjats comptaran amb cinc plantes i un soterrani amb capacitat per a 69 places d&#8217;aparcament per al personal i 56 de rotaci\u00f3 per a persones usu\u00e0ries.<\/p>\n<p><strong>L&#8217;edifici podr\u00e0 albergar a m\u00e9s de 900 persones di\u00e0riament<\/strong>, uns 200 professionals i 700 usuaris i usu\u00e0ries. <strong>Tindr\u00e0 41 sales per a diferents usos i 49 despatxos.<\/strong> Totes les depend\u00e8ncies d&#8217;\u00fas administratiu comptaran amb llum natural &#8211;<em>no ocorre aix\u00ed en l&#8217;actual edifici<\/em>&#8211; <strong>i estar\u00e0 dotat amb els m\u00e9s moderns sistemes de seguretat i confort t\u00e8rmic, a m\u00e9s de que ser\u00e0 completament sostenible.<\/strong><\/p>\n<p>En la planta baixa estar\u00e0 el Registre Civil i la sala de noces. Tamb\u00e9 se situaran ac\u00ed les sales de vistes amb zones separades per a persones detingudes i v\u00edctimes, el jutjat de gu\u00e0rdia, amb acc\u00e9s independent, i els espais per a advocats, advocades, procuradors i procuradores.<\/p>\n<p>En la resta de les plantes se situaran els set jutjats ja existents i<strong> s&#8217;ha reservat espai per a altres nous \u00f2rgans judicials<\/strong>, entre ells l&#8217;especialitzat en <em>Viol\u00e8ncia de G\u00e8nere<\/em>, la creaci\u00f3 del qual ja s&#8217;ha sol\u00b7licitat al Ministeri de Just\u00edcia.<\/p>\n<p>Tamb\u00e9 es disposar\u00e0 d&#8217;espai per a <em>la Fiscalia<\/em>, <em>l&#8217;Oficina d&#8217;Assist\u00e8ncia a les V\u00edctimes<\/em>, <em>l&#8217;Institut de Medicina Legal<\/em>, <em>la Unitat de Valoraci\u00f3 Forense amb cambra Gesell<\/em> i <em>la Unitat de Valoraci\u00f3 Integral Forense<\/em>.<\/p>\n<p>Tal com ha explicat Gabriela Bravo, amb el nou Palau de Just\u00edcia d&#8217;Alzira <em>\u00abes donar\u00e0 resposta a una reivindicaci\u00f3 hist\u00f2rica i, a m\u00e9s, se solucionar\u00e0 el problema de la dispersi\u00f3 de les seus judicials\u00bb<\/em>. Per a consellera, aquest \u00e9s un edifici <em>\u00abque mira al futur\u00bb<\/em> perqu\u00e8 <em>\u00abs&#8217;ha previst la possible ampliaci\u00f3\u00bb<\/em> de la planta judicial.<\/p>\n<p>A m\u00e9s, Bravo ha destacat que la confecci\u00f3 del projecte ha sigut<em> \u00abun exemple de col\u00b7laboraci\u00f3 entre institucions\u00bb<\/em>, ja que la Conselleria de Just\u00edcia i l&#8217;Ajuntament d&#8217;Alzira <em>\u00abhan treballat de manera coordinada i en permanent contacte\u00bb<\/em> per a prendre les decisions.<\/p>\n<p>En aquest sentit, la consellera de Just\u00edcia tamb\u00e9 ha destacat que, malgrat la incertesa provocada per la pand\u00e8mia de la COVID-19, <strong>\u00abno pararem els nostres projectes\u00bb<\/strong> perqu\u00e8 <strong>\u00abara m\u00e9s que mai, necessitem dinamitzar la nostra economia, traure obra p\u00fablica, generar ocupaci\u00f3 i continuar avan\u00e7ant\u00bb<\/strong>.<\/p>\n<p>En l&#8217;actualitat, els set jutjats de primera inst\u00e0ncia i instrucci\u00f3, aix\u00ed com la resta dels serveis de l&#8217;Administraci\u00f3 de Just\u00edcia del partit d&#8217;Alzira, es reparteixen entre tres locals diferents. La pand\u00e8mia de COVID-19, a m\u00e9s, ha agreujat els problemes de falta d&#8217;espai per la necessitat de control d&#8217;aforaments. Per aqueixa ra\u00f3, s&#8217;estan buscant espais per a habilitar una sala de vistes i el trasllat d&#8217;un jutjat com a soluci\u00f3 provisional mentre es construeix el nou edifici.<\/p>\n<p>A m\u00e9s, es continuar\u00e0 millorant les dotacions tecnol\u00f2giques dels jutjats d&#8217;Alzira ja que el pr\u00f2xim 8 de febrer s&#8217;iniciar\u00e0 la instal\u00b7laci\u00f3 del sistema d&#8217;enregistrament Aurea en un proc\u00e9s que durar\u00e0 10 dies. El nou sistema permetr\u00e0 la presentaci\u00f3 de documents digitals, la celebraci\u00f3 de televistas i el seu seguiment a trav\u00e9s de la Seu Judicial Electr\u00f2nica.<\/p>\n<\/li>\n<\/ul>\n<p><img fetchpriority=\"high\" decoding=\"async\" class=\" size-full wp-image-53041\" style=\"display: block; margin-left: auto; margin-right: auto;\" src=\"https:\/\/alzira.es\/wp-content\/uploads\/2020\/12\/presentacio_palau_justicia_1.jpeg\" alt=\"presentacio palau justicia 1\" width=\"1000\" height=\"785\" srcset=\"https:\/\/alzira.es\/wp-content\/uploads\/2020\/12\/presentacio_palau_justicia_1.jpeg 1600w, https:\/\/alzira.es\/wp-content\/uploads\/2020\/12\/presentacio_palau_justicia_1-680x534.jpeg 680w, https:\/\/alzira.es\/wp-content\/uploads\/2020\/12\/presentacio_palau_justicia_1-1366x1072.jpeg 1366w, https:\/\/alzira.es\/wp-content\/uploads\/2020\/12\/presentacio_palau_justicia_1-768x603.jpeg 768w, https:\/\/alzira.es\/wp-content\/uploads\/2020\/12\/presentacio_palau_justicia_1-1536x1206.jpeg 1536w\" sizes=\"(max-width: 706px) 89vw, (max-width: 767px) 82vw, 740px\" \/><\/p>\n<p style=\"text-align: center;\"><img decoding=\"async\" class=\"size-full wp-image-53043 lazyload\" data-src=\"https:\/\/alzira.es\/wp-content\/uploads\/2020\/12\/presentacio_palau_justicia_3.jpeg\" alt=\"presentacio palau justicia 3\" width=\"500\" height=\"328\" data-srcset=\"https:\/\/alzira.es\/wp-content\/uploads\/2020\/12\/presentacio_palau_justicia_3.jpeg 1600w, https:\/\/alzira.es\/wp-content\/uploads\/2020\/12\/presentacio_palau_justicia_3-680x446.jpeg 680w, https:\/\/alzira.es\/wp-content\/uploads\/2020\/12\/presentacio_palau_justicia_3-1430x938.jpeg 1430w, https:\/\/alzira.es\/wp-content\/uploads\/2020\/12\/presentacio_palau_justicia_3-768x504.jpeg 768w, https:\/\/alzira.es\/wp-content\/uploads\/2020\/12\/presentacio_palau_justicia_3-1536x1008.jpeg 1536w\" data-sizes=\"(max-width: 500px) 100vw, 500px\" src=\"data:image\/svg+xml;base64,PHN2ZyB3aWR0aD0iMSIgaGVpZ2h0PSIxIiB4bWxucz0iaHR0cDovL3d3dy53My5vcmcvMjAwMC9zdmciPjwvc3ZnPg==\" style=\"--smush-placeholder-width: 500px; --smush-placeholder-aspect-ratio: 500\/328;\" \/><img decoding=\"async\" class=\"size-full wp-image-53045 lazyload\" data-src=\"https:\/\/alzira.es\/wp-content\/uploads\/2020\/12\/presentacio_palau_justicia_6.jpeg\" alt=\"presentacio palau justicia 6\" width=\"500\" height=\"377\" data-srcset=\"https:\/\/alzira.es\/wp-content\/uploads\/2020\/12\/presentacio_palau_justicia_6.jpeg 1600w, https:\/\/alzira.es\/wp-content\/uploads\/2020\/12\/presentacio_palau_justicia_6-680x513.jpeg 680w, https:\/\/alzira.es\/wp-content\/uploads\/2020\/12\/presentacio_palau_justicia_6-1422x1072.jpeg 1422w, https:\/\/alzira.es\/wp-content\/uploads\/2020\/12\/presentacio_palau_justicia_6-768x579.jpeg 768w, https:\/\/alzira.es\/wp-content\/uploads\/2020\/12\/presentacio_palau_justicia_6-1536x1158.jpeg 1536w\" data-sizes=\"(max-width: 500px) 100vw, 500px\" src=\"data:image\/svg+xml;base64,PHN2ZyB3aWR0aD0iMSIgaGVpZ2h0PSIxIiB4bWxucz0iaHR0cDovL3d3dy53My5vcmcvMjAwMC9zdmciPjwvc3ZnPg==\" style=\"--smush-placeholder-width: 500px; --smush-placeholder-aspect-ratio: 500\/377;\" \/><\/p>\n","protected":false},"excerpt":{"rendered":"<p>L&#8217;edifici de 10.000 metres quadrats, repartits en cinc plantes m\u00e9s aparcament, se situar\u00e0 en l&#8217;avinguda Luis S\u00fa\u00f1er i podr\u00e0 albergar nou jutjats, dos m\u00e9s dels existents.La consellera de Just\u00edcia destaca que aquest projecte \u00abmira al futur\u00bb i que ajudar\u00e0 a \u00abdinamitzar l&#8217;economia\u00bb i \u00abgenerar ocupaci\u00f3\u00bb. La consellera de Just\u00edcia, Interior i Administraci\u00f3 P\u00fablica, Gabriela Bravo, &hellip; <\/p>\n<p class=\"link-more\"><a href=\"https:\/\/alzira.es\/es\/bravo-presenta-el-nuevo-palacio-de-justicia-de-alzira-que-se-preve-que-este-terminado-a-finales-de-2023-tras-una-inversion-de-15-6-millones-2\/\" class=\"more-link\">Continuar leyendo<span class=\"screen-reader-text\"> \u00abBravo presenta el nou palau de Just\u00edcia d&#8217;Alzira que es preveu que estiga acabat a la fi de 2023 despr\u00e9s d&#8217;una inversi\u00f3 de 15,6 milions\u00bb<\/span><\/a><\/p>\n","protected":false},"author":29,"featured_media":53041,"comment_status":"","ping_status":"","sticky":false,"template":"","format":"standard","meta":{"_acf_changed":false,"footnotes":""},"categories":[],"tags":[],"class_list":["post-53048","post","type-post","status-publish","format-standard","has-post-thumbnail","hentry"],"acf":[],"_links":{"self":[{"href":"https:\/\/alzira.es\/es\/wp-json\/wp\/v2\/posts\/53048","targetHints":{"allow":["GET"]}}],"collection":[{"href":"https:\/\/alzira.es\/es\/wp-json\/wp\/v2\/posts"}],"about":[{"href":"https:\/\/alzira.es\/es\/wp-json\/wp\/v2\/types\/post"}],"author":[{"embeddable":true,"href":"https:\/\/alzira.es\/es\/wp-json\/wp\/v2\/users\/29"}],"replies":[{"embeddable":true,"href":"https:\/\/alzira.es\/es\/wp-json\/wp\/v2\/comments?post=53048"}],"version-history":[{"count":0,"href":"https:\/\/alzira.es\/es\/wp-json\/wp\/v2\/posts\/53048\/revisions"}],"wp:featuredmedia":[{"embeddable":true,"href":"https:\/\/alzira.es\/es\/wp-json\/wp\/v2\/media\/53041"}],"wp:attachment":[{"href":"https:\/\/alzira.es\/es\/wp-json\/wp\/v2\/media?parent=53048"}],"wp:term":[{"taxonomy":"category","embeddable":true,"href":"https:\/\/alzira.es\/es\/wp-json\/wp\/v2\/categories?post=53048"},{"taxonomy":"post_tag","embeddable":true,"href":"https:\/\/alzira.es\/es\/wp-json\/wp\/v2\/tags?post=53048"}],"curies":[{"name":"wp","href":"https:\/\/api.w.org\/{rel}","templated":true}]}}