{"id":53047,"date":"2020-12-17T13:12:16","date_gmt":"2020-12-17T12:12:16","guid":{"rendered":"https:\/\/alzira.es\/bravo-presenta-el-nuevo-palacio-de-justicia-de-alzira-que-se-preve-que-este-terminado-a-finales-de-2023-tras-una-inversion-de-15-6-millones\/"},"modified":"2020-12-17T13:12:16","modified_gmt":"2020-12-17T12:12:16","slug":"bravo-presenta-el-nuevo-palacio-de-justicia-de-alzira-que-se-preve-que-este-terminado-a-finales-de-2023-tras-una-inversion-de-15-6-millones","status":"publish","type":"post","link":"https:\/\/alzira.es\/es\/bravo-presenta-el-nuevo-palacio-de-justicia-de-alzira-que-se-preve-que-este-terminado-a-finales-de-2023-tras-una-inversion-de-15-6-millones\/","title":{"rendered":"Bravo presenta el nuevo palacio de Justicia de Alzira que se prev\u00e9 que est\u00e9 terminado a finales de 2023 tras una inversi\u00f3n de 15,6 millones"},"content":{"rendered":"<ul style=\"list-style-type: circle;\">\n<li>\n<h3>El edificio de 10.000 metros cuadrados, repartidos en cinco plantas m\u00e1s aparcamiento, se ubicar\u00e1 en la avenida Luis S\u00fa\u00f1er y podr\u00e1 albergar nueve juzgados, dos m\u00e1s de los existentes.<\/h3>\n<\/li>\n<li>\n<h3>La consellera de Justicia destaca que este proyecto \u00abmira al futuro\u00bb y que ayudar\u00e1 a \u00abdinamizar la econom\u00eda\u00bb y \u00abgenerar empleo\u00bb.<\/h3>\n<\/li>\n<\/ul>\n<p>&nbsp;La consellera de Justicia, Interior y Administraci\u00f3n P\u00fablica, <strong>Gabriela Bravo<\/strong>, ha presentado este jueves en Alzira el proyecto para la construcci\u00f3n del nuevo palacio de Justicia de la capital de la Ribera Alta, que dar\u00e1 servicio a un partido judicial que abarca 23 municipios y una poblaci\u00f3n de Derecho de 138.000 personas. Las obras del nuevo edificio empezar\u00e1n a finales de 2021 y est\u00e1 previsto que terminen en el \u00faltimo trimestre de 2023.<\/p>\n<p><strong>Gabriela Bravo<\/strong> ha explicado al alcalde de la ciudad, <strong>Diego G\u00f3mez<\/strong>, y a la comunidad jur\u00eddica de Alzira los detalles del proyecto. As\u00ed, <em>el nuevo Palacio de Justicia ser\u00e1 un edificio de 10.000 metros cuadrados que se levantar\u00e1 en una parcela de 4.800 metros cuadrados cedida por el Ayuntamiento y ubicada al final de la avenida Luis S\u00fa\u00f1er de la capital de la Ribera Alta. Tendr\u00e1 un coste estimado de 15,6 millones de euros<\/em>.<\/p>\n<p>Los nuevos juzgados contar\u00e1n con cinco plantas y un s\u00f3tano con capacidad para 69 plazas de aparcamiento para el personal y 56 de rotaci\u00f3n para personas usuarias.<\/p>\n<p><strong>El edificio podr\u00e1 albergar a m\u00e1s de 900 personas a diario<\/strong>, unos 200 profesionales y 700 usuarios y usuarias. <strong>Tendr\u00e1 41 salas para distintos usos y 49 despachos<\/strong>. Todas las dependencias de uso administrativo contar\u00e1n con luz natural &#8211;<em>no ocurre as\u00ed en el actual edificio<\/em>&#8211; y <strong>estar\u00e1 dotado con los m\u00e1s modernos sistemas de seguridad y confort t\u00e9rmico<\/strong>, <strong>adem\u00e1s de que ser\u00e1 completamente sostenible<\/strong>.<\/p>\n<p>En la planta baja estar\u00e1 el Registro Civil y la sala de bodas. Tambi\u00e9n se ubicar\u00e1n ah\u00ed las salas de vistas con zonas separadas para personas detenidas y v\u00edctimas, el juzgado de guardia, con acceso independiente, y los espacios para abogados, abogadas, procuradores y procuradoras.<\/p>\n<p>En el resto de las plantas se ubicar\u00e1n los siete juzgados ya existentes y <strong>se ha reservado espacio para otros nuevos \u00f3rganos judiciales<\/strong>, entre ellos el especializado en <em>Violencia de G\u00e9nero<\/em>, cuya creaci\u00f3n ya se ha solicitado al Ministerio de Justicia.<\/p>\n<p>Tambi\u00e9n se dispondr\u00e1 de espacio para<em> la Fiscal\u00eda<\/em>,<em> la Oficina de<\/em> <em>Asistencia a las V\u00edctimas<\/em>, <em>el Instituto de Medicina Legal<\/em>, <em>la Unidad de Valoraci\u00f3n Forense con c\u00e1mara Gesell<\/em> y <em>la Unidad de Valoraci\u00f3n Integral Forense<\/em>.<\/p>\n<p>Tal y como ha explicado Gabriela Bravo, con el nuevo Palacio de Justicia de Alzira <em>\u00abse va a dar respuesta a una reivindicaci\u00f3n hist\u00f3rica y, adem\u00e1s, se va a solucionar el problema de la dispersi\u00f3n de las sedes judiciales\u00bb<\/em>. Para consellera, este es un edificio <em>\u00abque mira al futuro\u00bb<\/em> pues <em>\u00abse ha previsto la posible ampliaci\u00f3n\u00bb<\/em> de la planta judicial.<\/p>\n<p>Adem\u00e1s, Bravo ha destacado que la confecci\u00f3n del proyecto ha sido <em>\u00abun ejemplo de colaboraci\u00f3n entre instituciones\u00bb<\/em>, ya que la Conselleria de Justicia y el Ayuntamiento de Alzira <em>\u00abhan trabajado de manera coordinada y en permanente contacto\u00bb<\/em> para tomar las decisiones.<\/p>\n<p>En este sentido, la consellera de Justicia tambi\u00e9n ha destacado que, pese a la incertidumbre provocada por la pandemia de la COVID-19, <strong><em>\u00abno vamos a parar nuestros proyectos\u00bb<\/em><\/strong> porque <strong><em>\u00abahora m\u00e1s que nunca, necesitamos dinamizar nuestra econom\u00eda, sacar obra p\u00fablica, generar empleo y seguir avanzando\u00bb<\/em><\/strong>.<\/p>\n<p>En la actualidad, los siete juzgados de primera instancia e instrucci\u00f3n, as\u00ed como el resto de los servicios de la Administraci\u00f3n de Justicia del partido de Alzira, se reparten entre tres locales diferentes. La pandemia de COVID-19, adem\u00e1s, ha agravado los problemas de falta de espacio por la necesidad de control de aforos. Por esa raz\u00f3n, se est\u00e1n buscando espacios para habilitar una sala de vistas y el traslado de un juzgado como soluci\u00f3n provisional mientras se construye el nuevo edificio.<\/p>\n<p>Adem\u00e1s, se va a seguir mejorando las dotaciones tecnol\u00f3gicas de los juzgados de Alzira ya que el pr\u00f3ximo 8 de febrero se iniciar\u00e1 la instalaci\u00f3n del sistema de grabaci\u00f3n Aurea en un proceso que durar\u00e1 10 d\u00edas. El nuevo sistema permitir\u00e1 la presentaci\u00f3n de documentos digitales, la celebraci\u00f3n de televistas y su seguimiento a trav\u00e9s de la Sede Judicial Electr\u00f3nica.<\/p>\n<p><img fetchpriority=\"high\" decoding=\"async\" class=\" size-full wp-image-53041\" style=\"display: block; margin-left: auto; margin-right: auto;\" src=\"https:\/\/alzira.es\/wp-content\/uploads\/2020\/12\/presentacio_palau_justicia_1.jpeg\" alt=\"presentacio palau justicia 1\" width=\"1000\" height=\"785\" srcset=\"https:\/\/alzira.es\/wp-content\/uploads\/2020\/12\/presentacio_palau_justicia_1.jpeg 1600w, https:\/\/alzira.es\/wp-content\/uploads\/2020\/12\/presentacio_palau_justicia_1-680x534.jpeg 680w, https:\/\/alzira.es\/wp-content\/uploads\/2020\/12\/presentacio_palau_justicia_1-1366x1072.jpeg 1366w, https:\/\/alzira.es\/wp-content\/uploads\/2020\/12\/presentacio_palau_justicia_1-768x603.jpeg 768w, https:\/\/alzira.es\/wp-content\/uploads\/2020\/12\/presentacio_palau_justicia_1-1536x1206.jpeg 1536w\" sizes=\"(max-width: 706px) 89vw, (max-width: 767px) 82vw, 740px\" \/><\/p>\n<p style=\"text-align: center;\"><img decoding=\"async\" class=\"size-full wp-image-53043 lazyload\" data-src=\"https:\/\/alzira.es\/wp-content\/uploads\/2020\/12\/presentacio_palau_justicia_3.jpeg\" alt=\"presentacio palau justicia 3\" width=\"500\" height=\"328\" data-srcset=\"https:\/\/alzira.es\/wp-content\/uploads\/2020\/12\/presentacio_palau_justicia_3.jpeg 1600w, https:\/\/alzira.es\/wp-content\/uploads\/2020\/12\/presentacio_palau_justicia_3-680x446.jpeg 680w, https:\/\/alzira.es\/wp-content\/uploads\/2020\/12\/presentacio_palau_justicia_3-1430x938.jpeg 1430w, https:\/\/alzira.es\/wp-content\/uploads\/2020\/12\/presentacio_palau_justicia_3-768x504.jpeg 768w, https:\/\/alzira.es\/wp-content\/uploads\/2020\/12\/presentacio_palau_justicia_3-1536x1008.jpeg 1536w\" data-sizes=\"(max-width: 500px) 100vw, 500px\" src=\"data:image\/svg+xml;base64,PHN2ZyB3aWR0aD0iMSIgaGVpZ2h0PSIxIiB4bWxucz0iaHR0cDovL3d3dy53My5vcmcvMjAwMC9zdmciPjwvc3ZnPg==\" style=\"--smush-placeholder-width: 500px; --smush-placeholder-aspect-ratio: 500\/328;\" \/><img decoding=\"async\" class=\"size-full wp-image-53045 lazyload\" data-src=\"https:\/\/alzira.es\/wp-content\/uploads\/2020\/12\/presentacio_palau_justicia_6.jpeg\" alt=\"presentacio palau justicia 6\" width=\"500\" height=\"377\" data-srcset=\"https:\/\/alzira.es\/wp-content\/uploads\/2020\/12\/presentacio_palau_justicia_6.jpeg 1600w, https:\/\/alzira.es\/wp-content\/uploads\/2020\/12\/presentacio_palau_justicia_6-680x513.jpeg 680w, https:\/\/alzira.es\/wp-content\/uploads\/2020\/12\/presentacio_palau_justicia_6-1422x1072.jpeg 1422w, https:\/\/alzira.es\/wp-content\/uploads\/2020\/12\/presentacio_palau_justicia_6-768x579.jpeg 768w, https:\/\/alzira.es\/wp-content\/uploads\/2020\/12\/presentacio_palau_justicia_6-1536x1158.jpeg 1536w\" data-sizes=\"(max-width: 500px) 100vw, 500px\" src=\"data:image\/svg+xml;base64,PHN2ZyB3aWR0aD0iMSIgaGVpZ2h0PSIxIiB4bWxucz0iaHR0cDovL3d3dy53My5vcmcvMjAwMC9zdmciPjwvc3ZnPg==\" style=\"--smush-placeholder-width: 500px; --smush-placeholder-aspect-ratio: 500\/377;\" \/><\/p>\n","protected":false},"excerpt":{"rendered":"<p>El edificio de 10.000 metros cuadrados, repartidos en cinco plantas m\u00e1s aparcamiento, se ubicar\u00e1 en la avenida Luis S\u00fa\u00f1er y podr\u00e1 albergar nueve juzgados, dos m\u00e1s de los existentes. La consellera de Justicia destaca que este proyecto \u00abmira al futuro\u00bb y que ayudar\u00e1 a \u00abdinamizar la econom\u00eda\u00bb y \u00abgenerar empleo\u00bb. &nbsp;La consellera de Justicia, Interior &hellip; <\/p>\n<p class=\"link-more\"><a href=\"https:\/\/alzira.es\/es\/bravo-presenta-el-nuevo-palacio-de-justicia-de-alzira-que-se-preve-que-este-terminado-a-finales-de-2023-tras-una-inversion-de-15-6-millones\/\" class=\"more-link\">Continuar leyendo<span class=\"screen-reader-text\"> \u00abBravo presenta el nuevo palacio de Justicia de Alzira que se prev\u00e9 que est\u00e9 terminado a finales de 2023 tras una inversi\u00f3n de 15,6 millones\u00bb<\/span><\/a><\/p>\n","protected":false},"author":29,"featured_media":53041,"comment_status":"","ping_status":"","sticky":false,"template":"","format":"standard","meta":{"_acf_changed":false,"footnotes":""},"categories":[4936],"tags":[],"class_list":["post-53047","post","type-post","status-publish","format-standard","has-post-thumbnail","hentry","category-hemeroteca-es"],"acf":[],"_links":{"self":[{"href":"https:\/\/alzira.es\/es\/wp-json\/wp\/v2\/posts\/53047","targetHints":{"allow":["GET"]}}],"collection":[{"href":"https:\/\/alzira.es\/es\/wp-json\/wp\/v2\/posts"}],"about":[{"href":"https:\/\/alzira.es\/es\/wp-json\/wp\/v2\/types\/post"}],"author":[{"embeddable":true,"href":"https:\/\/alzira.es\/es\/wp-json\/wp\/v2\/users\/29"}],"replies":[{"embeddable":true,"href":"https:\/\/alzira.es\/es\/wp-json\/wp\/v2\/comments?post=53047"}],"version-history":[{"count":0,"href":"https:\/\/alzira.es\/es\/wp-json\/wp\/v2\/posts\/53047\/revisions"}],"wp:featuredmedia":[{"embeddable":true,"href":"https:\/\/alzira.es\/es\/wp-json\/wp\/v2\/media\/53041"}],"wp:attachment":[{"href":"https:\/\/alzira.es\/es\/wp-json\/wp\/v2\/media?parent=53047"}],"wp:term":[{"taxonomy":"category","embeddable":true,"href":"https:\/\/alzira.es\/es\/wp-json\/wp\/v2\/categories?post=53047"},{"taxonomy":"post_tag","embeddable":true,"href":"https:\/\/alzira.es\/es\/wp-json\/wp\/v2\/tags?post=53047"}],"curies":[{"name":"wp","href":"https:\/\/api.w.org\/{rel}","templated":true}]}}