{"id":53022,"date":"2020-12-17T10:42:43","date_gmt":"2020-12-17T09:42:43","guid":{"rendered":"https:\/\/alzira.es\/alzira-compta-amb-informadores-civiques-per-a-apropar-al-ciutada-les-diverses-campanyes-impul-sades-des-de-la-regidoria-de-servies-urbans\/"},"modified":"2020-12-17T10:42:43","modified_gmt":"2020-12-17T09:42:43","slug":"alzira-compta-amb-informadores-civiques-per-a-apropar-al-ciutada-les-diverses-campanyes-impul-sades-des-de-la-regidoria-de-servies-urbans","status":"publish","type":"post","link":"https:\/\/alzira.es\/es\/alzira-compta-amb-informadores-civiques-per-a-apropar-al-ciutada-les-diverses-campanyes-impul-sades-des-de-la-regidoria-de-servies-urbans\/","title":{"rendered":"Alzira cuenta con informadoras c\u00edvicas para acercar al ciudadano las diversas campa\u00f1as impulsadas desde la Concejal\u00eda de Servicios Urbanos"},"content":{"rendered":"<p>El Ayuntamiento de Alzira, desde la Concejal\u00eda de Servicios Urbanos, pone en marcha la acci\u00f3n de las informadoras c\u00edvicas por toda la ciudad. Esta ma\u00f1ana se ha presentado en la plaza de la Generalitat al personal encargado de desarrollar las sucesivas campa\u00f1as.<\/p>\n<p>Alzira se ha dividido en tres sectores que ir\u00e1n recibiendo la visita de las informadoras, que provienen del programa E-Covid impulsado por la Generalitat Valenciana.<br \/><em>\u00abEl equipo se complementa con seis personas m\u00e1s que se encargar\u00e1n de desinfectar y limpiar todo el mobiliario urbano para mantener en condiciones higi\u00e9nicas elementos como: contenedores, papeleras, bancos, juegos infantiles&#8230;\u00bb<\/em>, seg\u00fan el regidor del \u00e1rea, <strong>Fernando Pascual<\/strong>.<\/p>\n<p>Esta actividad se alargar\u00e1 hasta el pr\u00f3ximo mes de junio, por lo tanto a lo largo de estos meses las informadoras enterar\u00e1n en la poblaci\u00f3n de varias campa\u00f1as.<br \/>La primera gira en torno al Covid-19, a la que seguir\u00e1n otras como la apertura de la nueva oficina de la OMIC.<\/p>\n<p><strong>Amo format, gos educat<\/strong>, para concienciar a los propietarios de mascotas que el entorno urbano no es el lugar donde dejar los excrementos.<\/p>\n<p><strong>Arrepleguem<\/strong>, consistente en la utilizaci\u00f3n de un n\u00famero de tel\u00e9fono donde solicitar que pasen por nuestro domicilio para retirar los trastos que ya no nos son \u00fatiles.<br \/>Tasa del tratamiento de la basura.<\/p>\n<p><strong>Campa\u00f1a de reciclaje<\/strong>, para concienciar en la poblaci\u00f3n en la necesidad de utilizar el Ecoparque, con el correspondiente beneficio medio ambiental y econ\u00f3mico, puesto que cuanto m\u00e1s reciclamos menos pagamos en nuestro recibo.<\/p>\n<p><strong>Beu aigua de l&#8217;aixeta<\/strong>, desde hace meses el agua que nos llega a nuestros hogares es totalmente apta para el consumo humano, lo cual nos puede ayudar a reducir considerablement el gasto anual en consumo de agua embotellada.<\/p>\n<p><em>\u00abLa colaboraci\u00f3n de todas y todos es esencial para que estas campa\u00f1as de informaci\u00f3n tengan una importante repercusi\u00f3n, puesto que en definitiva el que perseguimos es marcar unas pautas de convivencia, buen consumo, y animar a la ciudadan\u00eda a no bajar la guardia en ning\u00fan momento para seguir haci\u00e9ndole frente a la Covid-19\u00bb<\/em>, seg\u00fan <strong>Fernando Pascual<\/strong>.<\/p>\n<p><img fetchpriority=\"high\" decoding=\"async\" class=\" size-full wp-image-53016\" style=\"display: block; margin-left: auto; margin-right: auto;\" src=\"https:\/\/alzira.es\/wp-content\/uploads\/2020\/12\/20201217_093336-min.jpg\" alt=\"20201217 093336-min\" width=\"1000\" height=\"450\" \/><\/p>\n<p style=\"text-align: center;\"><img decoding=\"async\" class=\"size-full wp-image-53018 lazyload\" data-src=\"https:\/\/alzira.es\/wp-content\/uploads\/2020\/12\/20201217_093522-min.jpg\" alt=\"20201217 093522-min\" width=\"500\" height=\"225\" src=\"data:image\/svg+xml;base64,PHN2ZyB3aWR0aD0iMSIgaGVpZ2h0PSIxIiB4bWxucz0iaHR0cDovL3d3dy53My5vcmcvMjAwMC9zdmciPjwvc3ZnPg==\" style=\"--smush-placeholder-width: 500px; --smush-placeholder-aspect-ratio: 500\/225;\" \/>&nbsp;<img decoding=\"async\" class=\"size-full wp-image-53020 lazyload\" data-src=\"https:\/\/alzira.es\/wp-content\/uploads\/2020\/12\/20201217_093723-min.jpg\" alt=\"20201217 093723-min\" width=\"500\" height=\"225\" src=\"data:image\/svg+xml;base64,PHN2ZyB3aWR0aD0iMSIgaGVpZ2h0PSIxIiB4bWxucz0iaHR0cDovL3d3dy53My5vcmcvMjAwMC9zdmciPjwvc3ZnPg==\" style=\"--smush-placeholder-width: 500px; --smush-placeholder-aspect-ratio: 500\/225;\" \/><\/p>\n<p>&nbsp;&nbsp;<\/p>\n","protected":false},"excerpt":{"rendered":"<p>El Ayuntamiento de Alzira, desde la Concejal\u00eda de Servicios Urbanos, pone en marcha la acci\u00f3n de las informadoras c\u00edvicas por toda la ciudad. Esta ma\u00f1ana se ha presentado en la plaza de la Generalitat al personal encargado de desarrollar las sucesivas campa\u00f1as. Alzira se ha dividido en tres sectores que ir\u00e1n recibiendo la visita de &hellip; <\/p>\n<p class=\"link-more\"><a href=\"https:\/\/alzira.es\/es\/alzira-compta-amb-informadores-civiques-per-a-apropar-al-ciutada-les-diverses-campanyes-impul-sades-des-de-la-regidoria-de-servies-urbans\/\" class=\"more-link\">Continuar leyendo<span class=\"screen-reader-text\"> \u00abAlzira cuenta con informadoras c\u00edvicas para acercar al ciudadano las diversas campa\u00f1as impulsadas desde la Concejal\u00eda de Servicios Urbanos\u00bb<\/span><\/a><\/p>\n","protected":false},"author":29,"featured_media":53016,"comment_status":"","ping_status":"","sticky":false,"template":"","format":"standard","meta":{"_acf_changed":false,"footnotes":""},"categories":[4936],"tags":[],"class_list":["post-53022","post","type-post","status-publish","format-standard","has-post-thumbnail","hentry","category-hemeroteca-es"],"acf":[],"_links":{"self":[{"href":"https:\/\/alzira.es\/es\/wp-json\/wp\/v2\/posts\/53022","targetHints":{"allow":["GET"]}}],"collection":[{"href":"https:\/\/alzira.es\/es\/wp-json\/wp\/v2\/posts"}],"about":[{"href":"https:\/\/alzira.es\/es\/wp-json\/wp\/v2\/types\/post"}],"author":[{"embeddable":true,"href":"https:\/\/alzira.es\/es\/wp-json\/wp\/v2\/users\/29"}],"replies":[{"embeddable":true,"href":"https:\/\/alzira.es\/es\/wp-json\/wp\/v2\/comments?post=53022"}],"version-history":[{"count":0,"href":"https:\/\/alzira.es\/es\/wp-json\/wp\/v2\/posts\/53022\/revisions"}],"wp:featuredmedia":[{"embeddable":true,"href":"https:\/\/alzira.es\/es\/wp-json\/wp\/v2\/media\/53016"}],"wp:attachment":[{"href":"https:\/\/alzira.es\/es\/wp-json\/wp\/v2\/media?parent=53022"}],"wp:term":[{"taxonomy":"category","embeddable":true,"href":"https:\/\/alzira.es\/es\/wp-json\/wp\/v2\/categories?post=53022"},{"taxonomy":"post_tag","embeddable":true,"href":"https:\/\/alzira.es\/es\/wp-json\/wp\/v2\/tags?post=53022"}],"curies":[{"name":"wp","href":"https:\/\/api.w.org\/{rel}","templated":true}]}}