{"id":52983,"date":"2020-12-17T09:36:32","date_gmt":"2020-12-17T08:36:32","guid":{"rendered":"https:\/\/alzira.es\/turisme-instal-la-dos-anamorfosis-a-la-placa-major-amb-dos-edificacions-emblematiques-de-la-ciutat-i-un-marcat-sabor-nadalenc-2\/"},"modified":"2020-12-17T09:36:32","modified_gmt":"2020-12-17T08:36:32","slug":"turisme-instal-la-dos-anamorfosis-a-la-placa-major-amb-dos-edificacions-emblematiques-de-la-ciutat-i-un-marcat-sabor-nadalenc-2","status":"publish","type":"post","link":"https:\/\/alzira.es\/es\/turisme-instal-la-dos-anamorfosis-a-la-placa-major-amb-dos-edificacions-emblematiques-de-la-ciutat-i-un-marcat-sabor-nadalenc-2\/","title":{"rendered":"Turisme instal\u2022la dos anamorfosis a la pla\u00e7a Major amb dos edificacions emblem\u00e0tiques de la ciutat i un marcat sabor nadalenc"},"content":{"rendered":"<p>La Regidoria de Turisme de<strong> l&#8217;Ajuntament d&#8217;Alzira instal\u2022lar\u00e0 des del 18 de desembre i fins al 6 de gener de 2021 dos anamorfosis a la pla\u00e7a Major.<\/strong><\/p>\n<p>Travessem un Nadal at\u00edpic com a conseq\u00fc\u00e8ncia de les restriccions sanit\u00e0ries per a fer front a la pand\u00e8mia de la Covid-19. Estes restriccions han impossibilitat la realitzaci\u00f3 del Mercat Nadalenc que des d&#8217;esta Regidoria b\u00e9 impulsant-se des de fa uns anys, no obstant aix\u00f2 i seguint totes les mesures establides podrem realitzar-nos dos fotos en les divertides anamorfosis, realitzades pel <em>fot\u00f2graf alzireny<\/em><strong> V\u00edctor Balaguer<\/strong>, que s&#8217;inauguraran el divendres 18 de desembre a la vesprada.<\/p>\n<p><em>\u00abS\u00f3n dos instant\u00e0nies amb motius nadalencs, per\u00f2 que compten amb dos dels llocs m\u00e9s importants pel que fa a la qualificaci\u00f3 patrimonial i tur\u00edstica de la nostra ciutat\u00bb<\/em>, ha aclarit la regidora de l&#8217;\u00e0rea de Turisme,<strong> Isabel Aguilar<\/strong>, qui tamb\u00e9 t\u00e9 la responsa-bilitat de dur endavant la Regidoria de Patrimoni Cultural.<\/p>\n<p>Les fotografies, com en anys anteriors, inundaran les xarxes socials, una eina molt potent a l&#8217;hora de promocionar els elements m\u00e9s caracter\u00edstics de la ciutat. De manera desenfadada, divertida i amb marcat esperit Nadalenc podem fer aplegar part de l&#8217;ess\u00e8ncia de la nostra ciutat a qualsevol part, gr\u00e0cies a <em>Twitter<\/em>, <em>Facebook<\/em> o <em>Instagram<\/em>, entre altres, utilitzant l&#8217;etiqueta <strong>#NadalAlzira20<\/strong><\/p>\n<p>La col\u2022laboraci\u00f3 de totes i tots \u00e9s primordial per tal de difondre a trav\u00e9s de les xarxes socials els elements tur\u00edstics i patrimonials de la ciutat d&#8217;Alzira.<\/p>\n<p><img fetchpriority=\"high\" decoding=\"async\" style=\"display: block; margin-left: auto; margin-right: auto;\" src=\"contenidos\/anamorfosis.jpg\" alt=\"anamorfosis\" width=\"1000\" height=\"667\" \/><\/p>\n<p class=\"Standard\" style=\"margin-bottom: 14.0pt; text-align: justify; text-justify: inter-ideograph;\"><span style=\"font-size: 11.0pt; font-family: 'Arial','sans-serif'; color: black;\" lang=\"CA\">Alzira, 17 de desembre de 2020.- La Regidoria de Turisme de l\u2019Ajuntament d\u2019Alzira instal\u00b7lar\u00e0 des del 18 de desembre i fins al 6 de gener de 2021 dos anamorfosis a la pla\u00e7a Major.<\/span><\/p>\n<p class=\"Standard\" style=\"margin-bottom: 14.0pt; text-align: justify; text-justify: inter-ideograph;\"><span style=\"font-size: 11.0pt; font-family: 'Arial','sans-serif'; color: black;\" lang=\"CA\">Travessem un Nadal at\u00edpic com a conseq\u00fc\u00e8ncia de les restriccions sanit\u00e0ries per a fer front a la pand\u00e8mia de la Covid-19. Estes restriccions han impossibilitat la realitzaci\u00f3 del Mercat Nadalenc que des d\u2019esta Regidoria b\u00e9 impulsant-se des de fa uns anys, no obstant aix\u00f2 i seguint totes les mesures establides podrem realitzar-nos dos fotos en les divertides anamorfosis, realitzades pel fot\u00f2graf alzireny V\u00edctor Balaguer, que s\u2019inauguraran el divendres 18 de desembre a la vesprada.<\/span><\/p>\n<p class=\"Standard\" style=\"margin-bottom: 14.0pt; text-align: justify; text-justify: inter-ideograph;\"><span style=\"font-size: 11.0pt; font-family: 'Arial','sans-serif'; color: black;\" lang=\"CA\">\u00abS\u00f3n dos instant\u00e0nies amb motius nadalencs, per\u00f2 que compten amb dos dels llocs m\u00e9s importants pel que fa a la qualificaci\u00f3 patrimonial i tur\u00edstica de la nostra ciutat\u00bb, ha aclarit la regidora de l\u2019\u00e0rea de Turisme, Isabel Aguilar, qui tamb\u00e9 t\u00e9 la responsabilitat de dur endavant la Regidoria de Patrimoni Cultural.<\/span><\/p>\n<p class=\"Standard\" style=\"margin-bottom: 14.0pt; text-align: justify; text-justify: inter-ideograph;\"><span style=\"font-size: 11.0pt; font-family: 'Arial','sans-serif'; color: black;\" lang=\"CA\">Les fotografies, com en anys anteriors, inundaran les xarxes socials, una eina molt potent a l\u2019hora de promocionar els elements m\u00e9s caracter\u00edstics de la ciutat. De manera desenfadada, divertida i amb marcat esperit Nadalenc podem fer aplegar part de l\u2019ess\u00e8ncia de la nostra ciutat a qualsevol part, gr\u00e0cies a Twitter, Facebook o Instagram, entre altres, utilitzant l\u2019etiqueta #NadalAlzira20<span style=\"mso-spacerun: yes;\">&nbsp;&nbsp; <\/span><\/span><\/p>\n<p class=\"Standard\" style=\"text-align: justify; text-justify: inter-ideograph;\"><span style=\"font-size: 11.0pt; font-family: 'Arial','sans-serif'; color: black;\" lang=\"CA\">La col\u00b7laboraci\u00f3 de totes i tots \u00e9s primordial per tal de difondre a trav\u00e9s de les xarxes socials els elements tur\u00edstics i patrimonials de la ciutat d\u2019Alzira.<\/span><\/p>\n<p>&nbsp;<\/p>\n","protected":false},"excerpt":{"rendered":"<p>La Regidoria de Turisme de l&#8217;Ajuntament d&#8217;Alzira instal\u2022lar\u00e0 des del 18 de desembre i fins al 6 de gener de 2021 dos anamorfosis a la pla\u00e7a Major. Travessem un Nadal at\u00edpic com a conseq\u00fc\u00e8ncia de les restriccions sanit\u00e0ries per a fer front a la pand\u00e8mia de la Covid-19. Estes restriccions han impossibilitat la realitzaci\u00f3 del &hellip; <\/p>\n<p class=\"link-more\"><a href=\"https:\/\/alzira.es\/es\/turisme-instal-la-dos-anamorfosis-a-la-placa-major-amb-dos-edificacions-emblematiques-de-la-ciutat-i-un-marcat-sabor-nadalenc-2\/\" class=\"more-link\">Continuar leyendo<span class=\"screen-reader-text\"> \u00abTurisme instal\u2022la dos anamorfosis a la pla\u00e7a Major amb dos edificacions emblem\u00e0tiques de la ciutat i un marcat sabor nadalenc\u00bb<\/span><\/a><\/p>\n","protected":false},"author":29,"featured_media":0,"comment_status":"","ping_status":"","sticky":false,"template":"","format":"standard","meta":{"_acf_changed":false,"footnotes":""},"categories":[],"tags":[],"class_list":["post-52983","post","type-post","status-publish","format-standard","hentry"],"acf":[],"_links":{"self":[{"href":"https:\/\/alzira.es\/es\/wp-json\/wp\/v2\/posts\/52983","targetHints":{"allow":["GET"]}}],"collection":[{"href":"https:\/\/alzira.es\/es\/wp-json\/wp\/v2\/posts"}],"about":[{"href":"https:\/\/alzira.es\/es\/wp-json\/wp\/v2\/types\/post"}],"author":[{"embeddable":true,"href":"https:\/\/alzira.es\/es\/wp-json\/wp\/v2\/users\/29"}],"replies":[{"embeddable":true,"href":"https:\/\/alzira.es\/es\/wp-json\/wp\/v2\/comments?post=52983"}],"version-history":[{"count":0,"href":"https:\/\/alzira.es\/es\/wp-json\/wp\/v2\/posts\/52983\/revisions"}],"wp:attachment":[{"href":"https:\/\/alzira.es\/es\/wp-json\/wp\/v2\/media?parent=52983"}],"wp:term":[{"taxonomy":"category","embeddable":true,"href":"https:\/\/alzira.es\/es\/wp-json\/wp\/v2\/categories?post=52983"},{"taxonomy":"post_tag","embeddable":true,"href":"https:\/\/alzira.es\/es\/wp-json\/wp\/v2\/tags?post=52983"}],"curies":[{"name":"wp","href":"https:\/\/api.w.org\/{rel}","templated":true}]}}