{"id":52982,"date":"2020-12-17T09:36:32","date_gmt":"2020-12-17T08:36:32","guid":{"rendered":"https:\/\/alzira.es\/turisme-instal-la-dos-anamorfosis-a-la-placa-major-amb-dos-edificacions-emblematiques-de-la-ciutat-i-un-marcat-sabor-nadalenc\/"},"modified":"2020-12-17T09:36:32","modified_gmt":"2020-12-17T08:36:32","slug":"turisme-instal-la-dos-anamorfosis-a-la-placa-major-amb-dos-edificacions-emblematiques-de-la-ciutat-i-un-marcat-sabor-nadalenc","status":"publish","type":"post","link":"https:\/\/alzira.es\/es\/turisme-instal-la-dos-anamorfosis-a-la-placa-major-amb-dos-edificacions-emblematiques-de-la-ciutat-i-un-marcat-sabor-nadalenc\/","title":{"rendered":"Turismo instala dos anamorfosis en la plaza Mayor con dos edificaciones emblem\u00e1ticas de la ciudad y un marcado sabor navide\u00f1o"},"content":{"rendered":"<p>La Concejal\u00eda de Turismo del <strong>Ayuntamiento de Alzira instalara desde el 18 de diciembre y hasta el 6 de enero de 2021 dos anamorfosis en la plaza Mayor<\/strong>.<\/p>\n<p>Atravesamos una Navidad at\u00edpica como consecuencia de las restricciones sanitarias para hacer frente a la pandemia de la Covid-19. Estas restricciones han imposibilitado la realizaci\u00f3n del Mercado Navide\u00f1o que desde esta Concejal\u00eda bien impuls\u00e1ndose desde hace unos a\u00f1os, sin embargo y siguiendo todas las medidas establecidas podremos realizarnos dos fotos en las divertidas anamorfosis, realizadas por el <em>fot\u00f3grafo alzire\u00f1o<\/em> <strong>V\u00edctor Balaguer<\/strong>, que se inaugurar\u00e1n el viernes 18 de diciembre por la tarde.<\/p>\n<p><em>\u00abSon dos instant\u00e1neas con motivos navide\u00f1os, pero que cuentan con dos de los lugares m\u00e1s importantes en cuanto a la calificaci\u00f3n patrimonial y tur\u00edstica de nuestra ciudad\u00bb<\/em>, ha aclarado la regidora del \u00e1rea de Turismo,<strong> Isabel Aguilar<\/strong>, quien tambi\u00e9n tiene la responsabilidad de llevar adelante la Concejal\u00eda de Patrimonio Cultural.<\/p>\n<p>Las fotograf\u00edas, como en a\u00f1os anteriores, inundar\u00e1n las redes sociales, una herramienta muy potente en la hora de promocionar los elementos m\u00e1s caracter\u00edsticos de la ciudad. De manera desenfadada, divertida y con marcado esp\u00edritu Navide\u00f1o podemos reunir parte de la esencia de nuestra ciudad a cualquier parte, gracias a <em>Twitter<\/em>, <em>Facebook<\/em> o <em>Instagram<\/em>, entre otros, utilizando el hashtag <strong>#NadalAlzira20<\/strong><\/p>\n<p>La colaboraci\u00f3n de todas y todos es primordial para difundir a trav\u00e9s de las redes sociales los elementos tur\u00edsticos y patrimoniales de la ciudad de Alzira.<\/p>\n<p><img fetchpriority=\"high\" decoding=\"async\" style=\"display: block; margin-left: auto; margin-right: auto;\" src=\"contenidos\/anamorfosis.jpg\" alt=\"anamorfosis\" width=\"1000\" height=\"667\" \/><\/p>\n<p class=\"Standard\" style=\"margin-bottom: 14.0pt; text-align: justify; text-justify: inter-ideograph;\"><span style=\"font-size: 11.0pt; font-family: 'Arial','sans-serif'; color: black;\" lang=\"CA\">&nbsp;<\/span><\/p>\n<p>&nbsp;<\/p>\n","protected":false},"excerpt":{"rendered":"<p>La Concejal\u00eda de Turismo del Ayuntamiento de Alzira instalara desde el 18 de diciembre y hasta el 6 de enero de 2021 dos anamorfosis en la plaza Mayor. Atravesamos una Navidad at\u00edpica como consecuencia de las restricciones sanitarias para hacer frente a la pandemia de la Covid-19. Estas restricciones han imposibilitado la realizaci\u00f3n del Mercado &hellip; <\/p>\n<p class=\"link-more\"><a href=\"https:\/\/alzira.es\/es\/turisme-instal-la-dos-anamorfosis-a-la-placa-major-amb-dos-edificacions-emblematiques-de-la-ciutat-i-un-marcat-sabor-nadalenc\/\" class=\"more-link\">Continuar leyendo<span class=\"screen-reader-text\"> \u00abTurismo instala dos anamorfosis en la plaza Mayor con dos edificaciones emblem\u00e1ticas de la ciudad y un marcado sabor navide\u00f1o\u00bb<\/span><\/a><\/p>\n","protected":false},"author":29,"featured_media":0,"comment_status":"","ping_status":"","sticky":false,"template":"","format":"standard","meta":{"_acf_changed":false,"footnotes":""},"categories":[4936],"tags":[],"class_list":["post-52982","post","type-post","status-publish","format-standard","hentry","category-hemeroteca-es"],"acf":[],"_links":{"self":[{"href":"https:\/\/alzira.es\/es\/wp-json\/wp\/v2\/posts\/52982","targetHints":{"allow":["GET"]}}],"collection":[{"href":"https:\/\/alzira.es\/es\/wp-json\/wp\/v2\/posts"}],"about":[{"href":"https:\/\/alzira.es\/es\/wp-json\/wp\/v2\/types\/post"}],"author":[{"embeddable":true,"href":"https:\/\/alzira.es\/es\/wp-json\/wp\/v2\/users\/29"}],"replies":[{"embeddable":true,"href":"https:\/\/alzira.es\/es\/wp-json\/wp\/v2\/comments?post=52982"}],"version-history":[{"count":0,"href":"https:\/\/alzira.es\/es\/wp-json\/wp\/v2\/posts\/52982\/revisions"}],"wp:attachment":[{"href":"https:\/\/alzira.es\/es\/wp-json\/wp\/v2\/media?parent=52982"}],"wp:term":[{"taxonomy":"category","embeddable":true,"href":"https:\/\/alzira.es\/es\/wp-json\/wp\/v2\/categories?post=52982"},{"taxonomy":"post_tag","embeddable":true,"href":"https:\/\/alzira.es\/es\/wp-json\/wp\/v2\/tags?post=52982"}],"curies":[{"name":"wp","href":"https:\/\/api.w.org\/{rel}","templated":true}]}}