{"id":52978,"date":"2020-12-16T18:00:00","date_gmt":"2020-12-16T17:00:00","guid":{"rendered":"https:\/\/alzira.es\/jornada-d-aiguees-potables\/"},"modified":"2020-12-16T18:00:00","modified_gmt":"2020-12-16T17:00:00","slug":"jornada-d-aiguees-potables","status":"publish","type":"post","link":"https:\/\/alzira.es\/es\/jornada-d-aiguees-potables\/","title":{"rendered":"Ayer se celebr\u00f3 la segunda Jornada de Aguas Potables y Residuales en la Ribera de manera telem\u00e1tica"},"content":{"rendered":"<p style=\"text-align: center;\"><span style=\"font-size: 14.4px;\"><img decoding=\"async\" class=\"size-full wp-image-52958 lazyload\" data-src=\"https:\/\/alzira.es\/wp-content\/uploads\/2020\/12\/jornada-aigua.jpg\" alt=\"jornada-aigua\" width=\"150\" height=\"150\" data-srcset=\"https:\/\/alzira.es\/wp-content\/uploads\/2020\/12\/jornada-aigua.jpg 720w, https:\/\/alzira.es\/wp-content\/uploads\/2020\/12\/jornada-aigua-680x680.jpg 680w, https:\/\/alzira.es\/wp-content\/uploads\/2020\/12\/jornada-aigua-350x350.jpg 350w, https:\/\/alzira.es\/wp-content\/uploads\/2020\/12\/jornada-aigua-300x300.jpg 300w, https:\/\/alzira.es\/wp-content\/uploads\/2020\/12\/jornada-aigua-100x100.jpg 100w\" data-sizes=\"(max-width: 150px) 100vw, 150px\" src=\"data:image\/svg+xml;base64,PHN2ZyB3aWR0aD0iMSIgaGVpZ2h0PSIxIiB4bWxucz0iaHR0cDovL3d3dy53My5vcmcvMjAwMC9zdmciPjwvc3ZnPg==\" style=\"--smush-placeholder-width: 150px; --smush-placeholder-aspect-ratio: 150\/150;\" \/><\/span><\/p>\n<p style=\"text-align: justify;\">Las ponencias estuvieron inauguradas por la Consejera de Agricultura, Desarrollo Rural, Emergencia Clim\u00e1tica y Transici\u00f3n Ecol\u00f3gica, <strong>Mireia Moll\u00e0<\/strong> y por el alcalde de la Ciudad, <strong>Diego G\u00f3mez<\/strong>.<\/p>\n<p>Tuvieron lugar 9 ponencias a cargo de t\u00e9cnicos especializados sobre temas como la monitorizaci\u00f3n del nivel del agua a Alzira y la gesti\u00f3n sostenible de las aguas residuales. Adem\u00e1s, se trataron experiencias de \u00e9xito en la gesti\u00f3n del agua entre los Ayuntamiento de la comarca y se invita a la participaci\u00f3n de la ciudadan\u00eda de la Ribera.<\/p>\n<p>El acontecimiento es fruto de una colaboraci\u00f3n p\u00fablico privada entre las entidades <strong>Global Omnium<\/strong>, <strong>Control de Vertido Industrial<\/strong> (CVI), el <strong>Ayuntamiento de Alzira<\/strong> y el<strong> Grupo TNR<\/strong>.<\/p>\n<p style=\"text-align: justify;\"><strong>PONENCIAS<\/strong><\/p>\n<p style=\"text-align: justify; margin-left: 30px;\"><strong>1. \u00abMonitorizaci\u00f3n global del abastecimiento de agua potable y alcantarillado de Alzira\u00bb<a title=\"1.    \u201cMonitorizaci\u00f3n global del abastecimiento de agua potable y alcantarillado de Alzira\u201d \" href=\"https:\/\/alzira.es\/wp-content\/uploads\/2020\/12\/1_jornada-aigua.pdf\" target=\"_blank\" rel=\"noopener\">&nbsp;<img decoding=\"async\" width=\"18\" height=\"15\" class=\"size-full wp-image-52962 lazyload\" data-src=\"https:\/\/alzira.es\/wp-content\/uploads\/2020\/12\/pdf_rojo.gif\" alt=\"pdf rojo\" src=\"data:image\/svg+xml;base64,PHN2ZyB3aWR0aD0iMSIgaGVpZ2h0PSIxIiB4bWxucz0iaHR0cDovL3d3dy53My5vcmcvMjAwMC9zdmciPjwvc3ZnPg==\" style=\"--smush-placeholder-width: 18px; --smush-placeholder-aspect-ratio: 18\/15;\" \/><\/a><\/strong><br \/>&nbsp; &nbsp; &nbsp; Xelo Bisbal Ferrer Cap de sub-sistemes de projectes i infraestructures Ajuntament d&#8217;Alzira<\/p>\n<p style=\"text-align: justify; margin-left: 30px;\"><strong>2. \u00abProblem\u00e1tica de vertidos industriales para las Depuradoras\u00bb<a title=\"2. \u201cProblem\u00e1tica de vertidos industriales para las Depuradoras\u201d\" href=\"https:\/\/alzira.es\/wp-content\/uploads\/2020\/12\/2_jornada-aigua.pdf\" target=\"_blank\" rel=\"noopener\">&nbsp;<strong style=\"font-size: 14.4px; text-align: justify;\"><img decoding=\"async\" width=\"18\" height=\"15\" class=\"size-full wp-image-52962 lazyload\" data-src=\"https:\/\/alzira.es\/wp-content\/uploads\/2020\/12\/pdf_rojo.gif\" alt=\"pdf rojo\" src=\"data:image\/svg+xml;base64,PHN2ZyB3aWR0aD0iMSIgaGVpZ2h0PSIxIiB4bWxucz0iaHR0cDovL3d3dy53My5vcmcvMjAwMC9zdmciPjwvc3ZnPg==\" style=\"--smush-placeholder-width: 18px; --smush-placeholder-aspect-ratio: 18\/15;\" \/><\/strong><\/a><\/strong><br \/>&nbsp; &nbsp; &nbsp; Francisco Escribano Entitat P\u00fablica de Sanejament, EPSAR GVA<\/p>\n<p style=\"text-align: justify; margin-left: 30px;\"><strong>3. \u00abMonitorizaci\u00f3n on line de vertidos industriales: Plataforma DEVA\u00bb<a title=\"3. \u201cMonitorizaci\u00f3n on line de vertidos industriales: Plataforma DEVA\u201d\" href=\"https:\/\/alzira.es\/wp-content\/uploads\/2020\/12\/3_jornada-aigua.pdf\" target=\"_blank\" rel=\"noopener\">&nbsp;<strong style=\"font-size: 14.4px; text-align: justify;\"><img decoding=\"async\" width=\"18\" height=\"15\" class=\"size-full wp-image-52962 lazyload\" data-src=\"https:\/\/alzira.es\/wp-content\/uploads\/2020\/12\/pdf_rojo.gif\" alt=\"pdf rojo\" src=\"data:image\/svg+xml;base64,PHN2ZyB3aWR0aD0iMSIgaGVpZ2h0PSIxIiB4bWxucz0iaHR0cDovL3d3dy53My5vcmcvMjAwMC9zdmciPjwvc3ZnPg==\" style=\"--smush-placeholder-width: 18px; --smush-placeholder-aspect-ratio: 18\/15;\" \/><\/strong><\/a><\/strong><br \/>&nbsp; &nbsp; &nbsp; Marian Campos Responsable Saneamiento en Global Omnium<\/p>\n<p style=\"text-align: justify; margin-left: 30px;\"><strong>4. \u00abMejora de la calidad de las aguas residuales tratadas mediante soluciones sostenibles: humedales artificiales\u00bb<a title=\"4. \u201cMejora de la calidad de las aguas residuales tratadas mediante soluciones sostenibles: humedales artificiales\u201d\" href=\"https:\/\/alzira.es\/wp-content\/uploads\/2020\/12\/4_jornada-aigua.pdf\" target=\"_blank\" rel=\"noopener\">&nbsp;<strong style=\"font-size: 14.4px; text-align: justify;\"><img decoding=\"async\" width=\"18\" height=\"15\" class=\"size-full wp-image-52962 lazyload\" data-src=\"https:\/\/alzira.es\/wp-content\/uploads\/2020\/12\/pdf_rojo.gif\" alt=\"pdf rojo\" src=\"data:image\/svg+xml;base64,PHN2ZyB3aWR0aD0iMSIgaGVpZ2h0PSIxIiB4bWxucz0iaHR0cDovL3d3dy53My5vcmcvMjAwMC9zdmciPjwvc3ZnPg==\" style=\"--smush-placeholder-width: 18px; --smush-placeholder-aspect-ratio: 18\/15;\" \/><\/strong><\/a><\/strong><br \/>&nbsp; &nbsp; &nbsp; Mar\u00eda Pe\u00f1a Garc\u00eda T\u00e9cnico Aguas Residuales Global Omnium<\/p>\n<p style=\"text-align: justify; margin-left: 30px;\"><strong>5. \u00abGesti\u00f3n inteligente del agua: Las Telelecturas del sXXI\u00bb<a title=\"5. \u201cGesti\u00f3n inteligente del agua: Las Telelecturas del sXXI\u201d\" href=\"https:\/\/alzira.es\/wp-content\/uploads\/2020\/12\/5_jornada-aigua.pdf\" target=\"_blank\" rel=\"noopener\">&nbsp;<strong style=\"font-size: 14.4px; text-align: justify;\"><img decoding=\"async\" width=\"18\" height=\"15\" class=\"size-full wp-image-52962 lazyload\" data-src=\"https:\/\/alzira.es\/wp-content\/uploads\/2020\/12\/pdf_rojo.gif\" alt=\"pdf rojo\" src=\"data:image\/svg+xml;base64,PHN2ZyB3aWR0aD0iMSIgaGVpZ2h0PSIxIiB4bWxucz0iaHR0cDovL3d3dy53My5vcmcvMjAwMC9zdmciPjwvc3ZnPg==\" style=\"--smush-placeholder-width: 18px; --smush-placeholder-aspect-ratio: 18\/15;\" \/><\/strong><\/a><\/strong><br \/>&nbsp; &nbsp; &nbsp; V\u00edctor Gonz\u00e1lez Carbonell Responsable Telelectura en Global Omnium<\/p>\n<p style=\"text-align: justify; margin-left: 30px;\"><strong>6. \u00abHidr\u00e1ulica Modular y Sistemas de desinfecci\u00f3n en Depuradoras\u00bb<a title=\"Jornada d\u2019Aig\u00fces Potables i Residuals a la Ribera\" href=\"https:\/\/alzira.es\/wp-content\/uploads\/2020\/12\/6_jornada-aigua.pdf\" target=\"_blank\" rel=\"noopener\">&nbsp;<strong style=\"font-size: 14.4px; text-align: justify;\"><img decoding=\"async\" width=\"18\" height=\"15\" class=\"size-full wp-image-52962 lazyload\" data-src=\"https:\/\/alzira.es\/wp-content\/uploads\/2020\/12\/pdf_rojo.gif\" alt=\"pdf rojo\" src=\"data:image\/svg+xml;base64,PHN2ZyB3aWR0aD0iMSIgaGVpZ2h0PSIxIiB4bWxucz0iaHR0cDovL3d3dy53My5vcmcvMjAwMC9zdmciPjwvc3ZnPg==\" style=\"--smush-placeholder-width: 18px; --smush-placeholder-aspect-ratio: 18\/15;\" \/><\/strong><\/a><\/strong><br \/>&nbsp; &nbsp; &nbsp; Rodrigo Arellano Xilem Water Solutions Espa\u00f1a<\/p>\n<p style=\"text-align: justify; margin-left: 30px;\"><strong>7. \u00abProblem\u00e1tica de los vertidos incontrolados en La Ribera\u00bb<a title=\"7. \u201cProblem\u00e1tica de los vertidos incontrolados en La Ribera\u201d\" href=\"https:\/\/alzira.es\/wp-content\/uploads\/2020\/12\/7_jornada-aigua.pdf\" target=\"_blank\" rel=\"noopener\">&nbsp;<strong style=\"font-size: 14.4px; text-align: justify;\"><img decoding=\"async\" width=\"18\" height=\"15\" class=\"size-full wp-image-52962 lazyload\" data-src=\"https:\/\/alzira.es\/wp-content\/uploads\/2020\/12\/pdf_rojo.gif\" alt=\"pdf rojo\" src=\"data:image\/svg+xml;base64,PHN2ZyB3aWR0aD0iMSIgaGVpZ2h0PSIxIiB4bWxucz0iaHR0cDovL3d3dy53My5vcmcvMjAwMC9zdmciPjwvc3ZnPg==\" style=\"--smush-placeholder-width: 18px; --smush-placeholder-aspect-ratio: 18\/15;\" \/><\/strong><\/a><\/strong><br \/>&nbsp; &nbsp; &nbsp; M\u00f3nica Escandell Responsable Aguas Residuales CVI<\/p>\n<p style=\"text-align: justify; margin-left: 30px;\"><strong>8. \u00abControl de Cloro on line: akwaMetric- Caso de \u00e9xito Benifai\u00f3\u00bb<a title=\"8. \u201cControl de Cloro on line: akwaMetric- Caso de \u00e9xito Benifai\u00f3\u201d\" href=\"https:\/\/alzira.es\/wp-content\/uploads\/2020\/12\/8_jornada-aigua.pdf\" target=\"_blank\" rel=\"noopener\">&nbsp;<strong style=\"font-size: 14.4px; text-align: justify;\"><img decoding=\"async\" width=\"18\" height=\"15\" class=\"size-full wp-image-52962 lazyload\" data-src=\"https:\/\/alzira.es\/wp-content\/uploads\/2020\/12\/pdf_rojo.gif\" alt=\"pdf rojo\" src=\"data:image\/svg+xml;base64,PHN2ZyB3aWR0aD0iMSIgaGVpZ2h0PSIxIiB4bWxucz0iaHR0cDovL3d3dy53My5vcmcvMjAwMC9zdmciPjwvc3ZnPg==\" style=\"--smush-placeholder-width: 18px; --smush-placeholder-aspect-ratio: 18\/15;\" \/><\/strong><\/a><\/strong><br \/>&nbsp; &nbsp; &nbsp; Ignacio Morcillo Hern\u00e1ndez Mejoras Energ\u00e9ticas de Recursos e Investigaciones, S.A.<\/p>\n","protected":false},"excerpt":{"rendered":"<p>Las ponencias estuvieron inauguradas por la Consejera de Agricultura, Desarrollo Rural, Emergencia Clim\u00e1tica y Transici\u00f3n Ecol\u00f3gica, Mireia Moll\u00e0 y por el alcalde de la Ciudad, Diego G\u00f3mez. Tuvieron lugar 9 ponencias a cargo de t\u00e9cnicos especializados sobre temas como la monitorizaci\u00f3n del nivel del agua a Alzira y la gesti\u00f3n sostenible de las aguas residuales. &hellip; <\/p>\n<p class=\"link-more\"><a href=\"https:\/\/alzira.es\/es\/jornada-d-aiguees-potables\/\" class=\"more-link\">Continuar leyendo<span class=\"screen-reader-text\"> \u00abAyer se celebr\u00f3 la segunda Jornada de Aguas Potables y Residuales en la Ribera de manera telem\u00e1tica\u00bb<\/span><\/a><\/p>\n","protected":false},"author":29,"featured_media":52958,"comment_status":"","ping_status":"","sticky":false,"template":"","format":"standard","meta":{"_acf_changed":false,"footnotes":""},"categories":[4936],"tags":[],"class_list":["post-52978","post","type-post","status-publish","format-standard","has-post-thumbnail","hentry","category-hemeroteca-es"],"acf":[],"_links":{"self":[{"href":"https:\/\/alzira.es\/es\/wp-json\/wp\/v2\/posts\/52978","targetHints":{"allow":["GET"]}}],"collection":[{"href":"https:\/\/alzira.es\/es\/wp-json\/wp\/v2\/posts"}],"about":[{"href":"https:\/\/alzira.es\/es\/wp-json\/wp\/v2\/types\/post"}],"author":[{"embeddable":true,"href":"https:\/\/alzira.es\/es\/wp-json\/wp\/v2\/users\/29"}],"replies":[{"embeddable":true,"href":"https:\/\/alzira.es\/es\/wp-json\/wp\/v2\/comments?post=52978"}],"version-history":[{"count":0,"href":"https:\/\/alzira.es\/es\/wp-json\/wp\/v2\/posts\/52978\/revisions"}],"wp:featuredmedia":[{"embeddable":true,"href":"https:\/\/alzira.es\/es\/wp-json\/wp\/v2\/media\/52958"}],"wp:attachment":[{"href":"https:\/\/alzira.es\/es\/wp-json\/wp\/v2\/media?parent=52978"}],"wp:term":[{"taxonomy":"category","embeddable":true,"href":"https:\/\/alzira.es\/es\/wp-json\/wp\/v2\/categories?post=52978"},{"taxonomy":"post_tag","embeddable":true,"href":"https:\/\/alzira.es\/es\/wp-json\/wp\/v2\/tags?post=52978"}],"curies":[{"name":"wp","href":"https:\/\/api.w.org\/{rel}","templated":true}]}}