{"id":52957,"date":"2020-12-16T14:59:29","date_gmt":"2020-12-16T13:59:29","guid":{"rendered":"https:\/\/alzira.es\/el-comerc-d-alzira-rep-el-material-promocional-de-la-campanya-de-promocio-de-l-us-del-valencia-alzira-viu-el-nadal-2\/"},"modified":"2020-12-16T14:59:29","modified_gmt":"2020-12-16T13:59:29","slug":"el-comerc-d-alzira-rep-el-material-promocional-de-la-campanya-de-promocio-de-l-us-del-valencia-alzira-viu-el-nadal-2","status":"publish","type":"post","link":"https:\/\/alzira.es\/es\/el-comerc-d-alzira-rep-el-material-promocional-de-la-campanya-de-promocio-de-l-us-del-valencia-alzira-viu-el-nadal-2\/","title":{"rendered":"El comer\u00e7 d\u2019Alzira rep el material promocional de la campanya de promoci\u00f3 de l\u2019\u00fas del valenci\u00e0 \u201cAlzira viu el Nadal\u201d"},"content":{"rendered":"<p>Els comer\u00e7os d&#8217;Alzira ja han rebut el material promocional que ha preparat la regidoria de Cultura des del Servei de Promoci\u00f3 i \u00fas del valenci\u00e0. Durant el mat\u00ed d&#8217;ahir i el de hui, l&#8217;alcalde d&#8217;Alzira <strong>Diego G\u00f3mez<\/strong>, el regidor de Cultura <strong>Alfred Aranda<\/strong> junt amb el Serval han comen\u00e7at a repartir <strong>400 bosses de tela <\/strong>amb el lema <em>\u00abJo, en valenci\u00e0!\u00bb<\/em> i <strong>3.200 adhesius per a regals <\/strong>amb els lemes: <em>\u00abEspere que t&#8217;agrade\u00bb, \u00abEl millor regal eres tu\u00bb, \u00abFem un consum responsable\u00bb, \u00abRegala&#8217;m un somriure\u00bb, \u00abBones festes\u00bb, \u00abBon Nadal\u00bb, \u00abEn valenci\u00e0, millor\u00bb i \u00abAlzira viu el Nadal\u00bb<\/em>, destinades a 35 botigues de regals, de joguets, de roba de xiquets, llibreries i papereries.<br \/>Tamb\u00e9 es repartiran <strong>1.000 bosses de tela de cot\u00f3 org\u00e0nic <\/strong>amb el lema<em> \u00abAlzira viu el Nadal\u00bb<\/em> a 15 verduleries, fruiteries i 35 forns i pastisseries per a regalar als primers clients que hi vagen a comprar. Cal afegir que tamb\u00e9 s&#8217;ha obsequiat amb un pot per a col\u2022locar material d&#8217;oficina amb el calendari laboral d&#8217;Alzira.<br \/>La campanya es completa amb el repartiment de cartells i etiquetes de rebaixes als comer\u00e7os de roba, cal\u00e7at, complements i similars.<\/p>\n<p><strong>Alfred Aranda<\/strong>, regidor de Cultura i Promoci\u00f3 del Valenci\u00e0, assenyala: <em>\u00abAmb esta campanya, que \u00e9s el quart any que es fa, volem animar a comprar en el comer\u00e7 local i fer que el valenci\u00e0 estiga present en tot all\u00f2 que envolta les festes de Nadal (jocs, can\u00e7ons, menjars, tradicions&#8230;) i que ens identifica com a valencians, sempre amb naturalitat i oberts a altres cultures\u00bb<\/em>.<\/p>\n<p>Des del Serval animem als comer\u00e7os que esteu interessats a participar en estes campanyes de promoci\u00f3 de l&#8217;\u00fas de la nostra llengua en el comer\u00e7 local, i heu d&#8217;inscriure-vos en el correu <span style=\"text-decoration: underline;\"><a href=\"mailto:serval@alzira.es\" target=\"_blank\" rel=\"noopener\">serval@alzira.es<\/a><\/span> per a participar. D&#8217;esta manera us farem arribar els materials de les diverses campanyes que fem.<\/p>\n<p><img fetchpriority=\"high\" decoding=\"async\" class=\" size-full wp-image-52952\" style=\"display: block; margin-left: auto; margin-right: auto;\" src=\"https:\/\/alzira.es\/wp-content\/uploads\/2020\/12\/2020_12_16_Borses_de_Nadal_repartint_amb_bici_3.jpg\" alt=\"2020 12 16 Borses de Nadal repartint amb bici 3\" width=\"1000\" height=\"878\" srcset=\"https:\/\/alzira.es\/wp-content\/uploads\/2020\/12\/2020_12_16_Borses_de_Nadal_repartint_amb_bici_3.jpg 1024w, https:\/\/alzira.es\/wp-content\/uploads\/2020\/12\/2020_12_16_Borses_de_Nadal_repartint_amb_bici_3-680x597.jpg 680w, https:\/\/alzira.es\/wp-content\/uploads\/2020\/12\/2020_12_16_Borses_de_Nadal_repartint_amb_bici_3-768x674.jpg 768w\" sizes=\"(max-width: 706px) 89vw, (max-width: 767px) 82vw, 740px\" \/><\/p>\n<p><img decoding=\"async\" class=\"size-full wp-image-52954 lazyload\" style=\"--smush-placeholder-width: 1000px; --smush-placeholder-aspect-ratio: 1000\/563;display: block; margin-left: auto; margin-right: auto;\" data-src=\"https:\/\/alzira.es\/wp-content\/uploads\/2020\/12\/15122020_serval_2.jpeg\" alt=\"15122020 serval 2\" width=\"1000\" height=\"563\" data-srcset=\"https:\/\/alzira.es\/wp-content\/uploads\/2020\/12\/15122020_serval_2.jpeg 1600w, https:\/\/alzira.es\/wp-content\/uploads\/2020\/12\/15122020_serval_2-680x383.jpeg 680w, https:\/\/alzira.es\/wp-content\/uploads\/2020\/12\/15122020_serval_2-1430x804.jpeg 1430w, https:\/\/alzira.es\/wp-content\/uploads\/2020\/12\/15122020_serval_2-768x432.jpeg 768w, https:\/\/alzira.es\/wp-content\/uploads\/2020\/12\/15122020_serval_2-1536x864.jpeg 1536w\" data-sizes=\"(max-width: 706px) 89vw, (max-width: 767px) 82vw, 740px\" src=\"data:image\/svg+xml;base64,PHN2ZyB3aWR0aD0iMSIgaGVpZ2h0PSIxIiB4bWxucz0iaHR0cDovL3d3dy53My5vcmcvMjAwMC9zdmciPjwvc3ZnPg==\" \/><\/p>\n","protected":false},"excerpt":{"rendered":"<p>Els comer\u00e7os d&#8217;Alzira ja han rebut el material promocional que ha preparat la regidoria de Cultura des del Servei de Promoci\u00f3 i \u00fas del valenci\u00e0. Durant el mat\u00ed d&#8217;ahir i el de hui, l&#8217;alcalde d&#8217;Alzira Diego G\u00f3mez, el regidor de Cultura Alfred Aranda junt amb el Serval han comen\u00e7at a repartir 400 bosses de tela &hellip; <\/p>\n<p class=\"link-more\"><a href=\"https:\/\/alzira.es\/es\/el-comerc-d-alzira-rep-el-material-promocional-de-la-campanya-de-promocio-de-l-us-del-valencia-alzira-viu-el-nadal-2\/\" class=\"more-link\">Continuar leyendo<span class=\"screen-reader-text\"> \u00abEl comer\u00e7 d\u2019Alzira rep el material promocional de la campanya de promoci\u00f3 de l\u2019\u00fas del valenci\u00e0 \u201cAlzira viu el Nadal\u201d\u00bb<\/span><\/a><\/p>\n","protected":false},"author":29,"featured_media":52952,"comment_status":"","ping_status":"","sticky":false,"template":"","format":"standard","meta":{"_acf_changed":false,"footnotes":""},"categories":[],"tags":[],"class_list":["post-52957","post","type-post","status-publish","format-standard","has-post-thumbnail","hentry"],"acf":[],"_links":{"self":[{"href":"https:\/\/alzira.es\/es\/wp-json\/wp\/v2\/posts\/52957","targetHints":{"allow":["GET"]}}],"collection":[{"href":"https:\/\/alzira.es\/es\/wp-json\/wp\/v2\/posts"}],"about":[{"href":"https:\/\/alzira.es\/es\/wp-json\/wp\/v2\/types\/post"}],"author":[{"embeddable":true,"href":"https:\/\/alzira.es\/es\/wp-json\/wp\/v2\/users\/29"}],"replies":[{"embeddable":true,"href":"https:\/\/alzira.es\/es\/wp-json\/wp\/v2\/comments?post=52957"}],"version-history":[{"count":0,"href":"https:\/\/alzira.es\/es\/wp-json\/wp\/v2\/posts\/52957\/revisions"}],"wp:featuredmedia":[{"embeddable":true,"href":"https:\/\/alzira.es\/es\/wp-json\/wp\/v2\/media\/52952"}],"wp:attachment":[{"href":"https:\/\/alzira.es\/es\/wp-json\/wp\/v2\/media?parent=52957"}],"wp:term":[{"taxonomy":"category","embeddable":true,"href":"https:\/\/alzira.es\/es\/wp-json\/wp\/v2\/categories?post=52957"},{"taxonomy":"post_tag","embeddable":true,"href":"https:\/\/alzira.es\/es\/wp-json\/wp\/v2\/tags?post=52957"}],"curies":[{"name":"wp","href":"https:\/\/api.w.org\/{rel}","templated":true}]}}