{"id":52956,"date":"2020-12-16T14:59:29","date_gmt":"2020-12-16T13:59:29","guid":{"rendered":"https:\/\/alzira.es\/el-comerc-d-alzira-rep-el-material-promocional-de-la-campanya-de-promocio-de-l-us-del-valencia-alzira-viu-el-nadal\/"},"modified":"2020-12-16T14:59:29","modified_gmt":"2020-12-16T13:59:29","slug":"el-comerc-d-alzira-rep-el-material-promocional-de-la-campanya-de-promocio-de-l-us-del-valencia-alzira-viu-el-nadal","status":"publish","type":"post","link":"https:\/\/alzira.es\/es\/el-comerc-d-alzira-rep-el-material-promocional-de-la-campanya-de-promocio-de-l-us-del-valencia-alzira-viu-el-nadal\/","title":{"rendered":"El comercio de Alzira recibe el material promocional de la campa\u00f1a de promoci\u00f3n del uso del valenciano \u201cAlzira viu el Nadal\u201d"},"content":{"rendered":"<p>Los comercios de Alzira ya han recibido el material promocional que ha preparado la concejal\u00eda de Cultura desde el Servicio de Promoci\u00f3n y uso del valenciano. Durante la ma\u00f1ana de ayer y el de hoy, el alcalde de Alzira <strong>Diego G\u00f3mez<\/strong>, el regidor de Cultura <strong>Alfred Aranda<\/strong> junto con el Serval han empezado a repartir <strong>400 bolsas de tela <\/strong>amb el lema <em>\u00abJo, en valenci\u00e0!<\/em>\u00ab<strong> i 3.200 adhesius per a regals<\/strong> con el lema <em>\u00abEspere que t&#8217;agrade\u00bb, \u00abEl millor regal eres tu\u00bb, \u00abFem un consum responsable\u00bb, \u00abRegala&#8217;m un somriure\u00bb, \u00abBones festes\u00bb, \u00abBon Nadal\u00bb, \u00abEn valenci\u00e0, millor\u00bb i \u00abAlzira viu el Nadal\u00bb<\/em>, destinadas en 35 tiendas de regalos, de juguetes, de ropa de ni\u00f1os, librer\u00edas y papeler\u00edas.<br \/>Tambi\u00e9n se repartir\u00e1n <strong>1.000 bolsas de tela de algod\u00f3n org\u00e1nico<\/strong> con el lema <em>\u00abAlzira viu el Nadal\u00bb<\/em> en 15 verduler\u00edas, fruter\u00edas y 35 hornos y pasteler\u00edas para regalar a los primeros clientes que vayan a comprar. Hay que a\u00f1adir que tambi\u00e9n se ha obsequiado con un bote para colocar material de oficina con el calendario laboral de Alzira.<br \/>La campa\u00f1a se completa con el reparto de carteles y hashtags de rebajas a los comercios de ropa, calzado, complementos y similares.<\/p>\n<p><strong>Alfred Aranda<\/strong>, regidor de Cultura y Promoci\u00f3n del Valenciano, se\u00f1ala: <em>\u00abCon esta campa\u00f1a, que es el cuarto a\u00f1o que se hace, queremos animar a comprar en el comercio local y hacer que el valenciano est\u00e9 presente en todo aquello que rodea las fiestas de Navidad (juegos, canciones, comidas, tradiciones&#8230;) y que nos identifica como valencianos, siempre con naturalidad y abiertos a otras culturas\u00bb<\/em>.<\/p>\n<p>Desde el Serval animamos a los comercios que est\u00e1is interesados a participar en estas campa\u00f1as de promoci\u00f3n del uso de nuestra lengua en el comercio local, y ten\u00e9is que inscribiros en el correo <span style=\"text-decoration: underline;\"><a href=\"mailto:serval@alzira.es\" target=\"_blank\" rel=\"noopener\">serval@alzira.es<\/a><\/span> para participar. De esta manera os haremos llegar los materiales de las varias campa\u00f1as que hagamos.<\/p>\n<p><img fetchpriority=\"high\" decoding=\"async\" class=\" size-full wp-image-52952\" style=\"display: block; margin-left: auto; margin-right: auto;\" src=\"https:\/\/alzira.es\/wp-content\/uploads\/2020\/12\/2020_12_16_Borses_de_Nadal_repartint_amb_bici_3.jpg\" alt=\"2020 12 16 Borses de Nadal repartint amb bici 3\" width=\"1000\" height=\"878\" srcset=\"https:\/\/alzira.es\/wp-content\/uploads\/2020\/12\/2020_12_16_Borses_de_Nadal_repartint_amb_bici_3.jpg 1024w, https:\/\/alzira.es\/wp-content\/uploads\/2020\/12\/2020_12_16_Borses_de_Nadal_repartint_amb_bici_3-680x597.jpg 680w, https:\/\/alzira.es\/wp-content\/uploads\/2020\/12\/2020_12_16_Borses_de_Nadal_repartint_amb_bici_3-768x674.jpg 768w\" sizes=\"(max-width: 706px) 89vw, (max-width: 767px) 82vw, 740px\" \/><\/p>\n<p><img decoding=\"async\" class=\"size-full wp-image-52954 lazyload\" style=\"--smush-placeholder-width: 1000px; --smush-placeholder-aspect-ratio: 1000\/563;display: block; margin-left: auto; margin-right: auto;\" data-src=\"https:\/\/alzira.es\/wp-content\/uploads\/2020\/12\/15122020_serval_2.jpeg\" alt=\"15122020 serval 2\" width=\"1000\" height=\"563\" data-srcset=\"https:\/\/alzira.es\/wp-content\/uploads\/2020\/12\/15122020_serval_2.jpeg 1600w, https:\/\/alzira.es\/wp-content\/uploads\/2020\/12\/15122020_serval_2-680x383.jpeg 680w, https:\/\/alzira.es\/wp-content\/uploads\/2020\/12\/15122020_serval_2-1430x804.jpeg 1430w, https:\/\/alzira.es\/wp-content\/uploads\/2020\/12\/15122020_serval_2-768x432.jpeg 768w, https:\/\/alzira.es\/wp-content\/uploads\/2020\/12\/15122020_serval_2-1536x864.jpeg 1536w\" data-sizes=\"(max-width: 706px) 89vw, (max-width: 767px) 82vw, 740px\" src=\"data:image\/svg+xml;base64,PHN2ZyB3aWR0aD0iMSIgaGVpZ2h0PSIxIiB4bWxucz0iaHR0cDovL3d3dy53My5vcmcvMjAwMC9zdmciPjwvc3ZnPg==\" \/><\/p>\n","protected":false},"excerpt":{"rendered":"<p>Los comercios de Alzira ya han recibido el material promocional que ha preparado la concejal\u00eda de Cultura desde el Servicio de Promoci\u00f3n y uso del valenciano. Durante la ma\u00f1ana de ayer y el de hoy, el alcalde de Alzira Diego G\u00f3mez, el regidor de Cultura Alfred Aranda junto con el Serval han empezado a repartir &hellip; <\/p>\n<p class=\"link-more\"><a href=\"https:\/\/alzira.es\/es\/el-comerc-d-alzira-rep-el-material-promocional-de-la-campanya-de-promocio-de-l-us-del-valencia-alzira-viu-el-nadal\/\" class=\"more-link\">Continuar leyendo<span class=\"screen-reader-text\"> \u00abEl comercio de Alzira recibe el material promocional de la campa\u00f1a de promoci\u00f3n del uso del valenciano \u201cAlzira viu el Nadal\u201d\u00bb<\/span><\/a><\/p>\n","protected":false},"author":29,"featured_media":52952,"comment_status":"","ping_status":"","sticky":false,"template":"","format":"standard","meta":{"_acf_changed":false,"footnotes":""},"categories":[4936],"tags":[],"class_list":["post-52956","post","type-post","status-publish","format-standard","has-post-thumbnail","hentry","category-hemeroteca-es"],"acf":[],"_links":{"self":[{"href":"https:\/\/alzira.es\/es\/wp-json\/wp\/v2\/posts\/52956","targetHints":{"allow":["GET"]}}],"collection":[{"href":"https:\/\/alzira.es\/es\/wp-json\/wp\/v2\/posts"}],"about":[{"href":"https:\/\/alzira.es\/es\/wp-json\/wp\/v2\/types\/post"}],"author":[{"embeddable":true,"href":"https:\/\/alzira.es\/es\/wp-json\/wp\/v2\/users\/29"}],"replies":[{"embeddable":true,"href":"https:\/\/alzira.es\/es\/wp-json\/wp\/v2\/comments?post=52956"}],"version-history":[{"count":0,"href":"https:\/\/alzira.es\/es\/wp-json\/wp\/v2\/posts\/52956\/revisions"}],"wp:featuredmedia":[{"embeddable":true,"href":"https:\/\/alzira.es\/es\/wp-json\/wp\/v2\/media\/52952"}],"wp:attachment":[{"href":"https:\/\/alzira.es\/es\/wp-json\/wp\/v2\/media?parent=52956"}],"wp:term":[{"taxonomy":"category","embeddable":true,"href":"https:\/\/alzira.es\/es\/wp-json\/wp\/v2\/categories?post=52956"},{"taxonomy":"post_tag","embeddable":true,"href":"https:\/\/alzira.es\/es\/wp-json\/wp\/v2\/tags?post=52956"}],"curies":[{"name":"wp","href":"https:\/\/api.w.org\/{rel}","templated":true}]}}