{"id":52927,"date":"2020-12-15T11:17:35","date_gmt":"2020-12-15T10:17:35","guid":{"rendered":"https:\/\/alzira.es\/betlem-del-muma-2\/"},"modified":"2020-12-15T11:17:35","modified_gmt":"2020-12-15T10:17:35","slug":"betlem-del-muma-2","status":"publish","type":"post","link":"https:\/\/alzira.es\/es\/betlem-del-muma-2\/","title":{"rendered":"El Pla del Barber acull el Betlem del MUMA"},"content":{"rendered":"<p style=\"text-align: justify;\">Un any m\u00e9s, per\u00f2 este marcat en part per la situaci\u00f3 que travessem, s&#8217;ha muntat el Betlem en les muntanyes d&#8217;Alzira.<\/p>\n<p style=\"text-align: justify;\">Fins fa uns dies, tot presagiava que el Betlem no es podria instal\u00b7lar en el que seria la seua XXII edici\u00f3, per a evitar la trobada de senderistes i la possibilitat de propagaci\u00f3 de contagis tan prop de les festes nadalenques.<\/p>\n<p style=\"text-align: justify;\">No obstant, per a no trencar la tradici\u00f3, es va optar per buscar diferents alternatives. Aix\u00ed, per un costat, en compte d&#8217;ubicar-lo en el lloc que tocava enguany, en la Creu del Cardenal, ja que una part del recorregut es fa per senda estreta, amb el conseg\u00fcent creuament de senderistes uns de pujada i altres de baixada, a m\u00e9s a m\u00e9s de ser un cim redu\u00eft, sense a penes espai per al distanciament, va condicionar que a priori es descartara.<\/p>\n<p style=\"text-align: justify;\">\u00abTot i que la visita al Betlem contribuiria a incrementar les visites al Paratge de la Murta, de per si ja molt saturada, es va consultar la idone\u00eftat de muntar el Betlem en el Paratge de la Casella, per buscar un lloc m\u00e9s ample i de f\u00e0cil acc\u00e9s per pista forestal, m\u00e9s recomanable esta opci\u00f3 que per les sendes de La Murta\u00bb, segona la regidora de Patrimoni Cultural,<strong> Isabel Aguilar<\/strong>.<\/p>\n<p style=\"text-align: justify;\">S&#8217;acord\u00e0 per tant, no fer enguany convocat\u00f2ria i ubicar-lo en el Pla del Barber, una vall molt accessible per via ampla, col\u00b7locant-lo al costat de la Font del Barber, on estar\u00e0 fins al diumenge 10 de gener de 2021 a l&#8217;espera de tots i totes els que vulguen pujar a contemplar-lo.<\/p>\n<p style=\"text-align: justify;\">Per a evitar manipular el llibre de visites s&#8217;ha habilitat uns enlla\u00e7os per a pujar a les xarxes socials fotos i comentaris de la visita a trav\u00e9s de les etiquetes:<br \/><strong>#AlziraBetlem2020 i #AlziraUnRiuDePatrimoni<\/strong>.<\/p>\n<p style=\"text-align: justify;\">Cal ressenyar que el Centre Excursionista d&#8217;Alzira, que va iniciar esta tradici\u00f3, va estar fent-ho des de 1959 fins al 1978, amb un total de 19 anys, tres menys dels que ja est\u00e0 portant-ho a terme el Museu Municipal. El per\u00edode d&#8217;interrupci\u00f3 entre l&#8217;\u00faltima pujada del Centre Excursionista en 1977 i la primera que va fer el Museu recuperant esta activitat en 1999 va ser de 22 anys, els mateixos que enguany es complixen d&#8217;esta segona i ja veterana etapa (1999-2020).<\/p>\n<p style=\"text-align: center;\"><a class=\"jcepopup\" href=\"https:\/\/alzira.es\/wp-content\/uploads\/2020\/12\/BETLEM_1.jpg\" target=\"_blank\" rel=\"noopener\"><img fetchpriority=\"high\" decoding=\"async\" class=\" size-full wp-image-52922\" src=\"https:\/\/alzira.es\/wp-content\/uploads\/2020\/12\/BETLEM_1.jpg\" alt=\"BETLEM 1\" width=\"225\" height=\"300\" srcset=\"https:\/\/alzira.es\/wp-content\/uploads\/2020\/12\/BETLEM_1.jpg 1200w, https:\/\/alzira.es\/wp-content\/uploads\/2020\/12\/BETLEM_1-680x907.jpg 680w, https:\/\/alzira.es\/wp-content\/uploads\/2020\/12\/BETLEM_1-804x1072.jpg 804w, https:\/\/alzira.es\/wp-content\/uploads\/2020\/12\/BETLEM_1-768x1024.jpg 768w, https:\/\/alzira.es\/wp-content\/uploads\/2020\/12\/BETLEM_1-300x400.jpg 300w, https:\/\/alzira.es\/wp-content\/uploads\/2020\/12\/BETLEM_1-1152x1536.jpg 1152w\" sizes=\"(max-width: 225px) 100vw, 225px\" \/><\/a>&nbsp;<a class=\"jcepopup\" style=\"font-size: 14.4px; text-align: center;\" type=\"image\" href=\"https:\/\/alzira.es\/wp-content\/uploads\/2020\/12\/BETLEM2.jpg\" target=\"_blank\" rel=\"noopener\"><img decoding=\"async\" class=\"size-full wp-image-52924 lazyload\" data-src=\"https:\/\/alzira.es\/wp-content\/uploads\/2020\/12\/BETLEM2.jpg\" alt=\"BETLEM2\" width=\"617\" height=\"300\" data-srcset=\"https:\/\/alzira.es\/wp-content\/uploads\/2020\/12\/BETLEM2.jpg 2016w, https:\/\/alzira.es\/wp-content\/uploads\/2020\/12\/BETLEM2-680x331.jpg 680w, https:\/\/alzira.es\/wp-content\/uploads\/2020\/12\/BETLEM2-1430x695.jpg 1430w, https:\/\/alzira.es\/wp-content\/uploads\/2020\/12\/BETLEM2-768x373.jpg 768w, https:\/\/alzira.es\/wp-content\/uploads\/2020\/12\/BETLEM2-1536x747.jpg 1536w\" data-sizes=\"(max-width: 617px) 100vw, 617px\" src=\"data:image\/svg+xml;base64,PHN2ZyB3aWR0aD0iMSIgaGVpZ2h0PSIxIiB4bWxucz0iaHR0cDovL3d3dy53My5vcmcvMjAwMC9zdmciPjwvc3ZnPg==\" style=\"--smush-placeholder-width: 617px; --smush-placeholder-aspect-ratio: 617\/300;\" \/><\/a><\/p>\n","protected":false},"excerpt":{"rendered":"<p>Un any m\u00e9s, per\u00f2 este marcat en part per la situaci\u00f3 que travessem, s&#8217;ha muntat el Betlem en les muntanyes d&#8217;Alzira. Fins fa uns dies, tot presagiava que el Betlem no es podria instal\u00b7lar en el que seria la seua XXII edici\u00f3, per a evitar la trobada de senderistes i la possibilitat de propagaci\u00f3 de &hellip; <\/p>\n<p class=\"link-more\"><a href=\"https:\/\/alzira.es\/es\/betlem-del-muma-2\/\" class=\"more-link\">Continuar leyendo<span class=\"screen-reader-text\"> \u00abEl Pla del Barber acull el Betlem del MUMA\u00bb<\/span><\/a><\/p>\n","protected":false},"author":29,"featured_media":52922,"comment_status":"","ping_status":"","sticky":false,"template":"","format":"standard","meta":{"_acf_changed":false,"footnotes":""},"categories":[],"tags":[],"class_list":["post-52927","post","type-post","status-publish","format-standard","has-post-thumbnail","hentry"],"acf":[],"_links":{"self":[{"href":"https:\/\/alzira.es\/es\/wp-json\/wp\/v2\/posts\/52927","targetHints":{"allow":["GET"]}}],"collection":[{"href":"https:\/\/alzira.es\/es\/wp-json\/wp\/v2\/posts"}],"about":[{"href":"https:\/\/alzira.es\/es\/wp-json\/wp\/v2\/types\/post"}],"author":[{"embeddable":true,"href":"https:\/\/alzira.es\/es\/wp-json\/wp\/v2\/users\/29"}],"replies":[{"embeddable":true,"href":"https:\/\/alzira.es\/es\/wp-json\/wp\/v2\/comments?post=52927"}],"version-history":[{"count":0,"href":"https:\/\/alzira.es\/es\/wp-json\/wp\/v2\/posts\/52927\/revisions"}],"wp:featuredmedia":[{"embeddable":true,"href":"https:\/\/alzira.es\/es\/wp-json\/wp\/v2\/media\/52922"}],"wp:attachment":[{"href":"https:\/\/alzira.es\/es\/wp-json\/wp\/v2\/media?parent=52927"}],"wp:term":[{"taxonomy":"category","embeddable":true,"href":"https:\/\/alzira.es\/es\/wp-json\/wp\/v2\/categories?post=52927"},{"taxonomy":"post_tag","embeddable":true,"href":"https:\/\/alzira.es\/es\/wp-json\/wp\/v2\/tags?post=52927"}],"curies":[{"name":"wp","href":"https:\/\/api.w.org\/{rel}","templated":true}]}}