{"id":52926,"date":"2020-12-15T11:17:35","date_gmt":"2020-12-15T10:17:35","guid":{"rendered":"https:\/\/alzira.es\/betlem-del-muma\/"},"modified":"2020-12-15T11:17:35","modified_gmt":"2020-12-15T10:17:35","slug":"betlem-del-muma","status":"publish","type":"post","link":"https:\/\/alzira.es\/es\/betlem-del-muma\/","title":{"rendered":"El Plan del Barber acoge el Bel\u00e9n del MUMA"},"content":{"rendered":"<p style=\"text-align: justify;\">Un a\u00f1o m\u00e1s, pero este marcado en parte por la situaci\u00f3n que atravesamos, se ha montado lo Bel\u00e9n en las monta\u00f1as de Alzira.<\/p>\n<p>Hasta hace unos d\u00edas, todo presagiaba que el Bel\u00e9n no se podr\u00eda instalar en el que ser\u00eda su XXII edici\u00f3n, para evitar el encuentro de senderistas y la posibilidad de propagaci\u00f3n de contagios tan cerca de las fiestas navide\u00f1as.<\/p>\n<p>No obstante, para no romper la tradici\u00f3n, se opt\u00f3 para buscar diferentes alternativas. As\u00ed, por un lado, en cuenta de ubicarlo en el lugar que tocaba este a\u00f1o, en la Cruz del Cardenal, puesto que una parte del recorrido se hace por senda estrecha, con el consiguiente cruzamiento de senderistas unos de subida y otras de bajada, adem\u00e1s de ser una cumbre reducida, sin apenas espacio para la distanciaci\u00f3n, condicion\u00f3 que a priori se descartara.<\/p>\n<p><em>\u00abA pesar de que la visita en el Bel\u00e9n contribuir\u00eda a incrementar las visitas al Paraje de la Murta, de por si ya muy saturada, se consult\u00f3 la idoneidad de montar el Bel\u00e9n en el Paraje de la Casella, para buscar un lugar m\u00e1s ancho y de f\u00e1cil acceso por pista forestal, m\u00e1s recomendable esta opci\u00f3n que por las sendas del Array\u00e1n\u00bb<\/em>, segunda la regidora de Patrimonio Cultural, <strong>Isabel Aguilar<\/strong>.<\/p>\n<p>Se acord\u00f3 por lo tanto, no hacer este a\u00f1o convocatoria y ubicarlo en el Plan del Barber, un valle muy accesible por v\u00eda ancha, coloc\u00e1ndolo junto a la Font del Barber, donde estar\u00e1 hasta el domingo 10 de enero de 2021 a la espera de todos y todas los que quieran subir a contemplarlo.<\/p>\n<p>Para evitar manipular el libro de visitas se ha habilitado unos enlaces para subir a las redes sociales fotos y comentarios de la visita a trav\u00e9s de los hashtags:<br \/><strong>#AlziraBetlem2020 y #AlziraUnRiuDePatrimoni<\/strong>.<\/p>\n<p>Hay que rese\u00f1ar que el Centro Excursionista de Alzira, que inici\u00f3 esta tradici\u00f3n, estuvo haci\u00e9ndolo desde 1959 hasta el 1978, con un total de 19 a\u00f1os, tres menos de los que ya est\u00e1 llev\u00e1ndolo a cabo el Museo Municipal. El periodo de interrupci\u00f3n entre la \u00faltima subida del Centro Excursionista en 1977 y la primera que hizo el Museo recuperando esta actividad en 1999 fue de 22 a\u00f1os, los mismos que este a\u00f1o se cumplen de esta segunda y ya veterana etapa (1999-2020).<\/p>\n<p style=\"text-align: center;\"><a class=\"jcepopup\" href=\"https:\/\/alzira.es\/wp-content\/uploads\/2020\/12\/BETLEM_1.jpg\" target=\"_blank\" rel=\"noopener\"><img fetchpriority=\"high\" decoding=\"async\" class=\" size-full wp-image-52922\" src=\"https:\/\/alzira.es\/wp-content\/uploads\/2020\/12\/BETLEM_1.jpg\" alt=\"BETLEM 1\" width=\"225\" height=\"300\" srcset=\"https:\/\/alzira.es\/wp-content\/uploads\/2020\/12\/BETLEM_1.jpg 1200w, https:\/\/alzira.es\/wp-content\/uploads\/2020\/12\/BETLEM_1-680x907.jpg 680w, https:\/\/alzira.es\/wp-content\/uploads\/2020\/12\/BETLEM_1-804x1072.jpg 804w, https:\/\/alzira.es\/wp-content\/uploads\/2020\/12\/BETLEM_1-768x1024.jpg 768w, https:\/\/alzira.es\/wp-content\/uploads\/2020\/12\/BETLEM_1-300x400.jpg 300w, https:\/\/alzira.es\/wp-content\/uploads\/2020\/12\/BETLEM_1-1152x1536.jpg 1152w\" sizes=\"(max-width: 225px) 100vw, 225px\" \/><\/a>&nbsp;<a class=\"jcepopup\" style=\"font-size: 14.4px; text-align: center;\" type=\"image\" href=\"https:\/\/alzira.es\/wp-content\/uploads\/2020\/12\/BETLEM2.jpg\" target=\"_blank\" rel=\"noopener\"><img decoding=\"async\" class=\"size-full wp-image-52924 lazyload\" data-src=\"https:\/\/alzira.es\/wp-content\/uploads\/2020\/12\/BETLEM2.jpg\" alt=\"BETLEM2\" width=\"617\" height=\"300\" data-srcset=\"https:\/\/alzira.es\/wp-content\/uploads\/2020\/12\/BETLEM2.jpg 2016w, https:\/\/alzira.es\/wp-content\/uploads\/2020\/12\/BETLEM2-680x331.jpg 680w, https:\/\/alzira.es\/wp-content\/uploads\/2020\/12\/BETLEM2-1430x695.jpg 1430w, https:\/\/alzira.es\/wp-content\/uploads\/2020\/12\/BETLEM2-768x373.jpg 768w, https:\/\/alzira.es\/wp-content\/uploads\/2020\/12\/BETLEM2-1536x747.jpg 1536w\" data-sizes=\"(max-width: 617px) 100vw, 617px\" src=\"data:image\/svg+xml;base64,PHN2ZyB3aWR0aD0iMSIgaGVpZ2h0PSIxIiB4bWxucz0iaHR0cDovL3d3dy53My5vcmcvMjAwMC9zdmciPjwvc3ZnPg==\" style=\"--smush-placeholder-width: 617px; --smush-placeholder-aspect-ratio: 617\/300;\" \/><\/a><\/p>\n","protected":false},"excerpt":{"rendered":"<p>Un a\u00f1o m\u00e1s, pero este marcado en parte por la situaci\u00f3n que atravesamos, se ha montado lo Bel\u00e9n en las monta\u00f1as de Alzira. Hasta hace unos d\u00edas, todo presagiaba que el Bel\u00e9n no se podr\u00eda instalar en el que ser\u00eda su XXII edici\u00f3n, para evitar el encuentro de senderistas y la posibilidad de propagaci\u00f3n de &hellip; <\/p>\n<p class=\"link-more\"><a href=\"https:\/\/alzira.es\/es\/betlem-del-muma\/\" class=\"more-link\">Continuar leyendo<span class=\"screen-reader-text\"> \u00abEl Plan del Barber acoge el Bel\u00e9n del MUMA\u00bb<\/span><\/a><\/p>\n","protected":false},"author":29,"featured_media":52922,"comment_status":"","ping_status":"","sticky":false,"template":"","format":"standard","meta":{"_acf_changed":false,"footnotes":""},"categories":[4936],"tags":[],"class_list":["post-52926","post","type-post","status-publish","format-standard","has-post-thumbnail","hentry","category-hemeroteca-es"],"acf":[],"_links":{"self":[{"href":"https:\/\/alzira.es\/es\/wp-json\/wp\/v2\/posts\/52926","targetHints":{"allow":["GET"]}}],"collection":[{"href":"https:\/\/alzira.es\/es\/wp-json\/wp\/v2\/posts"}],"about":[{"href":"https:\/\/alzira.es\/es\/wp-json\/wp\/v2\/types\/post"}],"author":[{"embeddable":true,"href":"https:\/\/alzira.es\/es\/wp-json\/wp\/v2\/users\/29"}],"replies":[{"embeddable":true,"href":"https:\/\/alzira.es\/es\/wp-json\/wp\/v2\/comments?post=52926"}],"version-history":[{"count":0,"href":"https:\/\/alzira.es\/es\/wp-json\/wp\/v2\/posts\/52926\/revisions"}],"wp:featuredmedia":[{"embeddable":true,"href":"https:\/\/alzira.es\/es\/wp-json\/wp\/v2\/media\/52922"}],"wp:attachment":[{"href":"https:\/\/alzira.es\/es\/wp-json\/wp\/v2\/media?parent=52926"}],"wp:term":[{"taxonomy":"category","embeddable":true,"href":"https:\/\/alzira.es\/es\/wp-json\/wp\/v2\/categories?post=52926"},{"taxonomy":"post_tag","embeddable":true,"href":"https:\/\/alzira.es\/es\/wp-json\/wp\/v2\/tags?post=52926"}],"curies":[{"name":"wp","href":"https:\/\/api.w.org\/{rel}","templated":true}]}}