{"id":52921,"date":"2020-12-15T11:08:09","date_gmt":"2020-12-15T10:08:09","guid":{"rendered":"https:\/\/alzira.es\/insignies-d-or-2020-2\/"},"modified":"2020-12-15T11:08:09","modified_gmt":"2020-12-15T10:08:09","slug":"insignies-d-or-2020-2","status":"publish","type":"post","link":"https:\/\/alzira.es\/es\/insignies-d-or-2020-2\/","title":{"rendered":"L\u2019Ajuntament d\u2019Alzira ha acordat les persones i entitats guardonades amb les Ins\u00edgnies d\u2019Or 2020"},"content":{"rendered":"<p style=\"text-align: justify;\"><strong>Alzira, 15 de desembre del 2020._<\/strong> Ahir per la vesprada es va reunir la Junta de Portaveus de l&#8217;Ajuntament d&#8217;Alzira per a acordar els guardonats amb les Ins\u00edgnies d&#8217;Or de la Ciutat que el consistori concedix anualment a persones, entitats i associacions diverses que han destacat per la seua labor.<br \/>Ahir mateix ja es va comunicar la decisi\u00f3 als guardonats .<\/p>\n<p style=\"text-align: justify;\">En la modalitat <strong>d&#8217;Humanisme<\/strong>, ser\u00e0 l&#8217;\u00c0rea de Salut P\u00fablica de la Ribera per la seua tasca per a fer front a la pand\u00e8mia del coronavirus; en <strong>Activitats Empresarials,<\/strong> a la Pirot\u00e8cnia Crespo que enguany complix 100 anys; en <strong>Cultura<\/strong>, a M\u00aaDolores Tom\u00e1s Calatayud primera dona d&#8217;Espanya que va obtindr\u00e9 la c\u00e0tedra de vent-flauta i directora del Conservatori Superior de M\u00fasica Joaqu\u00edn Rodrigo; en <strong>Activitats Diverses<\/strong>, al col\u00b7legi d&#8217;advocats d&#8217;Alzira en el 175 anys de la seua creaci\u00f3. En la modalitat <strong>d&#8217;Esports<\/strong>, el Consell Municipal d&#8217;Esports declara desert este guard\u00f3.<\/p>\n<p style=\"text-align: justify;\">En 2020 l&#8217;habitual acte de lliurament del 30 de desembre amb la baixada de la bandera, la cercavila i el plenari queda ajornat fins que les condicions sanit\u00e0ries permeten la seua celebraci\u00f3.<\/p>\n<p style=\"text-align: justify;\">L&#8217;Ajuntament preparar\u00e0 per a eixe dia un acte senzill de recordatori del dia de la ciutat per a commemorar l&#8217;entrada a Alzira de Jaume I. Tindr\u00e0 lloc a les 12 del migdia a la porta del consistori i consistir\u00e0 a la lectura de la proposta de les ins\u00edgnies per al plenari i un parlament. En acabar es llan\u00e7aran carcasses i s&#8217;escoltar\u00e0 l&#8217;himne.<\/p>\n<p style=\"text-align: center;\"><img fetchpriority=\"high\" decoding=\"async\" width=\"1728\" height=\"1152\" class=\" size-full wp-image-52918\" src=\"https:\/\/alzira.es\/wp-content\/uploads\/2020\/12\/Insignies_dOr_2020.jpg\" alt=\"Ins\u00edgnies dOr 2020\" srcset=\"https:\/\/alzira.es\/wp-content\/uploads\/2020\/12\/Insignies_dOr_2020.jpg 1728w, https:\/\/alzira.es\/wp-content\/uploads\/2020\/12\/Insignies_dOr_2020-680x453.jpg 680w, https:\/\/alzira.es\/wp-content\/uploads\/2020\/12\/Insignies_dOr_2020-1430x953.jpg 1430w, https:\/\/alzira.es\/wp-content\/uploads\/2020\/12\/Insignies_dOr_2020-768x512.jpg 768w, https:\/\/alzira.es\/wp-content\/uploads\/2020\/12\/Insignies_dOr_2020-391x260.jpg 391w, https:\/\/alzira.es\/wp-content\/uploads\/2020\/12\/Insignies_dOr_2020-1536x1024.jpg 1536w\" sizes=\"(max-width: 706px) 89vw, (max-width: 767px) 82vw, 740px\" \/><\/p>\n","protected":false},"excerpt":{"rendered":"<p>Alzira, 15 de desembre del 2020._ Ahir per la vesprada es va reunir la Junta de Portaveus de l&#8217;Ajuntament d&#8217;Alzira per a acordar els guardonats amb les Ins\u00edgnies d&#8217;Or de la Ciutat que el consistori concedix anualment a persones, entitats i associacions diverses que han destacat per la seua labor.Ahir mateix ja es va comunicar &hellip; <\/p>\n<p class=\"link-more\"><a href=\"https:\/\/alzira.es\/es\/insignies-d-or-2020-2\/\" class=\"more-link\">Continuar leyendo<span class=\"screen-reader-text\"> \u00abL\u2019Ajuntament d\u2019Alzira ha acordat les persones i entitats guardonades amb les Ins\u00edgnies d\u2019Or 2020\u00bb<\/span><\/a><\/p>\n","protected":false},"author":29,"featured_media":52918,"comment_status":"","ping_status":"","sticky":false,"template":"","format":"standard","meta":{"_acf_changed":false,"footnotes":""},"categories":[],"tags":[],"class_list":["post-52921","post","type-post","status-publish","format-standard","has-post-thumbnail","hentry"],"acf":[],"_links":{"self":[{"href":"https:\/\/alzira.es\/es\/wp-json\/wp\/v2\/posts\/52921","targetHints":{"allow":["GET"]}}],"collection":[{"href":"https:\/\/alzira.es\/es\/wp-json\/wp\/v2\/posts"}],"about":[{"href":"https:\/\/alzira.es\/es\/wp-json\/wp\/v2\/types\/post"}],"author":[{"embeddable":true,"href":"https:\/\/alzira.es\/es\/wp-json\/wp\/v2\/users\/29"}],"replies":[{"embeddable":true,"href":"https:\/\/alzira.es\/es\/wp-json\/wp\/v2\/comments?post=52921"}],"version-history":[{"count":0,"href":"https:\/\/alzira.es\/es\/wp-json\/wp\/v2\/posts\/52921\/revisions"}],"wp:featuredmedia":[{"embeddable":true,"href":"https:\/\/alzira.es\/es\/wp-json\/wp\/v2\/media\/52918"}],"wp:attachment":[{"href":"https:\/\/alzira.es\/es\/wp-json\/wp\/v2\/media?parent=52921"}],"wp:term":[{"taxonomy":"category","embeddable":true,"href":"https:\/\/alzira.es\/es\/wp-json\/wp\/v2\/categories?post=52921"},{"taxonomy":"post_tag","embeddable":true,"href":"https:\/\/alzira.es\/es\/wp-json\/wp\/v2\/tags?post=52921"}],"curies":[{"name":"wp","href":"https:\/\/api.w.org\/{rel}","templated":true}]}}