{"id":52920,"date":"2020-12-15T11:08:09","date_gmt":"2020-12-15T10:08:09","guid":{"rendered":"https:\/\/alzira.es\/insignies-d-or-2020\/"},"modified":"2020-12-15T11:08:09","modified_gmt":"2020-12-15T10:08:09","slug":"insignies-d-or-2020","status":"publish","type":"post","link":"https:\/\/alzira.es\/es\/insignies-d-or-2020\/","title":{"rendered":"El Ayuntamiento de Alzira ha acordado las personas y entidades galardonadas con las Insignias de Oro 2020"},"content":{"rendered":"<p style=\"text-align: justify;\"><strong>Alzira, 15 de diciembre del 2020._<\/strong> Ayer por la tarde se reuni\u00f3 la Junta de Portavoces del Ayuntamiento de Alzira para acordar los galardonados con las Insignias de Oro de la Ciudad que el consistorio concede anualmente a personas, entidades y asociaciones diversas que han destacado por su labor.<br \/>Ayer mismo ya se comunic\u00f3 la decisi\u00f3n a los galardonados .<\/p>\n<p>En la modalidad de<strong> Humanismo<\/strong>, ser\u00e1 el \u00e1rea de Salud P\u00fablica de la Ribera por su tarea para hacer frente a la pandemia del coronavirus; en <strong>Actividades Empresariales<\/strong>, a la Pirotecnia Crespo que este a\u00f1o cumple 100 a\u00f1os; en <strong>Cultura<\/strong>, a M\u00aaDolores Tom\u00e1s Calatayud primera mujer de Espa\u00f1a que obtuvo la c\u00e1tedra de viento-flauta y directora del Conservatorio Superior de M\u00fasica Joaqu\u00edn Rodrigo; en <strong>Actividades Diversas<\/strong>, en el colegio de abogados de Alzira en el 175 a\u00f1os de su creaci\u00f3n. En la modalidad de <strong>Deportes<\/strong>, el Consejo Municipal de Deportes declara desierto este galard\u00f3n.<\/p>\n<p>En 2020 el habitual acto de entrega del 30 de diciembre con la bajada de la bandera, el pasacalle y el plenario queda aplazado hasta que las condiciones sanitarias permiten su celebraci\u00f3n.<\/p>\n<p>El Ayuntamiento preparar\u00e1 para ese d\u00eda un acto sencillo de recordatorio del d\u00eda de la ciudad para conmemorar la entrada a Alzira de Jaime I. Tendr\u00e1 lugar a las 12 del mediod\u00eda a la puerta del consistorio y consistir\u00e1 a la lectura de la propuesta de las insignias para el plenario y un parlamento. Al acabar se lanzar\u00e1n carcasas y se escuchar\u00e1 el himno.<\/p>\n<p style=\"text-align: center;\"><img fetchpriority=\"high\" decoding=\"async\" width=\"1728\" height=\"1152\" class=\" size-full wp-image-52918\" src=\"https:\/\/alzira.es\/wp-content\/uploads\/2020\/12\/Insignies_dOr_2020.jpg\" alt=\"Ins\u00edgnies dOr 2020\" srcset=\"https:\/\/alzira.es\/wp-content\/uploads\/2020\/12\/Insignies_dOr_2020.jpg 1728w, https:\/\/alzira.es\/wp-content\/uploads\/2020\/12\/Insignies_dOr_2020-680x453.jpg 680w, https:\/\/alzira.es\/wp-content\/uploads\/2020\/12\/Insignies_dOr_2020-1430x953.jpg 1430w, https:\/\/alzira.es\/wp-content\/uploads\/2020\/12\/Insignies_dOr_2020-768x512.jpg 768w, https:\/\/alzira.es\/wp-content\/uploads\/2020\/12\/Insignies_dOr_2020-391x260.jpg 391w, https:\/\/alzira.es\/wp-content\/uploads\/2020\/12\/Insignies_dOr_2020-1536x1024.jpg 1536w\" sizes=\"(max-width: 706px) 89vw, (max-width: 767px) 82vw, 740px\" \/><\/p>\n","protected":false},"excerpt":{"rendered":"<p>Alzira, 15 de diciembre del 2020._ Ayer por la tarde se reuni\u00f3 la Junta de Portavoces del Ayuntamiento de Alzira para acordar los galardonados con las Insignias de Oro de la Ciudad que el consistorio concede anualmente a personas, entidades y asociaciones diversas que han destacado por su labor.Ayer mismo ya se comunic\u00f3 la decisi\u00f3n &hellip; <\/p>\n<p class=\"link-more\"><a href=\"https:\/\/alzira.es\/es\/insignies-d-or-2020\/\" class=\"more-link\">Continuar leyendo<span class=\"screen-reader-text\"> \u00abEl Ayuntamiento de Alzira ha acordado las personas y entidades galardonadas con las Insignias de Oro 2020\u00bb<\/span><\/a><\/p>\n","protected":false},"author":29,"featured_media":52918,"comment_status":"","ping_status":"","sticky":false,"template":"","format":"standard","meta":{"_acf_changed":false,"footnotes":""},"categories":[4936],"tags":[],"class_list":["post-52920","post","type-post","status-publish","format-standard","has-post-thumbnail","hentry","category-hemeroteca-es"],"acf":[],"_links":{"self":[{"href":"https:\/\/alzira.es\/es\/wp-json\/wp\/v2\/posts\/52920","targetHints":{"allow":["GET"]}}],"collection":[{"href":"https:\/\/alzira.es\/es\/wp-json\/wp\/v2\/posts"}],"about":[{"href":"https:\/\/alzira.es\/es\/wp-json\/wp\/v2\/types\/post"}],"author":[{"embeddable":true,"href":"https:\/\/alzira.es\/es\/wp-json\/wp\/v2\/users\/29"}],"replies":[{"embeddable":true,"href":"https:\/\/alzira.es\/es\/wp-json\/wp\/v2\/comments?post=52920"}],"version-history":[{"count":0,"href":"https:\/\/alzira.es\/es\/wp-json\/wp\/v2\/posts\/52920\/revisions"}],"wp:featuredmedia":[{"embeddable":true,"href":"https:\/\/alzira.es\/es\/wp-json\/wp\/v2\/media\/52918"}],"wp:attachment":[{"href":"https:\/\/alzira.es\/es\/wp-json\/wp\/v2\/media?parent=52920"}],"wp:term":[{"taxonomy":"category","embeddable":true,"href":"https:\/\/alzira.es\/es\/wp-json\/wp\/v2\/categories?post=52920"},{"taxonomy":"post_tag","embeddable":true,"href":"https:\/\/alzira.es\/es\/wp-json\/wp\/v2\/tags?post=52920"}],"curies":[{"name":"wp","href":"https:\/\/api.w.org\/{rel}","templated":true}]}}