{"id":52905,"date":"2020-12-14T14:37:54","date_gmt":"2020-12-14T13:37:54","guid":{"rendered":"https:\/\/alzira.es\/martinez-dalmau-anuncia-para-2021-las-obras-de-regeneracion-del-grupo-de-vivienda-publica-plaza-la-ribera-de-alzira-2\/"},"modified":"2020-12-14T14:37:54","modified_gmt":"2020-12-14T13:37:54","slug":"martinez-dalmau-anuncia-para-2021-las-obras-de-regeneracion-del-grupo-de-vivienda-publica-plaza-la-ribera-de-alzira-2","status":"publish","type":"post","link":"https:\/\/alzira.es\/es\/martinez-dalmau-anuncia-para-2021-las-obras-de-regeneracion-del-grupo-de-vivienda-publica-plaza-la-ribera-de-alzira-2\/","title":{"rendered":"Mart\u00ednez Dalmau anuncia per a 2021 les obres de regeneraci\u00f3 del grup d&#8217;habitatge p\u00fablic pla\u00e7a La Ribera d&#8217;Alzira"},"content":{"rendered":"<p><strong>&#8211; El vicepresident segon es reuneix amb l&#8217;alcalde de la localitat per a analitzar la situaci\u00f3 de l&#8217;habitatge en el municipi<\/strong><br \/><strong>&#8211; Signatura un conveni amb la Mancomunitat de la Ribera Alta per a crear una oficina Xaloc comarcal d&#8217;habitatge<\/strong><\/p>\n<p>El vicepresident segon i conseller d&#8217;Habitatge i Arquitectura Bioclim\u00e0tica, <strong>Rub\u00e9n Mart\u00ednez Dalmau<\/strong>, ha anunciat que les obres de regeneraci\u00f3 d&#8217;elements comuns i d&#8217;urbanitzaci\u00f3 del grup d&#8217;habitatge p\u00fablic de la pla\u00e7a La Ribera d&#8217;Alzira comen\u00e7aran l&#8217;any vinent.<\/p>\n<p>Aix\u00ed ho ha traslladat en la reuni\u00f3 mantinguda amb l&#8217;alcalde d&#8217;Alzira, <strong>Diego G\u00f3mez<\/strong>, i en la qual ha estat acompanyat per la directora general d&#8217;Innovaci\u00f3 Ecol\u00f2gica en la Construcci\u00f3, <strong>Nuria Matarredonra<\/strong>, i el director general de la Entitat Valenciana d\u00b4Habitatge i S\u00f2l (EVha),<strong> Alberto Aznar<\/strong>. En ella s&#8217;ha fet un balan\u00e7 de la situaci\u00f3 de l&#8217;habitatge en el municipi.<\/p>\n<p>El tema principal de la trobada ha sigut les obres del Pla d&#8217;Intervenci\u00f3 Integral Sostenible (PINNS) que l&#8217;any vinent la Conselleria d&#8217;Habitatge executar\u00e0 en pla\u00e7a La Ribera, amb un pressupost estimat d&#8217;1.452.000 euros. La previsi\u00f3 \u00e9s licitar les obres en el primer trimestre del pr\u00f2xim any i poder iniciar-les a l&#8217;estiu.<\/p>\n<p><em>\u00abSeguim amb el Pla de Dignificaci\u00f3 del nostre parc p\u00fablic i aquesta actuaci\u00f3 a Alzira millorar\u00e0 la vida de 55 fam\u00edlies que resideixen en aquest grup\u00bb<\/em>, ha assegurat Mart\u00ednez Dalmau.<\/p>\n<p>La Conselleria d&#8217;Habitatge est\u00e0 desenvolupant PINNS en diversos grups d&#8217;habitatge p\u00fablic de municipis com Massamagrell, La Vall d&#8217;Uix\u00f3 o Almorad\u00ed, entre altres, sent el d&#8217;Alzira un dels plans m\u00e9s ambiciosos ja que comptar\u00e0 amb un dels majors pressupostos.<\/p>\n<p>Les actuacions previstes inclouen la demolici\u00f3 del bloc 2, amb un total de 25 d&#8217;habitatges, declarat en ru\u00efna. Aix\u00f2 permetr\u00e0 una major obertura de l&#8217;espai i una millor integraci\u00f3 urbana del grup.<\/p>\n<p>A m\u00e9s, s&#8217;adequaran els vest\u00edbuls i elements comuns, aix\u00ed com les instal\u00b7lacions dels subministraments. Es repararan fa\u00e7anes i cobertes, i es renovar\u00e0 la xarxa de sanejament. Els treballs tamb\u00e9 inclouran la millora de l&#8217;accessibilitat, l&#8217;enllumenat i la reparaci\u00f3 dels habitatges buits recuperats en el grup.<\/p>\n<p>D&#8217;altra banda, tamb\u00e9 s&#8217;ha parlat sobre els huit habitatges adquirides a Alzira per la Conselleria, dins del concurs de compra d&#8217;immobles en municipis de la Comunitat per a la seua incorporaci\u00f3 al patrimoni p\u00fablic, amb una inversi\u00f3 de 782.608 euros. Aquests immobles se cediran en lloguer social.<\/p>\n<p>Mart\u00ednez Dalmau ha explicat que Alzira ha sigut una de les ciutats on m\u00e9s habitatges s&#8217;han adquirit en l&#8217;\u00faltim concurs, <em>\u00abuns immobles en molt bon estat i d&#8217;alta qualitat, perqu\u00e8 volem que les persones que visquen al parc p\u00fablic tinguen les condicions apropiades d&#8217;habitabilitat\u00bb<\/em>.<\/p>\n<p>Mart\u00ednez Dalmau ha destacat <em>\u00abl&#8217;esfor\u00e7 que des del Consell s&#8217;est\u00e0 fent per augmentar i dignificar el parc p\u00fablic d&#8217;habitatge\u00bb<\/em>. Des de juliol de 2015, la Generalitat ha invertit un total de 435.000 euros en actuacions de millora i reparacions del parc p\u00fablic d&#8217;Alzira i ha adjudicat habitatges.<\/p>\n<p>Despr\u00e9s de visitar el grup de pla\u00e7a La Ribera, el vicepresident s&#8217;ha traslladat a Torretx\u00f3 Baix i Pla\u00e7a de Germanies, zones d&#8217;Alzira en les quals la Conselleria t\u00e9 previst desenvolupar obres de millora.<\/p>\n<p><em>\u00abEuropan, un dels concursos m\u00e9s interessants en mat\u00e8ria de regeneraci\u00f3 urbana, tindr\u00e0 a Alzira un dels exemples de com s&#8217;ha de regenerar una \u00e0rea, la del Torretx\u00f3 Baix, la qual cosa ajudar\u00e0 a consolidar la ciutat\u00bb<\/em>, ha declarat.<\/p>\n<p><strong>Conveni oficina Xaloc<\/strong><\/p>\n<p>A continuaci\u00f3, el vicepresident segon, acompanyat per la directora general de Coordinaci\u00f3 Institucional d&#8217;Habitatge, Adoraci\u00f3n Guam\u00e1n, s&#8217;ha traslladat a l&#8217;Oficina Comarcal d&#8217;Habitatge de la Mancomunitat de la Ribera Alta, tamb\u00e9 a Alzira. All\u00ed, al costat de l&#8217;alcalde de Sumac\u00e0rcer i president de la Mancomunitat, <strong>Txema Pel\u00e1ez<\/strong>, ha signat el conveni per al projecte d&#8217;innovaci\u00f3 de posada en marxa d&#8217;una oficina de la xarxa Xaloc, amb servei de finestreta \u00fanica en mat\u00e8ria d&#8217;habitatge, rehabilitaci\u00f3 d&#8217;edificis i regeneraci\u00f3 urbana. Per a aix\u00f2, la Conselleria invertir\u00e0 178.576 euros.<\/p>\n<p>Es tracta de la tercera oficina Xaloc, despr\u00e9s de Gandia i D\u00e9nia, i la primera oficina que donar\u00e0 servei a tota la comarca. Per a Mart\u00ednez Dalmau, aquesta xarxa, que comptar\u00e0 amb 4 milions d&#8217;euros en 2021,<em> \u00abens permetr\u00e0 tindre informaci\u00f3 de qualitat sobre les necessitats reals dels municipis, tot aix\u00f2 amb una gesti\u00f3 efica\u00e7 i eficient de recursos i una major agilitat en la tramitaci\u00f3\u00bb<\/em>.<\/p>\n<p>A m\u00e9s, ha ressaltat<em> \u00abla import\u00e0ncia de *municipalizar les pol\u00edtiques d&#8217;habitatge, perqu\u00e8 actue el que est\u00e0 m\u00e9s a prop, per\u00f2 sempre amb la col\u00b7laboraci\u00f3 i supervisi\u00f3 de la Generalitat\u00bb.<\/em><\/p>\n<p>El conveni tindr\u00e0 una vig\u00e8ncia d&#8217;un any, que podr\u00e0 prorrogar-se anualment fins a un m\u00e0xim de quatre anys. Estableix les activitats que s&#8217;encomanen a la mancomunitat i que s&#8217;organitzen en cinc unitats de servei: unitat de finestreta \u00fanica en mat\u00e8ria d&#8217;habitatge, rehabilitaci\u00f3 d&#8217;edificis i regeneraci\u00f3 urbana; unitat de gesti\u00f3 de l&#8217;h\u00e0bitat; unitat de protecci\u00f3 de la tinen\u00e7a de l&#8217;habitatge i unitat d&#8217;Observatori Local de l&#8217;Habitatge.<\/p>\n<p>Amb tot aix\u00f2,<em> \u00abestem conven\u00e7uts que en els pr\u00f2xims anys es veur\u00e0 aqueix canvi de paradigma de l&#8217;habitatge que planteja la Generalitat\u00bb<\/em>, ha concl\u00f2s el vicepresident.<\/p>\n<p><img fetchpriority=\"high\" decoding=\"async\" class=\" size-full wp-image-52902\" style=\"display: block; margin-left: auto; margin-right: auto;\" src=\"https:\/\/alzira.es\/wp-content\/uploads\/2020\/12\/Alzira.jpg\" alt=\"Alzira\" width=\"1000\" height=\"670\" \/><\/p>\n","protected":false},"excerpt":{"rendered":"<p>&#8211; El vicepresident segon es reuneix amb l&#8217;alcalde de la localitat per a analitzar la situaci\u00f3 de l&#8217;habitatge en el municipi&#8211; Signatura un conveni amb la Mancomunitat de la Ribera Alta per a crear una oficina Xaloc comarcal d&#8217;habitatge El vicepresident segon i conseller d&#8217;Habitatge i Arquitectura Bioclim\u00e0tica, Rub\u00e9n Mart\u00ednez Dalmau, ha anunciat que les &hellip; <\/p>\n<p class=\"link-more\"><a href=\"https:\/\/alzira.es\/es\/martinez-dalmau-anuncia-para-2021-las-obras-de-regeneracion-del-grupo-de-vivienda-publica-plaza-la-ribera-de-alzira-2\/\" class=\"more-link\">Continuar leyendo<span class=\"screen-reader-text\"> \u00abMart\u00ednez Dalmau anuncia per a 2021 les obres de regeneraci\u00f3 del grup d&#8217;habitatge p\u00fablic pla\u00e7a La Ribera d&#8217;Alzira\u00bb<\/span><\/a><\/p>\n","protected":false},"author":29,"featured_media":52902,"comment_status":"","ping_status":"","sticky":false,"template":"","format":"standard","meta":{"_acf_changed":false,"footnotes":""},"categories":[],"tags":[],"class_list":["post-52905","post","type-post","status-publish","format-standard","has-post-thumbnail","hentry"],"acf":[],"_links":{"self":[{"href":"https:\/\/alzira.es\/es\/wp-json\/wp\/v2\/posts\/52905","targetHints":{"allow":["GET"]}}],"collection":[{"href":"https:\/\/alzira.es\/es\/wp-json\/wp\/v2\/posts"}],"about":[{"href":"https:\/\/alzira.es\/es\/wp-json\/wp\/v2\/types\/post"}],"author":[{"embeddable":true,"href":"https:\/\/alzira.es\/es\/wp-json\/wp\/v2\/users\/29"}],"replies":[{"embeddable":true,"href":"https:\/\/alzira.es\/es\/wp-json\/wp\/v2\/comments?post=52905"}],"version-history":[{"count":0,"href":"https:\/\/alzira.es\/es\/wp-json\/wp\/v2\/posts\/52905\/revisions"}],"wp:featuredmedia":[{"embeddable":true,"href":"https:\/\/alzira.es\/es\/wp-json\/wp\/v2\/media\/52902"}],"wp:attachment":[{"href":"https:\/\/alzira.es\/es\/wp-json\/wp\/v2\/media?parent=52905"}],"wp:term":[{"taxonomy":"category","embeddable":true,"href":"https:\/\/alzira.es\/es\/wp-json\/wp\/v2\/categories?post=52905"},{"taxonomy":"post_tag","embeddable":true,"href":"https:\/\/alzira.es\/es\/wp-json\/wp\/v2\/tags?post=52905"}],"curies":[{"name":"wp","href":"https:\/\/api.w.org\/{rel}","templated":true}]}}