{"id":52904,"date":"2020-12-14T14:37:54","date_gmt":"2020-12-14T13:37:54","guid":{"rendered":"https:\/\/alzira.es\/martinez-dalmau-anuncia-para-2021-las-obras-de-regeneracion-del-grupo-de-vivienda-publica-plaza-la-ribera-de-alzira\/"},"modified":"2020-12-14T14:37:54","modified_gmt":"2020-12-14T13:37:54","slug":"martinez-dalmau-anuncia-para-2021-las-obras-de-regeneracion-del-grupo-de-vivienda-publica-plaza-la-ribera-de-alzira","status":"publish","type":"post","link":"https:\/\/alzira.es\/es\/martinez-dalmau-anuncia-para-2021-las-obras-de-regeneracion-del-grupo-de-vivienda-publica-plaza-la-ribera-de-alzira\/","title":{"rendered":"Mart\u00ednez Dalmau anuncia para 2021 las obras de regeneraci\u00f3n del grupo de vivienda p\u00fablica plaza La Ribera de Alzira"},"content":{"rendered":"<p><strong>&#8211; El vicepresidente segundo se re\u00fane con el alcalde de la localidad para analizar la situaci\u00f3n de la vivienda en el municipio<\/strong><br \/><strong>&#8211; Firma un convenio con la Mancomunitat de la Ribera Alta para crear una oficina Xaloc comarcal de vivienda<\/strong><\/p>\n<p>El vicepresidente segundo y conseller de Vivienda y Arquitectura Bioclim\u00e1tica, <strong>Rub\u00e9n Mart\u00ednez Dalmau<\/strong>, ha anunciado que las obras de regeneraci\u00f3n de elementos comunes y de urbanizaci\u00f3n del grupo de vivienda p\u00fablica de la plaza La Ribera de Alzira comenzar\u00e1n el pr\u00f3ximo a\u00f1o.<\/p>\n<p>As\u00ed lo ha trasladado en la reuni\u00f3n mantenida con el alcalde de Alzira, <strong>Diego G\u00f3mez<\/strong>, y en la que ha estado acompa\u00f1ado por la directora general de Innovaci\u00f3n Ecol\u00f3gica en la Construcci\u00f3n, <strong>Nuria Matarredonra<\/strong>, y el director general de la Entitat Valenciana d\u00b4Habitatge i S\u00f2l (EVha),<strong> Alberto Aznar<\/strong>. En ella se ha hecho un balance de la situaci\u00f3n de la vivienda en el municipio.<\/p>\n<p>El tema principal del encuentro ha sido las obras del Plan de Intervenci\u00f3n Integral Sostenible (PINNS) que el pr\u00f3ximo a\u00f1o la Conselleria de Vivienda va a ejecutar en plaza La Ribera, con un presupuesto estimado de 1.452.000 euros. La previsi\u00f3n es licitar las obras en el primer trimestre del pr\u00f3ximo a\u00f1o y poder iniciarlas en verano.<\/p>\n<p><em>\u00abSeguimos con el Plan de Dignificaci\u00f3n de nuestro parque p\u00fablico y esta actuaci\u00f3n en Alzira mejorar\u00e1 la vida de 55 familias que residen en este grupo\u00bb<\/em>, ha asegurado Mart\u00ednez Dalmau.<\/p>\n<p>La Conselleria de Vivienda est\u00e1 desarrollando PINNS en varios grupos de vivienda p\u00fablica de municipios como Massamagrell, La Vall d&#8217;Uix\u00f3 o Almorad\u00ed, entre otros, siendo el de Alzira uno de los planes m\u00e1s ambiciosos ya que contar\u00e1 con uno de los mayores presupuestos.<\/p>\n<p>Las actuaciones previstas incluyen la demolici\u00f3n del bloque 2, con un total de 25 de viviendas, declarado en ruina. Esto permitir\u00e1 una mayor apertura del espacio y una mejor integraci\u00f3n urbana del grupo.<\/p>\n<p>Adem\u00e1s, se adecuar\u00e1n los zaguanes y elementos comunes, as\u00ed como las instalaciones de los suministros. Se reparar\u00e1n fachadas y cubiertas, y se renovar\u00e1 la red de saneamiento. Los trabajos tambi\u00e9n incluir\u00e1n la mejora de la accesibilidad, el alumbrado y la reparaci\u00f3n de las viviendas vac\u00edas recuperadas en el grupo.<\/p>\n<p>Por otra parte, tambi\u00e9n se ha hablado sobre las ocho viviendas adquiridas en Alzira por la Conselleria, dentro del concurso de compra de inmuebles en municipios de la Comunitat para su incorporaci\u00f3n al patrimonio p\u00fablico, con una inversi\u00f3n de 782.608 euros. Estos inmuebles se ceder\u00e1n en alquiler social.<\/p>\n<p>Mart\u00ednez Dalmau ha explicado que Alzira ha sido una de las ciudades donde m\u00e1s viviendas se han adquirido en el \u00faltimo concurso,<em> \u00abunos inmuebles en muy buen estado y de alta calidad, porque queremos que las personas que vivan en el parque p\u00fablico tengan las condiciones apropiadas de habitabilidad\u00bb<\/em>.<\/p>\n<p>Mart\u00ednez Dalmau ha destacado el <em>\u00abesfuerzo que desde el Consell se est\u00e1 haciendo por aumentar y dignificar el parque p\u00fablico de vivienda\u00bb<\/em>. Desde julio de 2015, la Generalitat ha invertido un total de 435.000 euros en actuaciones de mejora y reparaciones del parque p\u00fablico de Alzira y ha adjudicado viviendas.<\/p>\n<p>Tras visitar el grupo de plaza La Ribera, el vicepresidente se ha trasladado a Torretx\u00f3 Baix y Pla\u00e7a de Germanies, zonas de Alzira en las que la Conselleria tiene previsto desarrollar obras de mejora.<\/p>\n<p><em>\u00abEuropan, uno de los concursos m\u00e1s interesantes en materia de regeneraci\u00f3n urbana, tendr\u00e1 en Alzira uno de los ejemplos de c\u00f3mo se debe regenerar un \u00e1rea, la del Torretx\u00f3 Baix, lo que ayudar\u00e1 a consolidar la ciudad\u00bb<\/em>, ha declarado.<\/p>\n<p><strong>Convenio oficina Xaloc<\/strong><\/p>\n<p>A continuaci\u00f3n, el vicepresidente segundo, acompa\u00f1ado por la directora general de Coordinaci\u00f3n Institucional de Vivienda, Adoraci\u00f3n Guam\u00e1n, se ha trasladado a la Oficina Comarcal de Vivienda de la Mancomunitat de la Ribera Alta, tambi\u00e9n en Alzira. All\u00ed, junto al alcalde de Sumac\u00e0rcer y presidente de la Mancomunitat,<strong> Txema Pel\u00e1ez<\/strong>, ha firmado el convenio para el proyecto de innovaci\u00f3n de puesta en marcha de una oficina de la red Xaloc, con servicio de ventanilla \u00fanica en materia de vivienda, rehabilitaci\u00f3n de edificios y regeneraci\u00f3n urbana. Para ello, la Conselleria invertir\u00e1 178.576 euros.<\/p>\n<p>Se trata de la tercera oficina Xaloc, despu\u00e9s de Gandia i D\u00e9nia, y la primera oficina que dar\u00e1 servicio a toda la comarca. Para Mart\u00ednez Dalmau, esta red, que contar\u00e1 con 4 millones de euros en 2021,<em> \u00abnos permitir\u00e1 tener informaci\u00f3n de calidad sobre las necesidades reales de los municipios, todo ello con una gesti\u00f3n eficaz y eficiente de recursos y una mayor agilidad en la tramitaci\u00f3n\u00bb<\/em>.<\/p>\n<p>Adem\u00e1s, ha resaltado <em>\u00abla importancia de municipalizar las pol\u00edticas de vivienda, para que act\u00fae el que est\u00e1 m\u00e1s cerca, pero siempre con la colaboraci\u00f3n y supervisi\u00f3n de la Generalitat\u00bb<\/em>.<\/p>\n<p>El convenio tendr\u00e1 una vigencia de un a\u00f1o, que podr\u00e1 prorrogarse anualmente hasta un m\u00e1ximo de cuatro a\u00f1os. Establece las actividades que se encomiendan a la mancomunidad y que se organizan en cinco unidades de servicio: unidad de ventanilla \u00fanica en materia de vivienda, rehabilitaci\u00f3n de edificios y regeneraci\u00f3n urbana; unidad de gesti\u00f3n del h\u00e1bitat; unidad de protecci\u00f3n de la tenencia de la vivienda y unidad de Observatorio Local de la Vivienda.<\/p>\n<p>Con todo ello, <em>\u00abestamos convencidos de que en los pr\u00f3ximos a\u00f1os se ver\u00e1 ese cambio de paradigma de la vivienda que plantea la Generalitat\u00bb<\/em>, ha concluido el vicepresidente.<\/p>\n<p><img fetchpriority=\"high\" decoding=\"async\" class=\" size-full wp-image-52902\" style=\"display: block; margin-left: auto; margin-right: auto;\" src=\"https:\/\/alzira.es\/wp-content\/uploads\/2020\/12\/Alzira.jpg\" alt=\"Alzira\" width=\"1000\" height=\"670\" \/><\/p>\n","protected":false},"excerpt":{"rendered":"<p>&#8211; El vicepresidente segundo se re\u00fane con el alcalde de la localidad para analizar la situaci\u00f3n de la vivienda en el municipio&#8211; Firma un convenio con la Mancomunitat de la Ribera Alta para crear una oficina Xaloc comarcal de vivienda El vicepresidente segundo y conseller de Vivienda y Arquitectura Bioclim\u00e1tica, Rub\u00e9n Mart\u00ednez Dalmau, ha anunciado &hellip; <\/p>\n<p class=\"link-more\"><a href=\"https:\/\/alzira.es\/es\/martinez-dalmau-anuncia-para-2021-las-obras-de-regeneracion-del-grupo-de-vivienda-publica-plaza-la-ribera-de-alzira\/\" class=\"more-link\">Continuar leyendo<span class=\"screen-reader-text\"> \u00abMart\u00ednez Dalmau anuncia para 2021 las obras de regeneraci\u00f3n del grupo de vivienda p\u00fablica plaza La Ribera de Alzira\u00bb<\/span><\/a><\/p>\n","protected":false},"author":29,"featured_media":52902,"comment_status":"","ping_status":"","sticky":false,"template":"","format":"standard","meta":{"_acf_changed":false,"footnotes":""},"categories":[4936],"tags":[],"class_list":["post-52904","post","type-post","status-publish","format-standard","has-post-thumbnail","hentry","category-hemeroteca-es"],"acf":[],"_links":{"self":[{"href":"https:\/\/alzira.es\/es\/wp-json\/wp\/v2\/posts\/52904","targetHints":{"allow":["GET"]}}],"collection":[{"href":"https:\/\/alzira.es\/es\/wp-json\/wp\/v2\/posts"}],"about":[{"href":"https:\/\/alzira.es\/es\/wp-json\/wp\/v2\/types\/post"}],"author":[{"embeddable":true,"href":"https:\/\/alzira.es\/es\/wp-json\/wp\/v2\/users\/29"}],"replies":[{"embeddable":true,"href":"https:\/\/alzira.es\/es\/wp-json\/wp\/v2\/comments?post=52904"}],"version-history":[{"count":0,"href":"https:\/\/alzira.es\/es\/wp-json\/wp\/v2\/posts\/52904\/revisions"}],"wp:featuredmedia":[{"embeddable":true,"href":"https:\/\/alzira.es\/es\/wp-json\/wp\/v2\/media\/52902"}],"wp:attachment":[{"href":"https:\/\/alzira.es\/es\/wp-json\/wp\/v2\/media?parent=52904"}],"wp:term":[{"taxonomy":"category","embeddable":true,"href":"https:\/\/alzira.es\/es\/wp-json\/wp\/v2\/categories?post=52904"},{"taxonomy":"post_tag","embeddable":true,"href":"https:\/\/alzira.es\/es\/wp-json\/wp\/v2\/tags?post=52904"}],"curies":[{"name":"wp","href":"https:\/\/api.w.org\/{rel}","templated":true}]}}