{"id":52901,"date":"2020-12-14T13:12:05","date_gmt":"2020-12-14T12:12:05","guid":{"rendered":"https:\/\/alzira.es\/al-muma-la-murta-un-riu-d-inspiracio-la-murta-i-els-seus-racons-i-les-obres-del-segon-salo-de-tardor-del-realisme-2\/"},"modified":"2020-12-14T13:12:05","modified_gmt":"2020-12-14T12:12:05","slug":"al-muma-la-murta-un-riu-d-inspiracio-la-murta-i-els-seus-racons-i-les-obres-del-segon-salo-de-tardor-del-realisme-2","status":"publish","type":"post","link":"https:\/\/alzira.es\/es\/al-muma-la-murta-un-riu-d-inspiracio-la-murta-i-els-seus-racons-i-les-obres-del-segon-salo-de-tardor-del-realisme-2\/","title":{"rendered":"Al MUMA \u00abLa Murta, un riu d&#8217;inspiraci\u00f3. La Murta i els seus racons\u00bb i les obres del segon Sal\u00f3 de Tardor del Realisme"},"content":{"rendered":"<h3>Despr\u00e9s de setmanes d&#8217;inactivitat per for\u00e7a major a causa de la pand\u00e8mia de la Covid-19, les restriccions passen a ser m\u00e9s flexibles, per la qual cosa el MUMA repr\u00e9n la seua activitat expositiva en les seues dos sales temporals.<\/h3>\n<p>&nbsp;<\/p>\n<p><strong>SALA TEMPORAL 1<\/strong><\/p>\n<p>Des de dem\u00e0 dimarts 15 de desembre i fins al diumenge 17 de gener la Sala 1 del MUMA acull l&#8217;exposici\u00f3 <em>\u00abLa Murta, un riu d&#8217;inspiraci\u00f3. La Murta i els seus racons\u00bb<\/em>.<\/p>\n<p>Es tracta d&#8217;una activitat promoguda des de la Regidoria de Patrimoni Cultural junt amb l&#8217;Associaci\u00f3 <em>\u00abAmics de la Murta\u00bb<\/em>, en la que han participat diversos artistes de l&#8217;Associaci\u00f3 Cultural d&#8217;Artistes Pl\u00e0stics i Visuals d&#8217;Alzira i Comarca.<\/p>\n<p>Hauria d&#8217;haver consistit en una jornada a l&#8217;aire lliure per a visitar la vall de la Murta i reproduir imatges inspirades en els atractius patrimonials i naturals que envolten este emblem\u00e0tic paratge municipal tan estimat pels alzirenys, la qual cosa no va ser possible a causa de les restriccions derivades de les mesures sanit\u00e0ries per a fer front a la pand\u00e8mia de la Covid-19. No obstant aix\u00f2 no ha suposat cap impediment perqu\u00e8 els artistes de manera independent hagen pogut realitzar els seus treballs i aportar la seua visi\u00f3 art\u00edstica de l&#8217;emblem\u00e0tic paratge.<\/p>\n<p><em>\u00abLes inspiracions dels artistes participants s\u00f3n les que formaran part d&#8217;esta interessant exposici\u00f3, per tant no podem oblidar donar les gr\u00e0cies a<\/em> <strong>Antonio Espinar<\/strong>; <strong>Matilde Puig<\/strong>; <strong>Teresa \u00cd\u00f1igo March<\/strong>; <strong>Ana Au\u00f1\u00f3n<\/strong>; <strong>Mar\u00eda Carmen Oliver Pau<\/strong>; <strong>Antonio Climent<\/strong>; <strong>Chelo Alario<\/strong>; <strong>Bernardo Vidal<\/strong>; <strong>Patricia Ballesteros<\/strong>; <strong>Ana Herguijuela<\/strong>; <strong>Mila P\u00e9rez<\/strong>; <strong>Isabel Moreno Monta\u00f1es<\/strong> i<strong> Empar Boix<\/strong>,<em> per haver participat en esta activitat i deixar-nos admirar les seues aportacions personals al voltant del paratge de la Murta\u00bb<\/em>, ha manifestat <strong>Isabel Aguilar<\/strong>, regidora de Patrimoni Cultural de l&#8217;Ajuntament d&#8217;Alzira.<\/p>\n<p><strong>SALA TEMPORAL 2<\/strong><\/p>\n<p>Pel que respecta a la Sala 2 acollir\u00e0 l&#8217;exposici\u00f3 del 2n. <em>Sal\u00f3 de Tardor del Realisme<\/em>, dins del Certamen Nacional de Pintura, organitzat per <strong>Josep Franc\u00e9s<\/strong>, amb la col\u2022laboraci\u00f3 de l&#8217;Ajuntament d&#8217;Alzira.<\/p>\n<p>La Sala Lorenzo di Medici, regentada per Franc\u00e9s, va convocar el concurs que du el seu nom i al qual es van presentar 38 obres de diferents artistes, que van estar exposades del 30 d&#8217;octubre fins al 20 de novembre en la dita sala expositiva.<\/p>\n<p><strong>Els guanyadors del certamen van ser:<\/strong><\/p>\n<p><strong>1r premi<\/strong>: <em>\u00abParad\u00eds\u00bb<\/em> de <strong>Mar\u00eda Dur\u00e0 <\/strong>d&#8217;Elx. Una magn\u00edfica obra pintada en oli damunt de llen\u00e7 que reprodueix amb molta perfecci\u00f3 i profusi\u00f3 de detalls, un exuberant jard\u00ed.<\/p>\n<p><strong>La categoria de les obres presentades va fer que es concediren quatre medalles als finalistes:<\/strong><\/p>\n<p><strong>1a medalla:<\/strong> <em>\u00abLa mar a la m\u00e0\u00bb<\/em> de <strong>Carolina Guarinos<\/strong>, d&#8217;Alcoi.<br \/><strong>2a medalla:<\/strong> <em>\u00abPeixets\u00bb<\/em> de<strong> Jos\u00e9 Linares<\/strong>, de Barcelona.<br \/><strong>3a medalla:<\/strong> <em>\u00abNad\u00f3\u00bb<\/em> d&#8217;<strong>Ignacio Carrasco<\/strong>, de Val\u00e8ncia.<br \/><strong>4a medalla:<\/strong> <em>\u00abDesde mi ventana\u00bb<\/em> de <strong>Juan Manuel Campos<\/strong>, de Madrid.<\/p>\n<p>L&#8217;ajuntament ha editat un cat\u00e0leg de l&#8217;exposici\u00f3 en el que es poden contemplar algunes de les obres exposades.<\/p>\n<p><em>\u00abAra que tenim de nou la possibilitat de reprendre l&#8217;activitat, comptant amb totes les mesures de seguretat establides pel Ministeri de Sanitat, tenim una magn\u00edfica ocasi\u00f3 per admirar fant\u00e0stiques obres que ens aporten una visi\u00f3 personal i evocadora de cada una de les escenes que han representat en els llen\u00e7os els artistes que formen part de les dos exposicions, tant en la Sala 1 com en la 2 del MUMA\u00bb<\/em>, ha manifestat la regidora.<\/p>\n<p><img fetchpriority=\"high\" decoding=\"async\" class=\" size-full wp-image-52896\" style=\"display: block; margin-left: auto; margin-right: auto;\" src=\"https:\/\/alzira.es\/wp-content\/uploads\/2020\/12\/MUMA_BAJA_1.jpeg\" alt=\"MUMA BAJA 1\" width=\"1000\" height=\"450\" srcset=\"https:\/\/alzira.es\/wp-content\/uploads\/2020\/12\/MUMA_BAJA_1.jpeg 1600w, https:\/\/alzira.es\/wp-content\/uploads\/2020\/12\/MUMA_BAJA_1-680x306.jpeg 680w, https:\/\/alzira.es\/wp-content\/uploads\/2020\/12\/MUMA_BAJA_1-1430x644.jpeg 1430w, https:\/\/alzira.es\/wp-content\/uploads\/2020\/12\/MUMA_BAJA_1-768x346.jpeg 768w, https:\/\/alzira.es\/wp-content\/uploads\/2020\/12\/MUMA_BAJA_1-1536x691.jpeg 1536w\" sizes=\"(max-width: 706px) 89vw, (max-width: 767px) 82vw, 740px\" \/><\/p>\n<p><img decoding=\"async\" class=\"size-full wp-image-52898 lazyload\" style=\"--smush-placeholder-width: 1000px; --smush-placeholder-aspect-ratio: 1000\/450;display: block; margin-left: auto; margin-right: auto;\" data-src=\"https:\/\/alzira.es\/wp-content\/uploads\/2020\/12\/MUMA_BAJA_2.jpeg\" alt=\"MUMA BAJA 2\" width=\"1000\" height=\"450\" data-srcset=\"https:\/\/alzira.es\/wp-content\/uploads\/2020\/12\/MUMA_BAJA_2.jpeg 1600w, https:\/\/alzira.es\/wp-content\/uploads\/2020\/12\/MUMA_BAJA_2-680x306.jpeg 680w, https:\/\/alzira.es\/wp-content\/uploads\/2020\/12\/MUMA_BAJA_2-1430x644.jpeg 1430w, https:\/\/alzira.es\/wp-content\/uploads\/2020\/12\/MUMA_BAJA_2-768x346.jpeg 768w, https:\/\/alzira.es\/wp-content\/uploads\/2020\/12\/MUMA_BAJA_2-1536x691.jpeg 1536w\" data-sizes=\"(max-width: 706px) 89vw, (max-width: 767px) 82vw, 740px\" src=\"data:image\/svg+xml;base64,PHN2ZyB3aWR0aD0iMSIgaGVpZ2h0PSIxIiB4bWxucz0iaHR0cDovL3d3dy53My5vcmcvMjAwMC9zdmciPjwvc3ZnPg==\" \/><\/p>\n","protected":false},"excerpt":{"rendered":"<p>Despr\u00e9s de setmanes d&#8217;inactivitat per for\u00e7a major a causa de la pand\u00e8mia de la Covid-19, les restriccions passen a ser m\u00e9s flexibles, per la qual cosa el MUMA repr\u00e9n la seua activitat expositiva en les seues dos sales temporals. &nbsp; SALA TEMPORAL 1 Des de dem\u00e0 dimarts 15 de desembre i fins al diumenge 17 &hellip; <\/p>\n<p class=\"link-more\"><a href=\"https:\/\/alzira.es\/es\/al-muma-la-murta-un-riu-d-inspiracio-la-murta-i-els-seus-racons-i-les-obres-del-segon-salo-de-tardor-del-realisme-2\/\" class=\"more-link\">Continuar leyendo<span class=\"screen-reader-text\"> \u00abAl MUMA \u00abLa Murta, un riu d&#8217;inspiraci\u00f3. La Murta i els seus racons\u00bb i les obres del segon Sal\u00f3 de Tardor del Realisme\u00bb<\/span><\/a><\/p>\n","protected":false},"author":29,"featured_media":52896,"comment_status":"","ping_status":"","sticky":false,"template":"","format":"standard","meta":{"_acf_changed":false,"footnotes":""},"categories":[],"tags":[],"class_list":["post-52901","post","type-post","status-publish","format-standard","has-post-thumbnail","hentry"],"acf":[],"_links":{"self":[{"href":"https:\/\/alzira.es\/es\/wp-json\/wp\/v2\/posts\/52901","targetHints":{"allow":["GET"]}}],"collection":[{"href":"https:\/\/alzira.es\/es\/wp-json\/wp\/v2\/posts"}],"about":[{"href":"https:\/\/alzira.es\/es\/wp-json\/wp\/v2\/types\/post"}],"author":[{"embeddable":true,"href":"https:\/\/alzira.es\/es\/wp-json\/wp\/v2\/users\/29"}],"replies":[{"embeddable":true,"href":"https:\/\/alzira.es\/es\/wp-json\/wp\/v2\/comments?post=52901"}],"version-history":[{"count":0,"href":"https:\/\/alzira.es\/es\/wp-json\/wp\/v2\/posts\/52901\/revisions"}],"wp:featuredmedia":[{"embeddable":true,"href":"https:\/\/alzira.es\/es\/wp-json\/wp\/v2\/media\/52896"}],"wp:attachment":[{"href":"https:\/\/alzira.es\/es\/wp-json\/wp\/v2\/media?parent=52901"}],"wp:term":[{"taxonomy":"category","embeddable":true,"href":"https:\/\/alzira.es\/es\/wp-json\/wp\/v2\/categories?post=52901"},{"taxonomy":"post_tag","embeddable":true,"href":"https:\/\/alzira.es\/es\/wp-json\/wp\/v2\/tags?post=52901"}],"curies":[{"name":"wp","href":"https:\/\/api.w.org\/{rel}","templated":true}]}}