{"id":52900,"date":"2020-12-14T13:12:05","date_gmt":"2020-12-14T12:12:05","guid":{"rendered":"https:\/\/alzira.es\/al-muma-la-murta-un-riu-d-inspiracio-la-murta-i-els-seus-racons-i-les-obres-del-segon-salo-de-tardor-del-realisme\/"},"modified":"2020-12-14T13:12:05","modified_gmt":"2020-12-14T12:12:05","slug":"al-muma-la-murta-un-riu-d-inspiracio-la-murta-i-els-seus-racons-i-les-obres-del-segon-salo-de-tardor-del-realisme","status":"publish","type":"post","link":"https:\/\/alzira.es\/es\/al-muma-la-murta-un-riu-d-inspiracio-la-murta-i-els-seus-racons-i-les-obres-del-segon-salo-de-tardor-del-realisme\/","title":{"rendered":"Al MUMA \u00abLa Murta, un riu d&#8217;inspiraci\u00f3. La Murta i els seus racons\u00bb y las obras del segundo Sal\u00f3n de Oto\u00f1o del Realismo"},"content":{"rendered":"<h3>Despu\u00e9s de semanas de inactividad por fuerza mayor a causa de la pandemia de la Covid-19, las restricciones pasan a ser m\u00e1s flexibles, por lo cual el MUMA retoma su actividad expositiva en sus dos salas temporales.<\/h3>\n<p>&nbsp;<\/p>\n<p><strong>SALA TEMPORAL 1<\/strong><\/p>\n<p>Desde ma\u00f1ana martes 15 de diciembre y hasta el domingo 17 de enero la Sala 1 del MUMA acoge la exposici\u00f3n <em>\u00abLa Murta, un r\u00edo de inspiraci\u00f3n. La Murta y sus rincones\u00bb<\/em>.<\/p>\n<p>Se trata de una actividad promovida desde la Concejal\u00eda de Patrimonio Cultural junto con la Asociaci\u00f3n <em>\u00abAmics de la Murta\u00bb<\/em>, en la que han participado varios artistas de la Asociaci\u00f3n Cultural de Artistas Pl\u00e1sticos y Visuales de Alzira y Comarca.<\/p>\n<p>Tendr\u00eda que haber consistido en una jornada al aire libre para visitar el valle de la Murta y reproducir im\u00e1genes inspiradas en los atractivos patrimoniales y naturales que rodean este emblem\u00e1tico paraje municipal tan estimado por los alzire\u00f1os, lo cual no fue posible a causa de las restricciones derivadas de las medidas sanitarias para hacer frente a la pandemia de la Covid-19. Sin embargo no ha supuesto ning\u00fan impedimento porque los artistas de manera independiente hayan podido realizar sus trabajos y aportar su visi\u00f3n art\u00edstica del emblem\u00e1tico paraje.<\/p>\n<p><em>\u00abLas inspiraciones de los artistas participantes son las que formar\u00e1n parte de esta interesante exposici\u00f3n, por lo tanto no podemos olvidar dar las gracias a<\/em> <strong>Antonio Espinar<\/strong>; <strong>Matilde Puig<\/strong>; <strong>Teresa \u00cd\u00f1igo March<\/strong>; <strong>Ana Au\u00f1\u00f3n<\/strong>; <strong>Mar\u00eda Carmen Oliver Pau<\/strong>; <strong>Antonio Climent<\/strong>; <strong>Chelo Alario<\/strong>; <strong>Bernardo Vidal<\/strong>; <strong>Patricia Ballesteros<\/strong>;<strong> Ana Herguijuela<\/strong>; <strong>Mila P\u00e9rez<\/strong>; <strong>Isabel Moreno Monta\u00f1es<\/strong> y <strong>Empar Boix<\/strong>, <em>por haber participado en esta actividad y dejarnos admirar sus aportaciones personales alrededor del paraje de la Murta\u00bb<\/em>, ha manifestado <strong>Isabel Aguilar<\/strong>, regidora de Patrimonio Cultural del Ayuntamiento de Alzira.<\/p>\n<p><strong>SALA TEMPORAL 2<\/strong><\/p>\n<p>Por lo que respecta a la Sala 2 acoger\u00e1 la exposici\u00f3n del 2.\u00ba <em>Sal\u00f3n de Oto\u00f1o del Realismo<\/em>, dentro del Certamen Nacional de Pintura, organizado por <strong>Josep Franc\u00e9s<\/strong>, con la colaboraci\u00f3n del Ayuntamiento de Alzira.<\/p>\n<p>La Sala Lorenzo di Medici, regentada por Franc\u00e9s, convoc\u00f3 el concurso que lleva su nombre y al cual se presentaron 38 obras de diferentes artistas, que estuvieron expuestas del 30 de octubre hasta el 20 de noviembre en la dicha sala expositiva.<\/p>\n<p><strong>Los ganadores del certamen fueron:<\/strong><\/p>\n<p><strong>1.\u00ba premio:<\/strong> <em>\u00abPara\u00edso\u00bb<\/em> de <strong>Mar\u00eda Dur\u00e0<\/strong> de Elche. Una magn\u00edfica obra pintada en \u00f3leo encima de lienzo que reproduce con mucha perfecci\u00f3n y profusi\u00f3n de detalles, un exuberante jard\u00edn.<\/p>\n<p><strong>La categor\u00eda de las obras presentadas hizo que se concedieran cuatro medallas a los finalistas:<\/strong><\/p>\n<p><strong>1.\u00aa medalla<\/strong>:&nbsp;<em>\u00abLa mar a la m\u00e0\u00bb<\/em> de <strong>Carolina Guarinos<\/strong>, de Alcoy.<br \/><strong>2.\u00aa medalla<\/strong>: <em>\u00abPeixets\u00bb<\/em> de <strong>Jos\u00e9 Linares<\/strong>, de Barcelona.<br \/><strong>3.\u00aa medalla<\/strong>:&nbsp;<em>\u00abNad\u00f3\u00bb<\/em> de <strong>Ignacio Carrasco<\/strong>, de Val\u00e8ncia.<br \/><strong>4.\u00aa medalla<\/strong>: <em>\u00abDesde m\u00ed ventana\u00bb<\/em> de <strong>Juan Manuel Campos<\/strong>, de Madrid.<\/p>\n<p>El ayuntamiento ha editado un cat\u00e1logo de la exposici\u00f3n en el que se pueden contemplar algunas de las obras expuestas.<\/p>\n<p><em>\u00abAhora que tenemos de nuevo la posibilidad de retomar la actividad, contando con todas las medidas de seguridad establecidas por el Ministerio de Sanidad, tenemos una magn\u00edfica ocasi\u00f3n para admirar fant\u00e1sticas obras que nos aportan una visi\u00f3n personal y evocadora de cada una de las escenas que han representado en los lienzos los artistas que forman parte de las dos exposiciones, tanto en la Sala 1 como en la 2 del MUMA\u00bb<\/em>, ha manifestado la regidora.<\/p>\n<p><img fetchpriority=\"high\" decoding=\"async\" class=\" size-full wp-image-52896\" style=\"display: block; margin-left: auto; margin-right: auto;\" src=\"https:\/\/alzira.es\/wp-content\/uploads\/2020\/12\/MUMA_BAJA_1.jpeg\" alt=\"MUMA BAJA 1\" width=\"1000\" height=\"450\" srcset=\"https:\/\/alzira.es\/wp-content\/uploads\/2020\/12\/MUMA_BAJA_1.jpeg 1600w, https:\/\/alzira.es\/wp-content\/uploads\/2020\/12\/MUMA_BAJA_1-680x306.jpeg 680w, https:\/\/alzira.es\/wp-content\/uploads\/2020\/12\/MUMA_BAJA_1-1430x644.jpeg 1430w, https:\/\/alzira.es\/wp-content\/uploads\/2020\/12\/MUMA_BAJA_1-768x346.jpeg 768w, https:\/\/alzira.es\/wp-content\/uploads\/2020\/12\/MUMA_BAJA_1-1536x691.jpeg 1536w\" sizes=\"(max-width: 706px) 89vw, (max-width: 767px) 82vw, 740px\" \/><\/p>\n<p><img decoding=\"async\" class=\"size-full wp-image-52898 lazyload\" style=\"--smush-placeholder-width: 1000px; --smush-placeholder-aspect-ratio: 1000\/450;display: block; margin-left: auto; margin-right: auto;\" data-src=\"https:\/\/alzira.es\/wp-content\/uploads\/2020\/12\/MUMA_BAJA_2.jpeg\" alt=\"MUMA BAJA 2\" width=\"1000\" height=\"450\" data-srcset=\"https:\/\/alzira.es\/wp-content\/uploads\/2020\/12\/MUMA_BAJA_2.jpeg 1600w, https:\/\/alzira.es\/wp-content\/uploads\/2020\/12\/MUMA_BAJA_2-680x306.jpeg 680w, https:\/\/alzira.es\/wp-content\/uploads\/2020\/12\/MUMA_BAJA_2-1430x644.jpeg 1430w, https:\/\/alzira.es\/wp-content\/uploads\/2020\/12\/MUMA_BAJA_2-768x346.jpeg 768w, https:\/\/alzira.es\/wp-content\/uploads\/2020\/12\/MUMA_BAJA_2-1536x691.jpeg 1536w\" data-sizes=\"(max-width: 706px) 89vw, (max-width: 767px) 82vw, 740px\" src=\"data:image\/svg+xml;base64,PHN2ZyB3aWR0aD0iMSIgaGVpZ2h0PSIxIiB4bWxucz0iaHR0cDovL3d3dy53My5vcmcvMjAwMC9zdmciPjwvc3ZnPg==\" \/><\/p>\n","protected":false},"excerpt":{"rendered":"<p>Despu\u00e9s de semanas de inactividad por fuerza mayor a causa de la pandemia de la Covid-19, las restricciones pasan a ser m\u00e1s flexibles, por lo cual el MUMA retoma su actividad expositiva en sus dos salas temporales. &nbsp; SALA TEMPORAL 1 Desde ma\u00f1ana martes 15 de diciembre y hasta el domingo 17 de enero la &hellip; <\/p>\n<p class=\"link-more\"><a href=\"https:\/\/alzira.es\/es\/al-muma-la-murta-un-riu-d-inspiracio-la-murta-i-els-seus-racons-i-les-obres-del-segon-salo-de-tardor-del-realisme\/\" class=\"more-link\">Continuar leyendo<span class=\"screen-reader-text\"> \u00abAl MUMA \u00abLa Murta, un riu d&#8217;inspiraci\u00f3. La Murta i els seus racons\u00bb y las obras del segundo Sal\u00f3n de Oto\u00f1o del Realismo\u00bb<\/span><\/a><\/p>\n","protected":false},"author":29,"featured_media":52896,"comment_status":"","ping_status":"","sticky":false,"template":"","format":"standard","meta":{"_acf_changed":false,"footnotes":""},"categories":[4936],"tags":[],"class_list":["post-52900","post","type-post","status-publish","format-standard","has-post-thumbnail","hentry","category-hemeroteca-es"],"acf":[],"_links":{"self":[{"href":"https:\/\/alzira.es\/es\/wp-json\/wp\/v2\/posts\/52900","targetHints":{"allow":["GET"]}}],"collection":[{"href":"https:\/\/alzira.es\/es\/wp-json\/wp\/v2\/posts"}],"about":[{"href":"https:\/\/alzira.es\/es\/wp-json\/wp\/v2\/types\/post"}],"author":[{"embeddable":true,"href":"https:\/\/alzira.es\/es\/wp-json\/wp\/v2\/users\/29"}],"replies":[{"embeddable":true,"href":"https:\/\/alzira.es\/es\/wp-json\/wp\/v2\/comments?post=52900"}],"version-history":[{"count":0,"href":"https:\/\/alzira.es\/es\/wp-json\/wp\/v2\/posts\/52900\/revisions"}],"wp:featuredmedia":[{"embeddable":true,"href":"https:\/\/alzira.es\/es\/wp-json\/wp\/v2\/media\/52896"}],"wp:attachment":[{"href":"https:\/\/alzira.es\/es\/wp-json\/wp\/v2\/media?parent=52900"}],"wp:term":[{"taxonomy":"category","embeddable":true,"href":"https:\/\/alzira.es\/es\/wp-json\/wp\/v2\/categories?post=52900"},{"taxonomy":"post_tag","embeddable":true,"href":"https:\/\/alzira.es\/es\/wp-json\/wp\/v2\/tags?post=52900"}],"curies":[{"name":"wp","href":"https:\/\/api.w.org\/{rel}","templated":true}]}}