{"id":52889,"date":"2020-12-11T13:43:00","date_gmt":"2020-12-11T12:43:00","guid":{"rendered":"https:\/\/alzira.es\/nou-tramit-declaracio-responsable-obres\/"},"modified":"2020-12-11T13:43:00","modified_gmt":"2020-12-11T12:43:00","slug":"nou-tramit-declaracio-responsable-obres","status":"publish","type":"post","link":"https:\/\/alzira.es\/es\/nou-tramit-declaracio-responsable-obres\/","title":{"rendered":"NOU TR\u00c0MIT DECLARACI\u00d3 RESPONSABLE LOCALS D&#8217;OCI NOCTURN"},"content":{"rendered":"<p style=\"text-align: justify;\">&nbsp;<\/p>\n<table>\n<tbody>\n<tr style=\"background-color: #cccccc;\">\n<td>&nbsp; &nbsp; &nbsp; &nbsp; &nbsp; &nbsp; &nbsp; &nbsp; &nbsp;<\/td>\n<td>\n<p style=\"text-align: center;\" align=\"center\"><strong><span style=\"text-decoration: underline;\"><span style=\"font-size: 18pt;\">Nou tr\u00e0mit Declaraci\u00f3 Responsable Locals d&#8217;Oci Nocturn&nbsp;<\/span><\/span><\/strong><\/p>\n<\/td>\n<td><span style=\"font-size: 18pt;\">&nbsp; &nbsp; &nbsp; &nbsp; &nbsp; &nbsp;<\/span><\/td>\n<\/tr>\n<tr style=\"background-color: #f5f5f5;\">\n<td style=\"width: 50px;\">&nbsp;<\/td>\n<td style=\"width: 700px;\">&nbsp;<a href=\"contenidos\/urbanisme\/Noticias\/Inicio_Ayudas_Primera_vivienda\/Cartel-ayudas.jpg\" target=\"_blank\" rel=\"noopener\"><img fetchpriority=\"high\" decoding=\"async\" class=\" size-full wp-image-52886\" style=\"display: block; margin-left: auto; margin-right: auto; vertical-align: middle;\" src=\"https:\/\/alzira.es\/wp-content\/uploads\/2020\/12\/tramite_declaracion_responsable_ocio_nocturno.jpg\" alt=\"tramite declaracion responsable ocio nocturno\" width=\"583\" height=\"350\" srcset=\"https:\/\/alzira.es\/wp-content\/uploads\/2020\/12\/tramite_declaracion_responsable_ocio_nocturno.jpg 2000w, https:\/\/alzira.es\/wp-content\/uploads\/2020\/12\/tramite_declaracion_responsable_ocio_nocturno-680x408.jpg 680w, https:\/\/alzira.es\/wp-content\/uploads\/2020\/12\/tramite_declaracion_responsable_ocio_nocturno-1430x858.jpg 1430w, https:\/\/alzira.es\/wp-content\/uploads\/2020\/12\/tramite_declaracion_responsable_ocio_nocturno-768x461.jpg 768w, https:\/\/alzira.es\/wp-content\/uploads\/2020\/12\/tramite_declaracion_responsable_ocio_nocturno-1536x922.jpg 1536w\" sizes=\"(max-width: 583px) 100vw, 583px\" \/><\/a><\/td>\n<td style=\"width: 50px;\">&nbsp;<\/td>\n<\/tr>\n<tr style=\"background-color: #f5f5f5;\">\n<td>&nbsp;<\/td>\n<td>\n<p>L&#8217;Ajuntament d&#8217;Alzira oferix la possibilitat de tramitar de forma telem\u00e0tica un nou tipus d&#8217;expedient de \u00abDeclaracion Responsable en Locals d&#8217;Oci Nocturn\u00bb, gr\u00e0cies al desplegament d&#8217;un expedient electr\u00f2nic. Es requerir\u00e0 al ciutad\u00e0 disposar de certificat digital .<\/p>\n<p>&nbsp;&nbsp;<\/p>\n<p style=\"margin-left: 30px; color: #000000; font-size: 11px; background-color: #f5f5f5;\">&nbsp;<\/p>\n<p style=\"margin-left: 30px;\"><strong><span style=\"text-decoration: underline;\">DESTINATARIS<br \/><\/span><\/strong><\/p>\n<p style=\"margin-left: 30px;\">Titulars de Sales de Festa, Discoteques i Salas de Ball amb llic\u00e8ncia en vigor.<\/p>\n<p style=\"margin-left: 30px;\"><span style=\"font-family: verdana, geneva;\">Les sol\u00b7licituds es tramitaran preferentment per via telem\u00e0tica, si b\u00e9 aquells beneficiaris que no disposen de mitjans t\u00e8cnics podran acudir durant el termini de presentaci\u00f3 de sol\u00b7licituds a les depend\u00e8ncies de La Clau (C\/ Rambla, 23) pr\u00e8via petici\u00f3 de cita, b\u00e9 a trav\u00e9s de la web municipal, o cridant al tel\u00e8fon&nbsp;960704348<\/span><\/p>\n<p style=\"margin-left: 30px;\">&nbsp;<\/p>\n<p style=\"margin-left: 30px;\">&nbsp;<\/p>\n<p style=\"margin-left: 30px;\">&nbsp;<\/p>\n<p style=\"margin-left: 30px;\"><strong><span style=\"text-decoration: underline;\">TR\u00c0MIT TELEM\u00c0TIC<\/span><\/strong><\/p>\n<p style=\"margin-left: 30px;\">&nbsp;Per a iniciar el tr\u00e0mit de forma telem\u00e0tica, ha d&#8217;accedir a la Seu Electr\u00f2nica de l&#8217;Ajuntament d&#8217;Alzira i escriure les paraules \u00abLocals d&#8217;Oci Nocturn\u00bb en el buscador de tr\u00e0mits que apareix en la part superior de la pagina principal.&nbsp;<\/p>\n<p style=\"margin-left: 30px;\"><span style=\"color: #800000;\"><strong><a href=\"https:\/\/sedeelectronica.alzira.es\/PortalCiudadano\/info\/inicio.do?formAction=btLoad&amp;lang=ca\" target=\"_blank\" rel=\"noopener\"><span style=\"color: #800000;\">* Acc\u00e9s a la P\u00e0gina Principal de la Seu Electr\u00f2nica<\/span><\/a>.<\/strong><\/span><\/p>\n<p style=\"margin-left: 30px;\">&nbsp;<\/p>\n<\/td>\n<td>&nbsp;<\/td>\n<\/tr>\n<tr style=\"background-color: #f5f5f5;\">\n<td>&nbsp;<\/td>\n<td>\n<p style=\"margin-left: 30px;\"><span style=\"text-decoration: underline;\"><strong>DOCUMENTACI\u00d3 RELATIVA Al TR\u00c0MIT&nbsp;:<\/strong><\/span><\/p>\n<p style=\"margin-left: 30px;\"><a href=\"http:\/\/www.dogv.gva.es\/datos\/2020\/12\/09\/pdf\/2020_10629.pdf\" target=\"_blank\" rel=\"noopener\"><strong><span style=\"color: #800000;\">* Anunci DOGV 9 de desembre de 2020 (N\u00fam. 8971) Resoluci\u00f3 de les Conselleres de Sanitat Universal i Salut P\u00fablica; i de Just\u00edcia, Interior i Administraci\u00f3 P\u00fablica. per la qual s&#8217;acorden mesures addicionals relatives als locals d&#8217;Oci nocturn.&nbsp;<\/span><\/strong><\/a><\/p>\n<p style=\"margin-left: 30px;\"><a href=\"contenidos\/urbanisme\/Noticias\/Inicio_Ayudas_Primera_vivienda\/ANUNCIO%20BOP-extracto%20convocatoria.pdf\" target=\"_blank\" rel=\"noopener\"><span style=\"color: #800000;\">&nbsp;<\/span><\/a><\/p>\n<\/td>\n<td>&nbsp;<\/td>\n<\/tr>\n<\/tbody>\n<\/table>\n<p style=\"text-align: justify;\">&nbsp;<\/p>\n<p style=\"text-align: justify;\">&nbsp;<\/p>\n","protected":false},"excerpt":{"rendered":"<p>&nbsp; &nbsp; &nbsp; &nbsp; &nbsp; &nbsp; &nbsp; &nbsp; &nbsp; &nbsp; Nou tr\u00e0mit Declaraci\u00f3 Responsable Locals d&#8217;Oci Nocturn&nbsp; &nbsp; &nbsp; &nbsp; &nbsp; &nbsp; &nbsp; &nbsp; &nbsp; &nbsp; &nbsp; L&#8217;Ajuntament d&#8217;Alzira oferix la possibilitat de tramitar de forma telem\u00e0tica un nou tipus d&#8217;expedient de \u00abDeclaracion Responsable en Locals d&#8217;Oci Nocturn\u00bb, gr\u00e0cies al desplegament d&#8217;un expedient electr\u00f2nic. Es &hellip; <\/p>\n<p class=\"link-more\"><a href=\"https:\/\/alzira.es\/es\/nou-tramit-declaracio-responsable-obres\/\" class=\"more-link\">Continuar leyendo<span class=\"screen-reader-text\"> \u00abNOU TR\u00c0MIT DECLARACI\u00d3 RESPONSABLE LOCALS D&#8217;OCI NOCTURN\u00bb<\/span><\/a><\/p>\n","protected":false},"author":16,"featured_media":52886,"comment_status":"closed","ping_status":"closed","sticky":false,"template":"","format":"standard","meta":{"_acf_changed":false,"footnotes":""},"categories":[],"tags":[],"class_list":["post-52889","post","type-post","status-publish","format-standard","has-post-thumbnail","hentry"],"acf":[],"_links":{"self":[{"href":"https:\/\/alzira.es\/es\/wp-json\/wp\/v2\/posts\/52889","targetHints":{"allow":["GET"]}}],"collection":[{"href":"https:\/\/alzira.es\/es\/wp-json\/wp\/v2\/posts"}],"about":[{"href":"https:\/\/alzira.es\/es\/wp-json\/wp\/v2\/types\/post"}],"author":[{"embeddable":true,"href":"https:\/\/alzira.es\/es\/wp-json\/wp\/v2\/users\/16"}],"replies":[{"embeddable":true,"href":"https:\/\/alzira.es\/es\/wp-json\/wp\/v2\/comments?post=52889"}],"version-history":[{"count":0,"href":"https:\/\/alzira.es\/es\/wp-json\/wp\/v2\/posts\/52889\/revisions"}],"wp:featuredmedia":[{"embeddable":true,"href":"https:\/\/alzira.es\/es\/wp-json\/wp\/v2\/media\/52886"}],"wp:attachment":[{"href":"https:\/\/alzira.es\/es\/wp-json\/wp\/v2\/media?parent=52889"}],"wp:term":[{"taxonomy":"category","embeddable":true,"href":"https:\/\/alzira.es\/es\/wp-json\/wp\/v2\/categories?post=52889"},{"taxonomy":"post_tag","embeddable":true,"href":"https:\/\/alzira.es\/es\/wp-json\/wp\/v2\/tags?post=52889"}],"curies":[{"name":"wp","href":"https:\/\/api.w.org\/{rel}","templated":true}]}}