{"id":52888,"date":"2020-12-11T13:43:00","date_gmt":"2020-12-11T12:43:00","guid":{"rendered":"https:\/\/alzira.es\/nuevo-tramite-declaracion-responsable-obras\/"},"modified":"2021-07-22T12:27:10","modified_gmt":"2021-07-22T10:27:10","slug":"nuevo-tramite-declaracion-responsable-obras","status":"publish","type":"post","link":"https:\/\/alzira.es\/es\/nuevo-tramite-declaracion-responsable-obras\/","title":{"rendered":"NUEVO TRAMITE DECLARACION RESPONSABLE LOCALES OCIO NOCTURNO"},"content":{"rendered":"<p style=\"text-align: justify;\">&nbsp;<\/p>\n<table>\n<tbody>\n<tr style=\"background-color: #cccccc;\">\n<td>&nbsp; &nbsp; &nbsp; &nbsp; &nbsp; &nbsp; &nbsp; &nbsp; &nbsp;<\/td>\n<td>\n<p style=\"text-align: center;\" align=\"center\"><strong><span style=\"text-decoration: underline;\"><span style=\"font-size: 18pt;\">Nuevo tr\u00e1mite Declaraci\u00f3n Responsable Locales de Ocio Nocturno&nbsp;<\/span><\/span><\/strong><\/p>\n<\/td>\n<td><span style=\"font-size: 18pt;\">&nbsp; &nbsp; &nbsp; &nbsp; &nbsp; &nbsp;<\/span><\/td>\n<\/tr>\n<tr style=\"background-color: #f5f5f5;\">\n<td style=\"width: 50px;\">&nbsp;<\/td>\n<td style=\"width: 700px;\">&nbsp;<a href=\"contenidos\/urbanisme\/Noticias\/Inicio_Ayudas_Primera_vivienda\/Cartel-ayudas.jpg\" target=\"_blank\" rel=\"noopener\"><img fetchpriority=\"high\" decoding=\"async\" class=\" size-full wp-image-52886\" style=\"display: block; margin-left: auto; margin-right: auto; vertical-align: middle;\" src=\"https:\/\/alzira.es\/wp-content\/uploads\/2020\/12\/tramite_declaracion_responsable_ocio_nocturno.jpg\" alt=\"tramite declaracion responsable ocio nocturno\" width=\"583\" height=\"350\" srcset=\"https:\/\/alzira.es\/wp-content\/uploads\/2020\/12\/tramite_declaracion_responsable_ocio_nocturno.jpg 2000w, https:\/\/alzira.es\/wp-content\/uploads\/2020\/12\/tramite_declaracion_responsable_ocio_nocturno-680x408.jpg 680w, https:\/\/alzira.es\/wp-content\/uploads\/2020\/12\/tramite_declaracion_responsable_ocio_nocturno-1430x858.jpg 1430w, https:\/\/alzira.es\/wp-content\/uploads\/2020\/12\/tramite_declaracion_responsable_ocio_nocturno-768x461.jpg 768w, https:\/\/alzira.es\/wp-content\/uploads\/2020\/12\/tramite_declaracion_responsable_ocio_nocturno-1536x922.jpg 1536w\" sizes=\"(max-width: 583px) 100vw, 583px\" \/><\/a><\/td>\n<td style=\"width: 50px;\">&nbsp;<\/td>\n<\/tr>\n<tr style=\"background-color: #f5f5f5;\">\n<td>&nbsp;<\/td>\n<td>\n<p>El Ayuntamiento de Alzira ofrece la posibilidad de tramitar <span style=\"color: #000000; font-size: 11px; background-color: #f5f5f5;\">de forma telem\u00e1tica&nbsp;<\/span>un nuevo tipo de expediente de \u00abDeclaracion Responsable en Locales de Ocio Nocturno\u00bb, gracias al despliegue de un expediente electr\u00f3nico. Se requerir\u00e1 al ciudadano disponer de certificado digital.<\/p>\n<p>&nbsp;&nbsp;<\/p>\n<p style=\"margin-left: 30px; color: #000000; font-size: 11px; background-color: #f5f5f5;\">&nbsp;<\/p>\n<p style=\"margin-left: 30px;\"><strong><span style=\"text-decoration: underline;\">DESTINATARIOS<\/span><\/strong><\/p>\n<p style=\"margin-left: 30px;\">Titulares de Salas de Fiesta, Discotecas y Salas de Baile con licencia en vigor.<\/p>\n<p style=\"margin-left: 30px;\"><span style=\"font-family: verdana, geneva;\">Las solicitudes se tramitaran preferentemente por v\u00eda telem\u00e1tica, si bien aquellos beneficiarios que no dispongan de medios t\u00e9cnicos podr\u00e1n acudir durante el plazo de presentaci\u00f3n de solicitudes a las dependencias de La Clau (C\/ Rambla, 23) previa petici\u00f3n de cita, bien a trav\u00e9s de la web municipal, o llamando al tel\u00e9fono 960704348<\/span><\/p>\n<p style=\"margin-left: 30px;\">&nbsp;<\/p>\n<p style=\"margin-left: 30px;\">&nbsp;<\/p>\n<p style=\"margin-left: 30px;\">&nbsp;<\/p>\n<p style=\"margin-left: 30px;\"><strong><span style=\"text-decoration: underline;\">TR\u00c1MITE TELEM\u00c1TICO<\/span><\/strong><\/p>\n<p style=\"margin-left: 30px;\">&nbsp;Para iniciar el tr\u00e1mite de forma telem\u00e1tica, debe acceder a la Sede Electr\u00f3nica del Ayuntamiento de Alzira y escribir las palabras \u00abLocales de Ocio Nocturno\u00bb&nbsp; en el buscador de tr\u00e1mites que aparece en la parte superior de la pagina principal&nbsp;<\/p>\n<p style=\"margin-left: 30px;\"><span style=\"color: #800000;\"><strong><a href=\"https:\/\/sedeelectronica.alzira.es\/PortalCiudadano\/info\/inicio.do?formAction=btLoad&amp;lang=ca\" target=\"_blank\" rel=\"noopener\"><span style=\"color: #800000;\">* Acceso a la P\u00e1gina Principal de la Sede Electr\u00f3nica<\/span><\/a>.<\/strong><\/span><\/p>\n<p style=\"margin-left: 30px;\">&nbsp;<\/p>\n<\/td>\n<td>&nbsp;<\/td>\n<\/tr>\n<tr style=\"background-color: #f5f5f5;\">\n<td>&nbsp;<\/td>\n<td>\n<p style=\"margin-left: 30px;\"><span style=\"text-decoration: underline;\"><strong>DOCUMENTACI\u00d3N RELATIVA Al TRAMITE:<\/strong><\/span><\/p>\n<p style=\"margin-left: 30px;\"><a href=\"http:\/\/www.dogv.gva.es\/datos\/2020\/12\/09\/pdf\/2020_10629.pdf\" target=\"_blank\" rel=\"noopener\"><strong><span style=\"color: #800000;\">* Anuncio DOGV 9 de diciembre de 2020 (N\u00fam. 8971) Resoluci\u00f3n de las Conselleras de Sanidad Universal y Salud P\u00fablica; y de Justicia, Interior y Administraci\u00f3n P\u00fablica. por la que se acuerdan medidas adicionales relativas a los locales de Ocio nocturno.&nbsp;<\/span><\/strong><\/a><\/p>\n<p style=\"margin-left: 30px;\"><a href=\"contenidos\/urbanisme\/Noticias\/Inicio_Ayudas_Primera_vivienda\/ANUNCIO%20BOP-extracto%20convocatoria.pdf\" target=\"_blank\" rel=\"noopener\"><span style=\"color: #800000;\">&nbsp;<\/span><\/a><\/p>\n<\/td>\n<td>&nbsp;<\/td>\n<\/tr>\n<\/tbody>\n<\/table>\n<p style=\"text-align: justify;\">&nbsp;<\/p>\n<p style=\"text-align: justify;\">&nbsp;<\/p>\n","protected":false},"excerpt":{"rendered":"<p>&nbsp; &nbsp; &nbsp; &nbsp; &nbsp; &nbsp; &nbsp; &nbsp; &nbsp; &nbsp; Nuevo tr\u00e1mite Declaraci\u00f3n Responsable Locales de Ocio Nocturno&nbsp; &nbsp; &nbsp; &nbsp; &nbsp; &nbsp; &nbsp; &nbsp; &nbsp; &nbsp; &nbsp; El Ayuntamiento de Alzira ofrece la posibilidad de tramitar de forma telem\u00e1tica&nbsp;un nuevo tipo de expediente de \u00abDeclaracion Responsable en Locales de Ocio Nocturno\u00bb, gracias al despliegue &hellip; <\/p>\n<p class=\"link-more\"><a href=\"https:\/\/alzira.es\/es\/nuevo-tramite-declaracion-responsable-obras\/\" class=\"more-link\">Continuar leyendo<span class=\"screen-reader-text\"> \u00abNUEVO TRAMITE DECLARACION RESPONSABLE LOCALES OCIO NOCTURNO\u00bb<\/span><\/a><\/p>\n","protected":false},"author":16,"featured_media":52886,"comment_status":"closed","ping_status":"","sticky":false,"template":"","format":"standard","meta":{"_acf_changed":false,"footnotes":""},"categories":[4934],"tags":[],"class_list":["post-52888","post","type-post","status-publish","format-standard","has-post-thumbnail","hentry","category-area-de-urbanismo-proyectos-e-infraestructuras"],"acf":[],"_links":{"self":[{"href":"https:\/\/alzira.es\/es\/wp-json\/wp\/v2\/posts\/52888","targetHints":{"allow":["GET"]}}],"collection":[{"href":"https:\/\/alzira.es\/es\/wp-json\/wp\/v2\/posts"}],"about":[{"href":"https:\/\/alzira.es\/es\/wp-json\/wp\/v2\/types\/post"}],"author":[{"embeddable":true,"href":"https:\/\/alzira.es\/es\/wp-json\/wp\/v2\/users\/16"}],"replies":[{"embeddable":true,"href":"https:\/\/alzira.es\/es\/wp-json\/wp\/v2\/comments?post=52888"}],"version-history":[{"count":0,"href":"https:\/\/alzira.es\/es\/wp-json\/wp\/v2\/posts\/52888\/revisions"}],"wp:featuredmedia":[{"embeddable":true,"href":"https:\/\/alzira.es\/es\/wp-json\/wp\/v2\/media\/52886"}],"wp:attachment":[{"href":"https:\/\/alzira.es\/es\/wp-json\/wp\/v2\/media?parent=52888"}],"wp:term":[{"taxonomy":"category","embeddable":true,"href":"https:\/\/alzira.es\/es\/wp-json\/wp\/v2\/categories?post=52888"},{"taxonomy":"post_tag","embeddable":true,"href":"https:\/\/alzira.es\/es\/wp-json\/wp\/v2\/tags?post=52888"}],"curies":[{"name":"wp","href":"https:\/\/api.w.org\/{rel}","templated":true}]}}