{"id":52885,"date":"2020-12-11T13:29:22","date_gmt":"2020-12-11T12:29:22","guid":{"rendered":"https:\/\/alzira.es\/el-calendari-municipal-per-al-2021-esta-dedicat-al-gran-teatre-amb-motiu-del-seu-centenari-2\/"},"modified":"2020-12-11T13:29:22","modified_gmt":"2020-12-11T12:29:22","slug":"el-calendari-municipal-per-al-2021-esta-dedicat-al-gran-teatre-amb-motiu-del-seu-centenari-2","status":"publish","type":"post","link":"https:\/\/alzira.es\/es\/el-calendari-municipal-per-al-2021-esta-dedicat-al-gran-teatre-amb-motiu-del-seu-centenari-2\/","title":{"rendered":"El calendari municipal per al 2021 est\u00e0 dedicat al Gran Teatre amb motiu del seu centenari"},"content":{"rendered":"<p><strong>El dijous 17 de desembre es posar\u00e0 a la venda en el MUMA el calendari municipal per al 2021<\/strong>, enguany amb el tema \u00ab<em>Cent Anys del Gran Teatre, 1921-2021<\/em>\u00ab. El calendari s&#8217;ha convertit en un element de difusi\u00f3 tradicional que enguany aplega a la seua edici\u00f3 n\u00famero vint-i-quatre i que s&#8217;ha convertit en una apreciada ferramenta per a consulta di\u00e0ria en les nostres cases, per una banda, pel seu atractiu disseny i per l&#8217;altra, per la utilitat de la informaci\u00f3 que ens proporciona.<\/p>\n<p><strong>L&#8217;edici\u00f3 d&#8217;enguany compta amb 5.000 exemplars<\/strong>, dels quals 4.000 es posen a la venda, al preu d&#8217;1 euro, i els 1.000 restants es distribu\u00efxen gratu\u00eftament a associacions culturals i festives; administraci\u00f3 local (departaments de l&#8217;Ajuntament; Biblioteca; Casa de la Cultura; Hisenda; jutjats; empreses prove\u00efdores; col\u2022laboradors i donants; centres educatius: col\u2022legis, instituts, universitats; Escola Oficial d&#8217;Idiomes; farm\u00e0cies; hotels; Diputaci\u00f3 i Generalitat (Conselleria de Cultura); Xarxa de Museus Etnol\u00f2gics i Xarxa de Museus Fallers; Museu de Prehist\u00f2ria; Universitat Polit\u00e8cnica; Universitat Liter\u00e0ria de Val\u00e8ncia; Associaci\u00f3 Amics Cam\u00ed de Santiago i Acad\u00e8mia Valenciana de la Llengua.<\/p>\n<p>El calendari es realitza en el MUMA, el Museu Municipal d&#8217;Alzira, des de la Regidoria de Patrimoni Cultural, encarregada d&#8217;escollir les quinze imatges que il\u2022lustren la portada, els dotze mesos i la contraportada.<\/p>\n<p>Totes les instant\u00e0nies reprodu\u00efxen diferents aspectes del Gran Teatre, com el mateix edifici: la fa\u00e7ana, el pati de butaques, l&#8217;escenari, la barana de l&#8217;amfiteatre amb l&#8217;escut policromat de la ciutat, o la tramoia de la caixa esc\u00e8nica. \u00c9s especial la foto de l&#8217;escenari amb el primer tel\u00f3 amb el qual es va inaugurar el Gran Teatre i que reprodu\u00efa com a imatge central el Pont de Sant Gregori. Va ser restaurat per Josep Franc\u00e9s despr\u00e9s de resultar danyat per la pantanada de 1982, per\u00f2 malauradament va ser v\u00edctima de les flames en l&#8217;incendi de 2004. El tel\u00f3 ja va ser motiu d&#8217;il\u2022lustraci\u00f3 en el primer calendari que es va editar en 1997, amb una fotografia de Niclas.<\/p>\n<p>Tamb\u00e9 es reprodu\u00efxen imatges de la vida cultural i social del recinte, aix\u00ed com actes celebrats en este: presentacions falleres; preg\u00f3 de la Setmana Santa; concert de Santa Cec\u00edlia de la Societat Musical d&#8217;Alzira; l&#8217;aplec del Grup de Danses d&#8217;Alzira; assajos; actuacions de cantants de prestigi internacional; obres teatrals i, per des-comptat, imatges de fam\u00edlia de l&#8217;equip hum\u00e0 que est\u00e0 darrere del funcionament del Gran Teatre.<\/p>\n<p>Les il\u2022lustracions s\u00f3n de Digital Flash; Ra\u00fal Calabuig; Niclas; Alba Lozano i del Grup de Danses.<\/p>\n<p>Les faldilles estan acompanyades dels tradicionals refranys, un repertori de dades, com efem\u00e8rides locals i comunit\u00e0ries, nacionals i, fins i tot, internacionals; les festes i celebracions; aniversaris; dies internacionals, la qual cosa el convertixen en un fant\u00e0stic element per a consultar-lo di\u00e0riament.<\/p>\n<p><strong>\u00abEl calendari es podr\u00e0 adquirir al MUMA, des del 17 de desembre, amb totes les mesures de seguretat sanit\u00e0ries establides\u00bb<\/strong>, segons puntualitza <strong>Isabel Aguilar<\/strong>, regidora de Patrimoni Cultural, qui, a m\u00e9s, agra\u00efx a tots els que han aportat les seues fotografies la seua col\u2022laboraci\u00f3 per a fer possible, un any m\u00e9s, el calendari municipal comptant amb el Gran Teatre com a eix central, eixe edifici emblem\u00e0tic de la ciutat que ha acollit bona part de l&#8217;activitat cultural i festiva d&#8217;Alzira.<\/p>\n<p><img fetchpriority=\"high\" decoding=\"async\" class=\" size-full wp-image-52882\" style=\"display: block; margin-left: auto; margin-right: auto;\" src=\"https:\/\/alzira.es\/wp-content\/uploads\/2020\/12\/gran_teatre.jpg\" alt=\"gran teatre\" width=\"1000\" height=\"667\" srcset=\"https:\/\/alzira.es\/wp-content\/uploads\/2020\/12\/gran_teatre.jpg 1050w, https:\/\/alzira.es\/wp-content\/uploads\/2020\/12\/gran_teatre-680x453.jpg 680w, https:\/\/alzira.es\/wp-content\/uploads\/2020\/12\/gran_teatre-768x512.jpg 768w, https:\/\/alzira.es\/wp-content\/uploads\/2020\/12\/gran_teatre-391x260.jpg 391w\" sizes=\"(max-width: 706px) 89vw, (max-width: 767px) 82vw, 740px\" \/><\/p>\n","protected":false},"excerpt":{"rendered":"<p>El dijous 17 de desembre es posar\u00e0 a la venda en el MUMA el calendari municipal per al 2021, enguany amb el tema \u00abCent Anys del Gran Teatre, 1921-2021\u00ab. El calendari s&#8217;ha convertit en un element de difusi\u00f3 tradicional que enguany aplega a la seua edici\u00f3 n\u00famero vint-i-quatre i que s&#8217;ha convertit en una apreciada &hellip; <\/p>\n<p class=\"link-more\"><a href=\"https:\/\/alzira.es\/es\/el-calendari-municipal-per-al-2021-esta-dedicat-al-gran-teatre-amb-motiu-del-seu-centenari-2\/\" class=\"more-link\">Continuar leyendo<span class=\"screen-reader-text\"> \u00abEl calendari municipal per al 2021 est\u00e0 dedicat al Gran Teatre amb motiu del seu centenari\u00bb<\/span><\/a><\/p>\n","protected":false},"author":29,"featured_media":52882,"comment_status":"","ping_status":"","sticky":false,"template":"","format":"standard","meta":{"_acf_changed":false,"footnotes":""},"categories":[],"tags":[],"class_list":["post-52885","post","type-post","status-publish","format-standard","has-post-thumbnail","hentry"],"acf":[],"_links":{"self":[{"href":"https:\/\/alzira.es\/es\/wp-json\/wp\/v2\/posts\/52885","targetHints":{"allow":["GET"]}}],"collection":[{"href":"https:\/\/alzira.es\/es\/wp-json\/wp\/v2\/posts"}],"about":[{"href":"https:\/\/alzira.es\/es\/wp-json\/wp\/v2\/types\/post"}],"author":[{"embeddable":true,"href":"https:\/\/alzira.es\/es\/wp-json\/wp\/v2\/users\/29"}],"replies":[{"embeddable":true,"href":"https:\/\/alzira.es\/es\/wp-json\/wp\/v2\/comments?post=52885"}],"version-history":[{"count":0,"href":"https:\/\/alzira.es\/es\/wp-json\/wp\/v2\/posts\/52885\/revisions"}],"wp:featuredmedia":[{"embeddable":true,"href":"https:\/\/alzira.es\/es\/wp-json\/wp\/v2\/media\/52882"}],"wp:attachment":[{"href":"https:\/\/alzira.es\/es\/wp-json\/wp\/v2\/media?parent=52885"}],"wp:term":[{"taxonomy":"category","embeddable":true,"href":"https:\/\/alzira.es\/es\/wp-json\/wp\/v2\/categories?post=52885"},{"taxonomy":"post_tag","embeddable":true,"href":"https:\/\/alzira.es\/es\/wp-json\/wp\/v2\/tags?post=52885"}],"curies":[{"name":"wp","href":"https:\/\/api.w.org\/{rel}","templated":true}]}}