{"id":52884,"date":"2020-12-11T13:29:22","date_gmt":"2020-12-11T12:29:22","guid":{"rendered":"https:\/\/alzira.es\/el-calendari-municipal-per-al-2021-esta-dedicat-al-gran-teatre-amb-motiu-del-seu-centenari\/"},"modified":"2020-12-11T13:29:22","modified_gmt":"2020-12-11T12:29:22","slug":"el-calendari-municipal-per-al-2021-esta-dedicat-al-gran-teatre-amb-motiu-del-seu-centenari","status":"publish","type":"post","link":"https:\/\/alzira.es\/es\/el-calendari-municipal-per-al-2021-esta-dedicat-al-gran-teatre-amb-motiu-del-seu-centenari\/","title":{"rendered":"El calendario municipal para el 2021 est\u00e1 dedicado al Gran Teatro con motivo de su centenario"},"content":{"rendered":"<p><strong>El jueves 17 de diciembre se pondr\u00e1 a la venta en el MUMA el calendario municipal para el 2021<\/strong>, este a\u00f1o con el tema <em>\u00abCent Anys del Gran Teatre, 1921-2021\u00bb<\/em>. El calendario se ha convertido en un elemento de difusi\u00f3n tradicional que este a\u00f1o re\u00fane a su edici\u00f3n n\u00famero veinticuatro y que se ha convertido en una apreciada herramienta para consulta diaria en nuestras casas, por un lado, por su atractivo dise\u00f1o y por el otra, por la utilidad de la informaci\u00f3n que nos proporciona.<\/p>\n<p><strong>La edici\u00f3n de este a\u00f1o cuenta con 5.000 ejemplares<\/strong>, de los cuales 4.000 se posan a la venta, al precio de 1 euro, y los 1.000 restantes se distribuyen gratuitamente a asociaciones culturales y festivas; administraci\u00f3n local (departamentos del Ayuntamiento; Biblioteca; Casa de la Cultura; Hacienda; juzgados; empresas proveedoras; colaboradores y donantes; centros educativos: colegios, institutos, universidades; Escuela Oficial de Idiomas; farmacias; hoteles; Diputaci\u00f3n y Generalitat (Conseller\u00eda de Cultura); Red de Museos Etnol\u00f3gicos y Red de Museos Falleros; Museo de Prehistoria; Universidad Polit\u00e8cnica; Universidad Literaria de Val\u00e8ncia; Asociaci\u00f3n Amigos Camino de Santiago y Academia Valenciana de la Lengua.<\/p>\n<p>El calendario se realiza en el MUMA, el Museo Municipal de Alzira, desde la Concejal\u00eda de Patrimonio Cultural, encargada de escoger las quince im\u00e1genes que ilustran la portada, los doce meses y la contraportada.<\/p>\n<p>Todas las instant\u00e1neas reproducen diferentes aspectos del Gran Teatro, como el mismo edificio: la fachada, el patio de butacas, el escenario, la barandilla del anfiteatro con el escudo policromado de la ciudad, o la tramoya de la caja esc\u00e9nica. Es especial la foto del escenario con el primer tel\u00f3n con el cual se inaugur\u00f3 el Gran Teatro y que reproduc\u00eda como imagen central<em> lo Pont de Sant Gregori<\/em>. Fue restaurado por Josep Franc\u00e9s despu\u00e9s de resultar da\u00f1ado por la pantanada de 1982, pero desgraciadamente fue v\u00edctima de las llamas en el incendio de 2004. El tel\u00f3n ya fue motivo de ilustraci\u00f3n en el primer calendario que se edit\u00f3 en 1997, con una fotograf\u00eda de Niclas.<\/p>\n<p>Tambi\u00e9n se reproducen im\u00e1genes de la vida cultural y social del recinto, as\u00ed como actas celebrados en este: presentaciones falleras; preg\u00f3n de la Semana Santa; concierto de Santa Cec\u00edlia de la Sociedad Musical de Alzira; el encuentro del Grupo de Danzas de Alzira; ensayos; actuaciones de cantantes de prestigio internacional; obras teatrales y, por descontado, im\u00e1genes de familia del equipo humano que est\u00e1 detr\u00e1s del funcionamiento del Gran Teatro.<\/p>\n<p>Las ilustraciones son de Digital Flash; Ra\u00fal Calabuig; Niclas; Alba Lozano y del Grupo de Danzas.<\/p>\n<p>Las faldas est\u00e1n acompa\u00f1adas de los tradicionales refranes, un repertorio de datos, como efem\u00e9ridas locales y comunitarias, nacionales y, incluso, internacionales; las fiestas y celebraciones; cumplea\u00f1os; d\u00edas internacionales, lo cual lo convierten en un fant\u00e1stico elemento para consultarlo diariamente.<\/p>\n<p><strong>\u00abEl calendario se podr\u00e1 adquirir al MUMA, desde el 17 de diciembre, con todas las medidas de seguridad sanitarias establecidas\u00bb<\/strong>, seg\u00fan puntualiza <strong>Isabel Aguilar<\/strong>, regidora de Patrimonio Cultural, quien, adem\u00e1s, agradece a todos los que han aportado sus fotograf\u00edas su colaboraci\u00f3n para hacer posible, un a\u00f1o m\u00e1s, el calendario municipal contando con el Gran Teatro como eje central, ese edificio emblem\u00e1tico de la ciudad que ha acogido buena parte de la actividad cultural y festiva de Alzira.<\/p>\n<p><img fetchpriority=\"high\" decoding=\"async\" class=\" size-full wp-image-52882\" style=\"display: block; margin-left: auto; margin-right: auto;\" src=\"https:\/\/alzira.es\/wp-content\/uploads\/2020\/12\/gran_teatre.jpg\" alt=\"gran teatre\" width=\"1000\" height=\"667\" srcset=\"https:\/\/alzira.es\/wp-content\/uploads\/2020\/12\/gran_teatre.jpg 1050w, https:\/\/alzira.es\/wp-content\/uploads\/2020\/12\/gran_teatre-680x453.jpg 680w, https:\/\/alzira.es\/wp-content\/uploads\/2020\/12\/gran_teatre-768x512.jpg 768w, https:\/\/alzira.es\/wp-content\/uploads\/2020\/12\/gran_teatre-391x260.jpg 391w\" sizes=\"(max-width: 706px) 89vw, (max-width: 767px) 82vw, 740px\" \/><\/p>\n","protected":false},"excerpt":{"rendered":"<p>El jueves 17 de diciembre se pondr\u00e1 a la venta en el MUMA el calendario municipal para el 2021, este a\u00f1o con el tema \u00abCent Anys del Gran Teatre, 1921-2021\u00bb. El calendario se ha convertido en un elemento de difusi\u00f3n tradicional que este a\u00f1o re\u00fane a su edici\u00f3n n\u00famero veinticuatro y que se ha convertido &hellip; <\/p>\n<p class=\"link-more\"><a href=\"https:\/\/alzira.es\/es\/el-calendari-municipal-per-al-2021-esta-dedicat-al-gran-teatre-amb-motiu-del-seu-centenari\/\" class=\"more-link\">Continuar leyendo<span class=\"screen-reader-text\"> \u00abEl calendario municipal para el 2021 est\u00e1 dedicado al Gran Teatro con motivo de su centenario\u00bb<\/span><\/a><\/p>\n","protected":false},"author":29,"featured_media":52882,"comment_status":"","ping_status":"","sticky":false,"template":"","format":"standard","meta":{"_acf_changed":false,"footnotes":""},"categories":[4936],"tags":[],"class_list":["post-52884","post","type-post","status-publish","format-standard","has-post-thumbnail","hentry","category-hemeroteca-es"],"acf":[],"_links":{"self":[{"href":"https:\/\/alzira.es\/es\/wp-json\/wp\/v2\/posts\/52884","targetHints":{"allow":["GET"]}}],"collection":[{"href":"https:\/\/alzira.es\/es\/wp-json\/wp\/v2\/posts"}],"about":[{"href":"https:\/\/alzira.es\/es\/wp-json\/wp\/v2\/types\/post"}],"author":[{"embeddable":true,"href":"https:\/\/alzira.es\/es\/wp-json\/wp\/v2\/users\/29"}],"replies":[{"embeddable":true,"href":"https:\/\/alzira.es\/es\/wp-json\/wp\/v2\/comments?post=52884"}],"version-history":[{"count":0,"href":"https:\/\/alzira.es\/es\/wp-json\/wp\/v2\/posts\/52884\/revisions"}],"wp:featuredmedia":[{"embeddable":true,"href":"https:\/\/alzira.es\/es\/wp-json\/wp\/v2\/media\/52882"}],"wp:attachment":[{"href":"https:\/\/alzira.es\/es\/wp-json\/wp\/v2\/media?parent=52884"}],"wp:term":[{"taxonomy":"category","embeddable":true,"href":"https:\/\/alzira.es\/es\/wp-json\/wp\/v2\/categories?post=52884"},{"taxonomy":"post_tag","embeddable":true,"href":"https:\/\/alzira.es\/es\/wp-json\/wp\/v2\/tags?post=52884"}],"curies":[{"name":"wp","href":"https:\/\/api.w.org\/{rel}","templated":true}]}}