{"id":52881,"date":"2020-12-10T15:04:34","date_gmt":"2020-12-10T14:04:34","guid":{"rendered":"https:\/\/alzira.es\/alzira-viu-el-nadal-es-la-campanya-del-serval-pera-promocionar-l-us-del-valencia-al-comerc-local-2\/"},"modified":"2020-12-10T15:04:34","modified_gmt":"2020-12-10T14:04:34","slug":"alzira-viu-el-nadal-es-la-campanya-del-serval-pera-promocionar-l-us-del-valencia-al-comerc-local-2","status":"publish","type":"post","link":"https:\/\/alzira.es\/es\/alzira-viu-el-nadal-es-la-campanya-del-serval-pera-promocionar-l-us-del-valencia-al-comerc-local-2\/","title":{"rendered":"\u201cAlzira viu el Nadal\u201d \u00e9s la campanya del Serval pera promocionar l\u2019\u00fas del valenci\u00e0 al comer\u00e7 local"},"content":{"rendered":"<p>La Regidoria de Cultura, a trav\u00e9s del Servei de Promoci\u00f3 del Valenci\u00e0 de l&#8217;Ajuntament d&#8217;Alzira, Serval, llan\u00e7a un any m\u00e9s les accions de promoci\u00f3 i \u00fas del valenci\u00e0 per a fomentar l&#8217;\u00fas del valenci\u00e0 en l&#8217;\u00e0mbit. Estes accions s&#8217;engloben en la campanya \u00abAlzira viu el Nadal, prevista per a estes festes.<\/p>\n<p><strong>Alfred Aranda<\/strong>, regidor de Cultura i Promoci\u00f3 del Valenci\u00e0 ha assenyalat que: <em>\u00abAmb estes campanyes volem animar a comprar en el comer\u00e7 local a temps que fem que el valenci\u00e0 estiga present en tot all\u00f2 que envolta les festes de Nadal: jocs, can\u00e7ons, menjars o tradicions i que ens identifiquen com a valencians, sempre amb naturalitat i oberts a altres cultures\u00bb.<\/em><\/p>\n<p>S&#8217;enceten les actuacions en l&#8217;\u00e0mbit educatiu, amb el lliurament de Premis del III Concurs de Redacci\u00f3 Juvenil en Valenci\u00e0, dem\u00e0 <strong>divendres 11 a les 17 hores en la porta de l&#8217;Ajuntament<\/strong>. Hi acudiran els guanyadors, familiars i professorat. El tema d&#8217;enguany ha sigut \u00abQue t&#8217;agradaria somiar\u00bb i han participat vora 300 alumnes dels centres educatius d&#8217;Alzira, repartits en quatre categories. A: 1r i 2n d&#8217;ESO; B: 3r i 4t d&#8217;ESO; C: Batxillerat, Escola d&#8217;Adults i Cicles Formatius, i D: 5\u00e9 i 6\u00e9 de Prim\u00e0ria.<br \/>Tamb\u00e9 enguany, es repartiran en totes les escoles les cartes dels Reis d&#8217;Orient perqu\u00e8 les xiquetes i xiquets d&#8217;Alzira puguen enviar-les per correu o lliurar als ajudants dels reis que trobaran en diferents llocs de la ciutat del 28 de desembre al 2 de gener. Les cartes tenen un disseny divertit i en valenci\u00e0.<\/p>\n<p>En l&#8217;\u00e0mbit comercial i de cara a donar suport a les nostres botigues de regals, joguets, roba de xiquets, llibreries i papereries l&#8217;Ajuntament repartir\u00e0 adhesius per a regals amb lemes com \u00abEspere que t&#8217;agrade\u00bb, \u00abEl millor regal eres tu\u00bb, \u00abFem un consum responsable\u00bb, \u00abRegala&#8217;m un somriure\u00bb, \u00abBones festes\u00bb, \u00abBon Nadal\u00bb, \u00abEn valenci\u00e0, millor\u00bb i \u00abAlzira viu el Nadal\u00bb.<\/p>\n<p>Per quart any consecutiu, es repartiran unes bosses de tela amb el lema \u00abAlzira viu el Nadal\u00bb a les verduleries, fruiteries i forns per a regalar als primers clients que hi vagen a comprar durant els dies 16 i 17 de desembre.<\/p>\n<p>Tamb\u00e9 de cara als comer\u00e7os de la ciutat, es lliurar\u00e0 el calendari laboral d&#8217;Alzira als comer\u00e7os de la ciutat, com es fa des de fa molts anys per part del Serval.<br \/>Ja en passar les festes de Nadal, tindr\u00e0 lloc la campanya del .repartiment de cartells i etiquetes de rebaixes als comer\u00e7os de roba, cal\u00e7at, complements i similars.<\/p>\n<p><img fetchpriority=\"high\" decoding=\"async\" class=\" size-full wp-image-52878\" src=\"https:\/\/alzira.es\/wp-content\/uploads\/2020\/12\/ALZIRA_VIU_EL_NADAL_2.jpeg\" alt=\"ALZIRA VIU EL NADAL 2\" width=\"800\" height=\"1067\" srcset=\"https:\/\/alzira.es\/wp-content\/uploads\/2020\/12\/ALZIRA_VIU_EL_NADAL_2.jpeg 1200w, https:\/\/alzira.es\/wp-content\/uploads\/2020\/12\/ALZIRA_VIU_EL_NADAL_2-680x907.jpeg 680w, https:\/\/alzira.es\/wp-content\/uploads\/2020\/12\/ALZIRA_VIU_EL_NADAL_2-804x1072.jpeg 804w, https:\/\/alzira.es\/wp-content\/uploads\/2020\/12\/ALZIRA_VIU_EL_NADAL_2-768x1024.jpeg 768w, https:\/\/alzira.es\/wp-content\/uploads\/2020\/12\/ALZIRA_VIU_EL_NADAL_2-300x400.jpeg 300w, https:\/\/alzira.es\/wp-content\/uploads\/2020\/12\/ALZIRA_VIU_EL_NADAL_2-1152x1536.jpeg 1152w\" sizes=\"(max-width: 706px) 89vw, (max-width: 767px) 82vw, 740px\" \/><\/p>\n","protected":false},"excerpt":{"rendered":"<p>La Regidoria de Cultura, a trav\u00e9s del Servei de Promoci\u00f3 del Valenci\u00e0 de l&#8217;Ajuntament d&#8217;Alzira, Serval, llan\u00e7a un any m\u00e9s les accions de promoci\u00f3 i \u00fas del valenci\u00e0 per a fomentar l&#8217;\u00fas del valenci\u00e0 en l&#8217;\u00e0mbit. Estes accions s&#8217;engloben en la campanya \u00abAlzira viu el Nadal, prevista per a estes festes. Alfred Aranda, regidor de &hellip; <\/p>\n<p class=\"link-more\"><a href=\"https:\/\/alzira.es\/es\/alzira-viu-el-nadal-es-la-campanya-del-serval-pera-promocionar-l-us-del-valencia-al-comerc-local-2\/\" class=\"more-link\">Continuar leyendo<span class=\"screen-reader-text\"> \u00ab\u201cAlzira viu el Nadal\u201d \u00e9s la campanya del Serval pera promocionar l\u2019\u00fas del valenci\u00e0 al comer\u00e7 local\u00bb<\/span><\/a><\/p>\n","protected":false},"author":29,"featured_media":52878,"comment_status":"","ping_status":"","sticky":false,"template":"","format":"standard","meta":{"_acf_changed":false,"footnotes":""},"categories":[],"tags":[],"class_list":["post-52881","post","type-post","status-publish","format-standard","has-post-thumbnail","hentry"],"acf":[],"_links":{"self":[{"href":"https:\/\/alzira.es\/es\/wp-json\/wp\/v2\/posts\/52881","targetHints":{"allow":["GET"]}}],"collection":[{"href":"https:\/\/alzira.es\/es\/wp-json\/wp\/v2\/posts"}],"about":[{"href":"https:\/\/alzira.es\/es\/wp-json\/wp\/v2\/types\/post"}],"author":[{"embeddable":true,"href":"https:\/\/alzira.es\/es\/wp-json\/wp\/v2\/users\/29"}],"replies":[{"embeddable":true,"href":"https:\/\/alzira.es\/es\/wp-json\/wp\/v2\/comments?post=52881"}],"version-history":[{"count":0,"href":"https:\/\/alzira.es\/es\/wp-json\/wp\/v2\/posts\/52881\/revisions"}],"wp:featuredmedia":[{"embeddable":true,"href":"https:\/\/alzira.es\/es\/wp-json\/wp\/v2\/media\/52878"}],"wp:attachment":[{"href":"https:\/\/alzira.es\/es\/wp-json\/wp\/v2\/media?parent=52881"}],"wp:term":[{"taxonomy":"category","embeddable":true,"href":"https:\/\/alzira.es\/es\/wp-json\/wp\/v2\/categories?post=52881"},{"taxonomy":"post_tag","embeddable":true,"href":"https:\/\/alzira.es\/es\/wp-json\/wp\/v2\/tags?post=52881"}],"curies":[{"name":"wp","href":"https:\/\/api.w.org\/{rel}","templated":true}]}}