{"id":52880,"date":"2020-12-10T15:04:34","date_gmt":"2020-12-10T14:04:34","guid":{"rendered":"https:\/\/alzira.es\/alzira-viu-el-nadal-es-la-campanya-del-serval-pera-promocionar-l-us-del-valencia-al-comerc-local\/"},"modified":"2020-12-10T15:04:34","modified_gmt":"2020-12-10T14:04:34","slug":"alzira-viu-el-nadal-es-la-campanya-del-serval-pera-promocionar-l-us-del-valencia-al-comerc-local","status":"publish","type":"post","link":"https:\/\/alzira.es\/es\/alzira-viu-el-nadal-es-la-campanya-del-serval-pera-promocionar-l-us-del-valencia-al-comerc-local\/","title":{"rendered":"\u201cAlzira vive la Navidad\u201d es la campa\u00f1a del Serval pera promocionar el uso del valenciano al comercio local"},"content":{"rendered":"<p>La Concejal\u00eda de Cultura, a trav\u00e9s del Servicio de Promoci\u00f3n del Valenciano del Ayuntamiento de Alzira, Serval, lanza un a\u00f1o m\u00e1s las acciones de promoci\u00f3n y uso del valenciano para fomentar el uso del valenciano en el \u00e1mbito. Estas acciones se engloban en la campa\u00f1a \u00abAlzira viu el Nadal\u00bb, prevista para estas fiestas.<\/p>\n<p><strong>Alfred Aranda<\/strong>, regidor de Cultura y Promoci\u00f3n del Valenciano ha se\u00f1alado que: <em>\u00abCon estas campa\u00f1as queremos animar a comprar en el comercio local a tiempo que basura que el valenciano est\u00e9 presente en todo aquello que rodea las fiestas de Nadal: juegos, canciones, comidas o tradiciones y que nos identifican como valencianos, siempre con naturalidad y abiertos a otras culturas\u00bb<\/em>.<\/p>\n<p>Se comienzan las actuaciones en el \u00e1mbito educativo, con la entrega de Premios del III Concurso de Redacci\u00f3n Juvenil en Valenciano, <strong>ma\u00f1ana viernes 11 a las 17 horas en la puerta del Ayuntamiento<\/strong>. Acudir\u00e1n los ganadores, familiares y profesorado. El tema de este a\u00f1o ha sido \u00abQue te gustar\u00eda so\u00f1ar\u00bb y han participado borde 300 alumnos de los centros educativos de Alzira, repartidos en cuatro categor\u00edas. A: 1.\u00ba y 2.\u00ba de ESO; B: 3.\u00ba y 4.\u00ba de ESO; C: Bachillerato, Escuela de Adultos y Ciclos Formativos, y D: 5.\u00ba y 6.\u00ba de Primaria.<\/p>\n<p>Tambi\u00e9n este a\u00f1o, se repartir\u00e1n en todas las escuelas las cartas de los Reyes de Oriente para que las ni\u00f1as y ni\u00f1os de Alzira puedan enviarlas por correo o librar a los ayudantes de los reyes que encontrar\u00e1n en diferentes lugares de la ciudad del 28 de diciembre al 2 de enero. Las cartas tienen un dise\u00f1o divertido y en valenciano.<\/p>\n<p>En el \u00e1mbito comercial y de cara a apoyar en nuestras tiendas de regalos, juguetes, ropa de ni\u00f1os, librer\u00edas y papeler\u00edas el Ayuntamiento repartir\u00e1 pegatinas para regalos con lemas como \u00abEspere que t&#8217;agrade\u00bb, \u00abEl millor regal eres tu\u00bb, \u00abFem un consum responsable\u00bb, \u00abRegala&#8217;m un somriure\u00bb, \u00abBones festes\u00bb, \u00abBon Nadal\u00bb, \u00abEn valenci\u00e0, millor\u00bb i \u00abAlzira viu el Nadal\u00bb.<\/p>\n<p>Por cuarto a\u00f1o consecutivo, se repartir\u00e1n unas bolsas de tela con el lema \u00abAlzira viu el Nadal\u00bb en las verduler\u00edas, fruter\u00edas y hornos para regalar a los primeros clientes que vayan a comprar durante los d\u00edas 16 y 17 de diciembre.<\/p>\n<p>Tambi\u00e9n de cara a los comercios de la ciudad, se librar\u00e1 el calendario laboral de Alzira a los comercios de la ciudad, como se hace desde hace muchos a\u00f1os por parte del Serval.<br \/>Ya al pasar las fiestas de Navidad, tendr\u00e1 lugar la campa\u00f1a del reparto de carteles y hashtags de rebajas a los comercios de ropa, calzado, complementos y similares.<\/p>\n<p><img fetchpriority=\"high\" decoding=\"async\" class=\" size-full wp-image-52878\" style=\"font-size: 14.4px;\" src=\"https:\/\/alzira.es\/wp-content\/uploads\/2020\/12\/ALZIRA_VIU_EL_NADAL_2.jpeg\" alt=\"ALZIRA VIU EL NADAL 2\" width=\"800\" height=\"1067\" srcset=\"https:\/\/alzira.es\/wp-content\/uploads\/2020\/12\/ALZIRA_VIU_EL_NADAL_2.jpeg 1200w, https:\/\/alzira.es\/wp-content\/uploads\/2020\/12\/ALZIRA_VIU_EL_NADAL_2-680x907.jpeg 680w, https:\/\/alzira.es\/wp-content\/uploads\/2020\/12\/ALZIRA_VIU_EL_NADAL_2-804x1072.jpeg 804w, https:\/\/alzira.es\/wp-content\/uploads\/2020\/12\/ALZIRA_VIU_EL_NADAL_2-768x1024.jpeg 768w, https:\/\/alzira.es\/wp-content\/uploads\/2020\/12\/ALZIRA_VIU_EL_NADAL_2-300x400.jpeg 300w, https:\/\/alzira.es\/wp-content\/uploads\/2020\/12\/ALZIRA_VIU_EL_NADAL_2-1152x1536.jpeg 1152w\" sizes=\"(max-width: 706px) 89vw, (max-width: 767px) 82vw, 740px\" \/><\/p>\n","protected":false},"excerpt":{"rendered":"<p>La Concejal\u00eda de Cultura, a trav\u00e9s del Servicio de Promoci\u00f3n del Valenciano del Ayuntamiento de Alzira, Serval, lanza un a\u00f1o m\u00e1s las acciones de promoci\u00f3n y uso del valenciano para fomentar el uso del valenciano en el \u00e1mbito. Estas acciones se engloban en la campa\u00f1a \u00abAlzira viu el Nadal\u00bb, prevista para estas fiestas. Alfred Aranda, &hellip; <\/p>\n<p class=\"link-more\"><a href=\"https:\/\/alzira.es\/es\/alzira-viu-el-nadal-es-la-campanya-del-serval-pera-promocionar-l-us-del-valencia-al-comerc-local\/\" class=\"more-link\">Continuar leyendo<span class=\"screen-reader-text\"> \u00ab\u201cAlzira vive la Navidad\u201d es la campa\u00f1a del Serval pera promocionar el uso del valenciano al comercio local\u00bb<\/span><\/a><\/p>\n","protected":false},"author":29,"featured_media":52878,"comment_status":"","ping_status":"","sticky":false,"template":"","format":"standard","meta":{"_acf_changed":false,"footnotes":""},"categories":[],"tags":[],"class_list":["post-52880","post","type-post","status-publish","format-standard","has-post-thumbnail","hentry"],"acf":[],"_links":{"self":[{"href":"https:\/\/alzira.es\/es\/wp-json\/wp\/v2\/posts\/52880","targetHints":{"allow":["GET"]}}],"collection":[{"href":"https:\/\/alzira.es\/es\/wp-json\/wp\/v2\/posts"}],"about":[{"href":"https:\/\/alzira.es\/es\/wp-json\/wp\/v2\/types\/post"}],"author":[{"embeddable":true,"href":"https:\/\/alzira.es\/es\/wp-json\/wp\/v2\/users\/29"}],"replies":[{"embeddable":true,"href":"https:\/\/alzira.es\/es\/wp-json\/wp\/v2\/comments?post=52880"}],"version-history":[{"count":0,"href":"https:\/\/alzira.es\/es\/wp-json\/wp\/v2\/posts\/52880\/revisions"}],"wp:featuredmedia":[{"embeddable":true,"href":"https:\/\/alzira.es\/es\/wp-json\/wp\/v2\/media\/52878"}],"wp:attachment":[{"href":"https:\/\/alzira.es\/es\/wp-json\/wp\/v2\/media?parent=52880"}],"wp:term":[{"taxonomy":"category","embeddable":true,"href":"https:\/\/alzira.es\/es\/wp-json\/wp\/v2\/categories?post=52880"},{"taxonomy":"post_tag","embeddable":true,"href":"https:\/\/alzira.es\/es\/wp-json\/wp\/v2\/tags?post=52880"}],"curies":[{"name":"wp","href":"https:\/\/api.w.org\/{rel}","templated":true}]}}