{"id":52877,"date":"2020-12-10T13:32:11","date_gmt":"2020-12-10T12:32:11","guid":{"rendered":"https:\/\/alzira.es\/es-mantenen-les-xifres-per-baix-dels-300-casos-per-cada-100-000-habitants-2\/"},"modified":"2020-12-10T13:32:11","modified_gmt":"2020-12-10T12:32:11","slug":"es-mantenen-les-xifres-per-baix-dels-300-casos-per-cada-100-000-habitants-2","status":"publish","type":"post","link":"https:\/\/alzira.es\/es\/es-mantenen-les-xifres-per-baix-dels-300-casos-per-cada-100-000-habitants-2\/","title":{"rendered":"Es mantenen les xifres per baix dels 300 casos per cada 100.000 habitants"},"content":{"rendered":"<h3>\u2022 A l&#8217;espera de les dades dels pr\u00f2xims dies, que indicaran l&#8217;evoluci\u00f3 despr\u00e9s del pont i marcaran el Nadal<\/h3>\n<p>Com cada dijous, hui ha tingut lloc la reuni\u00f3 telem\u00e0tica amb Salut P\u00fablica per a l&#8217;actualitzaci\u00f3 de les dades dels \u00faltims 7 dies. En el cas d&#8217;Alzira les xifres indiquen una lleugera pujada de casos, hem passat de <strong>243 a 293 casos per cada 100.000 habitants<\/strong>. A m\u00e9s, en els \u00faltims tres dies hi ha 17 positius (35 la setmana passada), i <strong>en total tenim 134 casos actius<\/strong>.<\/p>\n<p>\u00abEsta setmana tenim dades lleugerament m\u00e9s altes, encara per baix del 300 casos, per\u00f2 cal ser molt cautelosos de cara als pr\u00f2xims dies i complir les normes. Evitem l&#8217;acumulaci\u00f3 de persones i els llocs tancats, s\u00f3n preferibles les activitats a l&#8217;aire lliure i reduir la mobilitat a l&#8217;estrictament necessari\u00bb ha insistit l&#8217;alcalde.<\/p>\n<p>Per la seua banda la regidora de Sanitat, <strong>Gemma Al\u00f3s<\/strong> ha explicat que \u00abEncara no tenim dades que es corresponguen amb la incid\u00e8ncia del passat pont, ho tindrem en els pr\u00f2xims dies i en eixe moment sabrem com respondre al Nadal. En eixe sentit des del departament de salut s&#8217;est\u00e0 treballant en una campanya conjunta per a conscienciar del seguiment de les normes en estes festes\u00bb.<\/p>\n<p><strong>Recordem que l&#8217;ajuntament ahir, anunciava en un ban la recuperaci\u00f3 dels serveis municipals seg\u00fcents:<\/strong><\/p>\n<p>\u2022 Reobertura de parcs, jardins i zones de joc infantil.<br \/>\u2022 Reobertura de les instal\u2022lacions esportives, amb l&#8217;aforament indicat per la conselleria.<br \/>\u2022 Recuperaci\u00f3 de l&#8217;activitat a la Biblioteca i als tallers de joventut i d&#8217;arts pl\u00e0stiques de la Casa de la Cultura.<br \/>\u2022 Estan permeses les activitats culturals amb l&#8217;aforament indicat per conselleria.<br \/>\u2022 Per tal d&#8217;acudir a les depend\u00e8ncies municipals cal demanar cita pr\u00e8via.<\/p>\n<p><strong>MESURES AUTON\u00d2MIQUES<\/strong><\/p>\n<p>En relaci\u00f3 a les festes de Nadal, s&#8217;ha de seguir <span style=\"text-decoration: underline;\"><a href=\"http:\/\/www.dogv.gva.es\/datos\/2020\/12\/05\/pdf\/2020_10569.pdf\" rel=\"nofollow noopener\" target=\"_blank\">el Decret 19\/2020 de 5 de desembre<\/a><\/span> en el qual s&#8217;indiquen mesures sobre la:<\/p>\n<p>\u2022 Limitaci\u00f3 d&#8217;entrada i eixida de la Comunitat Valenciana, excepte per despla\u00e7ament a llocs de resid\u00e8ncia de familiars, els dies 23, 24, 25, 31 de desembre i l&#8217;1 de gener.<br \/>\u2022 Limitaci\u00f3 de circulaci\u00f3 en horari nocturn fins a les 00 h excepte les nits del 24 al 25 de desembre, 25 al 26 i 31 a l&#8217;1, en les quals la restricci\u00f3 s&#8217;amplia fins a la 1.30 h.<br \/>\u2022 Limitaci\u00f3 de grups de 6 persones, excepte els dies 24, 25, 26 i 31 de desembre i l&#8217;1 de gener, en els que s&#8217;amplia a 10 persones.<\/p>\n<p>En relaci\u00f3 a les mesures auton\u00f2miques, vigents fins al 15 de gener, s&#8217;ha de seguir la <span style=\"text-decoration: underline;\"><a href=\"http:\/\/www.dogv.gva.es\/datos\/2020\/12\/05\/pdf\/2020_10582.pdf\" rel=\"nofollow noopener\" target=\"_blank\">resoluci\u00f3<\/a><\/span><a href=\"http:\/\/www.dogv.gva.es\/datos\/2020\/12\/05\/pdf\/2020_10582.pdf\" rel=\"nofollow noopener\" target=\"_blank\"><\/a>&nbsp;de 5 de desembre de 2020 de la Conselleria de Sanitat Universal i Salut P\u00fablica.<\/p>\n<p><span style=\"text-decoration: underline;\"><a href=\"http:\/\/www.presidencia.gva.es\/documents\/162280493\/169676774\/VAL-noves_mesures.pdf\" rel=\"nofollow noopener\" target=\"_blank\">Resum mesures auton\u00f2miques<\/a><\/span><\/p>\n<p><span style=\"text-decoration: underline;\"><a href=\"https:\/\/www.lamoncloa.gob.es\/serviciosdeprensa\/notasprensa\/sanidad14\/Documents\/2020\/02122020_AcuerdoVacaciones.pdf\" rel=\"nofollow noopener\" target=\"_blank\">Detall de les mesures estatals<\/a><\/span><\/p>\n<p><span style=\"text-decoration: underline;\"><img fetchpriority=\"high\" decoding=\"async\" class=\" size-full wp-image-52874\" style=\"display: block; margin-left: auto; margin-right: auto;\" src=\"https:\/\/alzira.es\/wp-content\/uploads\/2020\/12\/VAL-noves_mesures.jpg\" alt=\"VAL-noves mesures\" width=\"500\" height=\"1026\" \/><\/span><\/p>\n<p>&nbsp;<\/p>\n","protected":false},"excerpt":{"rendered":"<p>\u2022 A l&#8217;espera de les dades dels pr\u00f2xims dies, que indicaran l&#8217;evoluci\u00f3 despr\u00e9s del pont i marcaran el Nadal Com cada dijous, hui ha tingut lloc la reuni\u00f3 telem\u00e0tica amb Salut P\u00fablica per a l&#8217;actualitzaci\u00f3 de les dades dels \u00faltims 7 dies. En el cas d&#8217;Alzira les xifres indiquen una lleugera pujada de casos, hem &hellip; <\/p>\n<p class=\"link-more\"><a href=\"https:\/\/alzira.es\/es\/es-mantenen-les-xifres-per-baix-dels-300-casos-per-cada-100-000-habitants-2\/\" class=\"more-link\">Continuar leyendo<span class=\"screen-reader-text\"> \u00abEs mantenen les xifres per baix dels 300 casos per cada 100.000 habitants\u00bb<\/span><\/a><\/p>\n","protected":false},"author":29,"featured_media":52874,"comment_status":"","ping_status":"","sticky":false,"template":"","format":"standard","meta":{"_acf_changed":false,"footnotes":""},"categories":[],"tags":[],"class_list":["post-52877","post","type-post","status-publish","format-standard","has-post-thumbnail","hentry"],"acf":[],"_links":{"self":[{"href":"https:\/\/alzira.es\/es\/wp-json\/wp\/v2\/posts\/52877","targetHints":{"allow":["GET"]}}],"collection":[{"href":"https:\/\/alzira.es\/es\/wp-json\/wp\/v2\/posts"}],"about":[{"href":"https:\/\/alzira.es\/es\/wp-json\/wp\/v2\/types\/post"}],"author":[{"embeddable":true,"href":"https:\/\/alzira.es\/es\/wp-json\/wp\/v2\/users\/29"}],"replies":[{"embeddable":true,"href":"https:\/\/alzira.es\/es\/wp-json\/wp\/v2\/comments?post=52877"}],"version-history":[{"count":0,"href":"https:\/\/alzira.es\/es\/wp-json\/wp\/v2\/posts\/52877\/revisions"}],"wp:featuredmedia":[{"embeddable":true,"href":"https:\/\/alzira.es\/es\/wp-json\/wp\/v2\/media\/52874"}],"wp:attachment":[{"href":"https:\/\/alzira.es\/es\/wp-json\/wp\/v2\/media?parent=52877"}],"wp:term":[{"taxonomy":"category","embeddable":true,"href":"https:\/\/alzira.es\/es\/wp-json\/wp\/v2\/categories?post=52877"},{"taxonomy":"post_tag","embeddable":true,"href":"https:\/\/alzira.es\/es\/wp-json\/wp\/v2\/tags?post=52877"}],"curies":[{"name":"wp","href":"https:\/\/api.w.org\/{rel}","templated":true}]}}