{"id":52873,"date":"2020-12-10T12:17:49","date_gmt":"2020-12-10T11:17:49","guid":{"rendered":"https:\/\/alzira.es\/alzira-autoritza-la-fira-d-atraccions-de-nadal-amb-totes-les-mesures-anti-covid-2\/"},"modified":"2020-12-10T12:17:49","modified_gmt":"2020-12-10T11:17:49","slug":"alzira-autoritza-la-fira-d-atraccions-de-nadal-amb-totes-les-mesures-anti-covid-2","status":"publish","type":"post","link":"https:\/\/alzira.es\/es\/alzira-autoritza-la-fira-d-atraccions-de-nadal-amb-totes-les-mesures-anti-covid-2\/","title":{"rendered":"Alzira autoritza la Fira d\u2019atraccions de Nadal amb totes les mesures anti-COVID"},"content":{"rendered":"<h3>\u2022 Els firaires assumiran el control d&#8217;aflu\u00e8ncia de p\u00fablic amb un m\u00e0xim de 400 persones<\/h3>\n<p><span style=\"font-size: 14.4px;\">Els xiquets i xiquetes d&#8217;Alzira podran gaudi este Nadal de la tradicional fira d&#8217;atraccions al recinte firal a partir del dia 18 de desembre. L&#8217;ajuntament Alzira autoritzar\u00e0 la instal\u2022laci\u00f3 de les atraccions amb la condici\u00f3 que els firaires complisquen totes les normatives anti-COVID publicades en el darrer DOGV de 5 de desembre.<\/span><\/p>\n<p>Els firaires hauran de controlar el nombre de persones que estiguen en este recinte amb nun m\u00e0xim de 400 persones i hauran de desinfectar les atraccions despr\u00e9s de cada \u00fas. Aix\u00ed mateix caldr\u00e0 aplicar les mesures de dist\u00e0ncia social en les atraccions.<\/p>\n<p>En este sentit, l&#8217;alcalde,<strong> Diego G\u00f3mez<\/strong> ha manifestat que els professionals de la fira \u00abhan de complir escrupolosament estes mesures sanit\u00e0ries i de seguretat. \u00c9s tamb\u00e9 molt important la desinfecci\u00f3 i les dist\u00e0ncies de seguretat de les mateixes atraccions\u00bb<\/p>\n<p>Ahir a la vesprada l&#8217;alcalde de la ciutat, <strong>Diego G\u00f3mez<\/strong>, el regidor de festes, <strong>Xavi P\u00e9rez<\/strong> i el regidor de Serveis Urbans,<strong> Fernando Pascual<\/strong>, van mantindre una reuni\u00f3 amb els firaires per tal d&#8217;informar de les noves mesures publicades este mateix cap de setmana. Aix\u00ed mateix es van revisar conjuntament els protocols de seguretat, procediment de muntatge, terminis i controls d&#8217;acc\u00e9s que s&#8217;han de portar a terme.<\/p>\n<p>Cal recordar que el recinte firal compta amb 15.000 metres quadrats els quals es reservarien 11.000 per a traccions i punts de venda i la resta, 4000, com a s\u00f2l transitable.<\/p>\n<p>L&#8217;associaci\u00f3 de firaires de la Ribera va presentar en les \u00faltimes setmanes un protocol de seguretat adaptat a les noves circumst\u00e0ncies per a poder instal\u2022lar la fira.<\/p>\n<p><strong>La fira tindr\u00e0 lloc des del pr\u00f2xim 18 de desembre i durant un mes<\/strong>, sempre que les condicions i normatives sanit\u00e0ries ho permeten. Com l&#8217;any passat, enguany tamb\u00e9 hi haur\u00e0 franges hor\u00e0ries per a la fira silenciosa, en qu\u00e8 les atraccions apagaran m\u00fasica i sorolls per tal de rebaixar l&#8217;estrid\u00e8ncia i sensibilitzar-se amb els joves i xiquets i xiquetes que pateixen un trastorn associat a l&#8217;autisme.<\/p>\n<p><img fetchpriority=\"high\" decoding=\"async\" class=\" size-full wp-image-52870\" style=\"display: block; margin-left: auto; margin-right: auto;\" src=\"https:\/\/alzira.es\/wp-content\/uploads\/2020\/12\/IMG_0666.jpg\" alt=\"IMG 0666\" width=\"1000\" height=\"667\" srcset=\"https:\/\/alzira.es\/wp-content\/uploads\/2020\/12\/IMG_0666.jpg 1500w, https:\/\/alzira.es\/wp-content\/uploads\/2020\/12\/IMG_0666-680x453.jpg 680w, https:\/\/alzira.es\/wp-content\/uploads\/2020\/12\/IMG_0666-1430x953.jpg 1430w, https:\/\/alzira.es\/wp-content\/uploads\/2020\/12\/IMG_0666-768x512.jpg 768w, https:\/\/alzira.es\/wp-content\/uploads\/2020\/12\/IMG_0666-391x260.jpg 391w\" sizes=\"(max-width: 706px) 89vw, (max-width: 767px) 82vw, 740px\" \/><\/p>\n<p>&nbsp;<\/p>\n","protected":false},"excerpt":{"rendered":"<p>\u2022 Els firaires assumiran el control d&#8217;aflu\u00e8ncia de p\u00fablic amb un m\u00e0xim de 400 persones Els xiquets i xiquetes d&#8217;Alzira podran gaudi este Nadal de la tradicional fira d&#8217;atraccions al recinte firal a partir del dia 18 de desembre. L&#8217;ajuntament Alzira autoritzar\u00e0 la instal\u2022laci\u00f3 de les atraccions amb la condici\u00f3 que els firaires complisquen totes &hellip; <\/p>\n<p class=\"link-more\"><a href=\"https:\/\/alzira.es\/es\/alzira-autoritza-la-fira-d-atraccions-de-nadal-amb-totes-les-mesures-anti-covid-2\/\" class=\"more-link\">Continuar leyendo<span class=\"screen-reader-text\"> \u00abAlzira autoritza la Fira d\u2019atraccions de Nadal amb totes les mesures anti-COVID\u00bb<\/span><\/a><\/p>\n","protected":false},"author":29,"featured_media":52870,"comment_status":"","ping_status":"","sticky":false,"template":"","format":"standard","meta":{"_acf_changed":false,"footnotes":""},"categories":[],"tags":[],"class_list":["post-52873","post","type-post","status-publish","format-standard","has-post-thumbnail","hentry"],"acf":[],"_links":{"self":[{"href":"https:\/\/alzira.es\/es\/wp-json\/wp\/v2\/posts\/52873","targetHints":{"allow":["GET"]}}],"collection":[{"href":"https:\/\/alzira.es\/es\/wp-json\/wp\/v2\/posts"}],"about":[{"href":"https:\/\/alzira.es\/es\/wp-json\/wp\/v2\/types\/post"}],"author":[{"embeddable":true,"href":"https:\/\/alzira.es\/es\/wp-json\/wp\/v2\/users\/29"}],"replies":[{"embeddable":true,"href":"https:\/\/alzira.es\/es\/wp-json\/wp\/v2\/comments?post=52873"}],"version-history":[{"count":0,"href":"https:\/\/alzira.es\/es\/wp-json\/wp\/v2\/posts\/52873\/revisions"}],"wp:featuredmedia":[{"embeddable":true,"href":"https:\/\/alzira.es\/es\/wp-json\/wp\/v2\/media\/52870"}],"wp:attachment":[{"href":"https:\/\/alzira.es\/es\/wp-json\/wp\/v2\/media?parent=52873"}],"wp:term":[{"taxonomy":"category","embeddable":true,"href":"https:\/\/alzira.es\/es\/wp-json\/wp\/v2\/categories?post=52873"},{"taxonomy":"post_tag","embeddable":true,"href":"https:\/\/alzira.es\/es\/wp-json\/wp\/v2\/tags?post=52873"}],"curies":[{"name":"wp","href":"https:\/\/api.w.org\/{rel}","templated":true}]}}