{"id":52869,"date":"2020-12-10T12:01:30","date_gmt":"2020-12-10T11:01:30","guid":{"rendered":"https:\/\/alzira.es\/la-recollida-del-fem-domestic-dels-poligons-in-dustrials-passa-a-ser-porta-a-porta-2\/"},"modified":"2020-12-10T12:01:30","modified_gmt":"2020-12-10T11:01:30","slug":"la-recollida-del-fem-domestic-dels-poligons-in-dustrials-passa-a-ser-porta-a-porta-2","status":"publish","type":"post","link":"https:\/\/alzira.es\/es\/la-recollida-del-fem-domestic-dels-poligons-in-dustrials-passa-a-ser-porta-a-porta-2\/","title":{"rendered":"La recollida del fem dom\u00e8stic dels pol\u00edgons in-dustrials passa a ser porta a porta"},"content":{"rendered":"<p>La Regidoria de Serveis Urbans posa en marxa un nou m\u00e8tode per a la recollida de residus urbans als pol\u00edgons industrials, <strong>l&#8217;arreplegada porta a porta dels residus dom\u00e8stics de les empreses<\/strong>, per a la qual cosa la Regidoria subministrar\u00e0 un contenidor de seixanta litres a cada empresa on dipositar les deixalles dom\u00e8stiques generades i que seran arreplegades individual-ment.<\/p>\n<p>Per a la seua recollida caldr\u00e0 traure el contenidor a la porta de la nau indus-trial en l&#8217;horari establit per a la retirada dels residus. Una vegada buit el contenidor s&#8217;haur\u00e0 de tornar a entrar-lo dins de la nau.<\/p>\n<p>Amb este sistema es pret\u00e9n aconseguir tindre unes zones industrials m\u00e9s netes i realitzar una millor gesti\u00f3 dels residus per tal de complir el Pla Integral de residus de la Comunitat Valenciana i seguir, a m\u00e9s, les directrius d&#8217;esta mat\u00e8ria dictades des d&#8217;Europa.<\/p>\n<p>\u00abLes empreses nom\u00e9s hauran de deixar el contenidor a la porta de la seua ind\u00fastria per arreplegar els residus generats. L&#8217;\u00fanic canvi \u00e9s que en lloc de tirar les deixalles dom\u00e8stiques generades al contenidor que fins ara estava situat al carrer del pol\u00edgon caldr\u00e0 dipositar-les al contenidor individual perqu\u00e8 el contingut puga ser retirat per l&#8217;empresa encarregada de la gesti\u00f3 dels residus en la nostra ciutat\u00bb, ha manifestat <strong>Fernando Pascual<\/strong>, regidor de Serveis Urbans de l&#8217;Ajuntament d&#8217;Alzira.<\/p>\n<p>El regidor, a m\u00e9s, argumenta que este nou m\u00e8tode de recollida perseguix evitar, que persones alienes al pol\u00edgon depositen els contenidors tota mena de resi-dus, (enderrocs, palets, pots de pintura, pneum\u00e0tics, mobles, etc.), amb el conse-g\u00fcent perjudici per a la imatge dels nostres pol\u00edgons industrials.<\/p>\n<p><img fetchpriority=\"high\" decoding=\"async\" class=\" size-full wp-image-52866\" style=\"display: block; margin-left: auto; margin-right: auto;\" src=\"https:\/\/alzira.es\/wp-content\/uploads\/2020\/12\/20201210_103619.jpg\" alt=\"20201210 103619\" width=\"500\" height=\"440\" srcset=\"https:\/\/alzira.es\/wp-content\/uploads\/2020\/12\/20201210_103619.jpg 2055w, https:\/\/alzira.es\/wp-content\/uploads\/2020\/12\/20201210_103619-680x598.jpg 680w, https:\/\/alzira.es\/wp-content\/uploads\/2020\/12\/20201210_103619-1219x1072.jpg 1219w, https:\/\/alzira.es\/wp-content\/uploads\/2020\/12\/20201210_103619-768x675.jpg 768w, https:\/\/alzira.es\/wp-content\/uploads\/2020\/12\/20201210_103619-1536x1351.jpg 1536w, https:\/\/alzira.es\/wp-content\/uploads\/2020\/12\/20201210_103619-2048x1801.jpg 2048w\" sizes=\"(max-width: 500px) 100vw, 500px\" \/><\/p>\n","protected":false},"excerpt":{"rendered":"<p>La Regidoria de Serveis Urbans posa en marxa un nou m\u00e8tode per a la recollida de residus urbans als pol\u00edgons industrials, l&#8217;arreplegada porta a porta dels residus dom\u00e8stics de les empreses, per a la qual cosa la Regidoria subministrar\u00e0 un contenidor de seixanta litres a cada empresa on dipositar les deixalles dom\u00e8stiques generades i que &hellip; <\/p>\n<p class=\"link-more\"><a href=\"https:\/\/alzira.es\/es\/la-recollida-del-fem-domestic-dels-poligons-in-dustrials-passa-a-ser-porta-a-porta-2\/\" class=\"more-link\">Continuar leyendo<span class=\"screen-reader-text\"> \u00abLa recollida del fem dom\u00e8stic dels pol\u00edgons in-dustrials passa a ser porta a porta\u00bb<\/span><\/a><\/p>\n","protected":false},"author":29,"featured_media":52866,"comment_status":"","ping_status":"","sticky":false,"template":"","format":"standard","meta":{"_acf_changed":false,"footnotes":""},"categories":[],"tags":[],"class_list":["post-52869","post","type-post","status-publish","format-standard","has-post-thumbnail","hentry"],"acf":[],"_links":{"self":[{"href":"https:\/\/alzira.es\/es\/wp-json\/wp\/v2\/posts\/52869","targetHints":{"allow":["GET"]}}],"collection":[{"href":"https:\/\/alzira.es\/es\/wp-json\/wp\/v2\/posts"}],"about":[{"href":"https:\/\/alzira.es\/es\/wp-json\/wp\/v2\/types\/post"}],"author":[{"embeddable":true,"href":"https:\/\/alzira.es\/es\/wp-json\/wp\/v2\/users\/29"}],"replies":[{"embeddable":true,"href":"https:\/\/alzira.es\/es\/wp-json\/wp\/v2\/comments?post=52869"}],"version-history":[{"count":0,"href":"https:\/\/alzira.es\/es\/wp-json\/wp\/v2\/posts\/52869\/revisions"}],"wp:featuredmedia":[{"embeddable":true,"href":"https:\/\/alzira.es\/es\/wp-json\/wp\/v2\/media\/52866"}],"wp:attachment":[{"href":"https:\/\/alzira.es\/es\/wp-json\/wp\/v2\/media?parent=52869"}],"wp:term":[{"taxonomy":"category","embeddable":true,"href":"https:\/\/alzira.es\/es\/wp-json\/wp\/v2\/categories?post=52869"},{"taxonomy":"post_tag","embeddable":true,"href":"https:\/\/alzira.es\/es\/wp-json\/wp\/v2\/tags?post=52869"}],"curies":[{"name":"wp","href":"https:\/\/api.w.org\/{rel}","templated":true}]}}