{"id":52868,"date":"2020-12-10T12:01:30","date_gmt":"2020-12-10T11:01:30","guid":{"rendered":"https:\/\/alzira.es\/la-recollida-del-fem-domestic-dels-poligons-in-dustrials-passa-a-ser-porta-a-porta\/"},"modified":"2020-12-10T12:01:30","modified_gmt":"2020-12-10T11:01:30","slug":"la-recollida-del-fem-domestic-dels-poligons-in-dustrials-passa-a-ser-porta-a-porta","status":"publish","type":"post","link":"https:\/\/alzira.es\/es\/la-recollida-del-fem-domestic-dels-poligons-in-dustrials-passa-a-ser-porta-a-porta\/","title":{"rendered":"La recogida de la basura dom\u00e9stica de los pol\u00edgonos industriales pasa a ser puerta a puerta"},"content":{"rendered":"<p>La Concejal\u00eda de Servicios Urbanos pone en marcha un nuevo m\u00e9todo para la recogida de residuos urbanos a los pol\u00edgonos industriales, <strong>la recogida puerta a puerta de los residuos dom\u00e9sticos de las empresas<\/strong>, para lo cual la Concejal\u00eda suministrar\u00e1 un contenedor de sesenta litros a cada empresa donde depositar los desechos dom\u00e9sticos generados y que ser\u00e1n recogidas individual-mente.<\/p>\n<p>Para su recogida habr\u00e1 que sacar el contenedor a la puerta de la nave industrial en el horario establecido para la retirada de los residuos. Una vez vac\u00edo el contenedor se tendr\u00e1 que volver a entrarlo dentro de la nave.<\/p>\n<p>Con este sistema se pretende conseguir tener unas zonas industriales m\u00e1s limpias y realizar una mejor gesti\u00f3n de los residuos para cumplir el Plan Integral de residuos de la Comunidad Valenciana y seguir, adem\u00e1s, las directrices de esta materia dictadas desde Europa.<\/p>\n<p>\u00abLas empresas solo tendr\u00e1n que dejar el contenedor a la puerta de su industria para recoger los residuos generados. El \u00fanico cambio es que en lugar de echar los desechos dom\u00e9sticos generados al contenedor que hasta ahora estaba situado en la calle del pol\u00edgono habr\u00e1 que depositarlas al contenedor individual para que el contenido pueda ser retirado por la empresa encargada de la gesti\u00f3n de los residuos en nuestra ciudad\u00bb, ha manifestado <strong>Fernando Pascual<\/strong>, regidor de Servicios Urbanos del Ayuntamiento de Alzira.<\/p>\n<p>El regidor, adem\u00e1s, argumenta que este nuevo m\u00e9todo de recogida persigue evitar, que personas ajenas en el pol\u00edgono depositan los contenedores todo tipo de rece-llevas, (escombros, pal\u00e9s, puedes de pintura, neum\u00e1ticos, muebles, etc.), con el consiguiente perjuicio para la imagen de nuestros pol\u00edgonos industriales.<\/p>\n<p><img fetchpriority=\"high\" decoding=\"async\" class=\" size-full wp-image-52866\" style=\"display: block; margin-left: auto; margin-right: auto;\" src=\"https:\/\/alzira.es\/wp-content\/uploads\/2020\/12\/20201210_103619.jpg\" alt=\"20201210 103619\" width=\"500\" height=\"440\" srcset=\"https:\/\/alzira.es\/wp-content\/uploads\/2020\/12\/20201210_103619.jpg 2055w, https:\/\/alzira.es\/wp-content\/uploads\/2020\/12\/20201210_103619-680x598.jpg 680w, https:\/\/alzira.es\/wp-content\/uploads\/2020\/12\/20201210_103619-1219x1072.jpg 1219w, https:\/\/alzira.es\/wp-content\/uploads\/2020\/12\/20201210_103619-768x675.jpg 768w, https:\/\/alzira.es\/wp-content\/uploads\/2020\/12\/20201210_103619-1536x1351.jpg 1536w, https:\/\/alzira.es\/wp-content\/uploads\/2020\/12\/20201210_103619-2048x1801.jpg 2048w\" sizes=\"(max-width: 500px) 100vw, 500px\" \/><\/p>\n","protected":false},"excerpt":{"rendered":"<p>La Concejal\u00eda de Servicios Urbanos pone en marcha un nuevo m\u00e9todo para la recogida de residuos urbanos a los pol\u00edgonos industriales, la recogida puerta a puerta de los residuos dom\u00e9sticos de las empresas, para lo cual la Concejal\u00eda suministrar\u00e1 un contenedor de sesenta litros a cada empresa donde depositar los desechos dom\u00e9sticos generados y que &hellip; <\/p>\n<p class=\"link-more\"><a href=\"https:\/\/alzira.es\/es\/la-recollida-del-fem-domestic-dels-poligons-in-dustrials-passa-a-ser-porta-a-porta\/\" class=\"more-link\">Continuar leyendo<span class=\"screen-reader-text\"> \u00abLa recogida de la basura dom\u00e9stica de los pol\u00edgonos industriales pasa a ser puerta a puerta\u00bb<\/span><\/a><\/p>\n","protected":false},"author":29,"featured_media":52866,"comment_status":"","ping_status":"","sticky":false,"template":"","format":"standard","meta":{"_acf_changed":false,"footnotes":""},"categories":[4936],"tags":[],"class_list":["post-52868","post","type-post","status-publish","format-standard","has-post-thumbnail","hentry","category-hemeroteca-es"],"acf":[],"_links":{"self":[{"href":"https:\/\/alzira.es\/es\/wp-json\/wp\/v2\/posts\/52868","targetHints":{"allow":["GET"]}}],"collection":[{"href":"https:\/\/alzira.es\/es\/wp-json\/wp\/v2\/posts"}],"about":[{"href":"https:\/\/alzira.es\/es\/wp-json\/wp\/v2\/types\/post"}],"author":[{"embeddable":true,"href":"https:\/\/alzira.es\/es\/wp-json\/wp\/v2\/users\/29"}],"replies":[{"embeddable":true,"href":"https:\/\/alzira.es\/es\/wp-json\/wp\/v2\/comments?post=52868"}],"version-history":[{"count":0,"href":"https:\/\/alzira.es\/es\/wp-json\/wp\/v2\/posts\/52868\/revisions"}],"wp:featuredmedia":[{"embeddable":true,"href":"https:\/\/alzira.es\/es\/wp-json\/wp\/v2\/media\/52866"}],"wp:attachment":[{"href":"https:\/\/alzira.es\/es\/wp-json\/wp\/v2\/media?parent=52868"}],"wp:term":[{"taxonomy":"category","embeddable":true,"href":"https:\/\/alzira.es\/es\/wp-json\/wp\/v2\/categories?post=52868"},{"taxonomy":"post_tag","embeddable":true,"href":"https:\/\/alzira.es\/es\/wp-json\/wp\/v2\/tags?post=52868"}],"curies":[{"name":"wp","href":"https:\/\/api.w.org\/{rel}","templated":true}]}}