{"id":52861,"date":"2020-12-10T08:37:13","date_gmt":"2020-12-10T07:37:13","guid":{"rendered":"https:\/\/alzira.es\/alzira-presenta-les-segones-jornades-d-aiguees-potables-i-residuals-que-tindran-lloc-de-manera-telematica\/"},"modified":"2020-12-10T08:37:13","modified_gmt":"2020-12-10T07:37:13","slug":"alzira-presenta-les-segones-jornades-d-aiguees-potables-i-residuals-que-tindran-lloc-de-manera-telematica","status":"publish","type":"post","link":"https:\/\/alzira.es\/es\/alzira-presenta-les-segones-jornades-d-aiguees-potables-i-residuals-que-tindran-lloc-de-manera-telematica\/","title":{"rendered":"Alzira presenta las segundas Jornadas de Aguas potables y residuales  que tendr\u00e1n lugar de manera telem\u00e1tica"},"content":{"rendered":"<p>Hoy se ha presentado la segunda Jornada de Aguas Potables y Residuales de la Ribera, que este a\u00f1o se celebra de manera telem\u00e1tica.<\/p>\n<p>Ser\u00e1 el <strong>pr\u00f3ximo<\/strong> martes,<strong> 15 de diciembre<\/strong> cuando se llevar\u00e1 a cabo esta jornada en la cual habr\u00e1 9 ponencias a cargo de t\u00e9cnicos especializados que tratar\u00e1n temas como la monitorizaci\u00f3n del nivel del agua en Alzira y la gesti\u00f3n sostenible de las aguas residuales. Adem\u00e1s, se compartir\u00e1n experiencias de \u00e9xito en la gesti\u00f3n del agua entre los Ayuntamiento de la comarca y se invita a la participaci\u00f3n de la ciudadan\u00eda de la Ribera.<\/p>\n<p>La segunda jornada de Aig\u00fces potables y residuales a la Ribera abrir\u00e1 con un acto de presentaci\u00f3n a cargo de la consejera de Agricultura, Desarrollo Rural, Emergencia Clim\u00e1tica y Transici\u00f3n Ecol\u00f3gica, <strong>Mireia Moll\u00e0<\/strong>. A continuaci\u00f3n se suceder\u00e1n las ponencias que este a\u00f1o tendr\u00e1n como tema central la aplicaci\u00f3n de las nuevas tecnolog\u00edas en las pol\u00edticas de ahorro, control y reutilizaci\u00f3n del agua en nuestra comarca. Se tratar\u00e1 tambi\u00e9n la gesti\u00f3n de las inundaciones y los barrancos.<\/p>\n<p>El acontecimiento es fruto de una colaboraci\u00f3n p\u00fablico privada entre las entidades Global Omnium, Control de Vertido Industrial (CVI), el Ayuntamiento de Alzira y el Grupo TNR.<\/p>\n<p>La jornada se llevar\u00e1 a cabo mediante la plataforma Zoom entre las 09:00 de la ma\u00f1ana y las 18:00 de la tarde del pr\u00f3ximo martes, 15 de diciembre. La inscripci\u00f3n se gratuita y se puede hacer ya a trav\u00e9s del enlace disponible en las redes sociales de nuestro Ayuntamiento.<\/p>\n<p>Ponencias<br \/>\u2022 \u00abMonitorizaci\u00f3n global del abastecimiento de agua potable y alcantarillado de Alzira\u00bb <strong>Xelo Bisbal Ferrer<\/strong> Jefe de sub-sistemas de proyectos e infraestructuras Ayuntamiento de Alzira<br \/>\u2022 \u00abProblem\u00e1tica de vertidos industriales para las Depuradoras\u00bb <strong>Francisco Escribano<\/strong> Entitat P\u00fablica de Saneamiento, EPSARGVA<br \/>\u2022 \u00abSolucionas sostenibles ante episodios de DANA: caso GANDIA\u00bb <strong>Miguel Angel Picornell<\/strong> Concejal de Servicios B\u00e1sicos al ciudadano de Gandia y Presidente de Actuaciones Ambientales Integrales<br \/>\u2022 \u00abMejora de la calidad de las aguas residuales tratadas mediante solucionas sostenibles: humedales artificiales\u00bb <strong>Mar\u00eda Pe\u00f1a Garc\u00eda<\/strong> T\u00e9cnico Aguas Residuales Global Omnium<br \/>\u2022 \u00abGesti\u00f3n inteligente del agua: Las Telelecturas del sXXI\u00bb <strong>V\u00edctor Gonz\u00e1lez Carbonell<\/strong> Responsable Telelectura en Global Omnium<br \/>\u2022 \u00abSolucionas tecnol\u00f3gicas a la problem\u00e1tica de los vertidos incontrolados en La Ribera\u00bb <strong>M\u00f3nica Escandell<\/strong> Responsable Aguas Residuales CVI<br \/>\u2022 \u00abMonitorizaci\u00f3n on line de vertidos industriales: Plataforma DEVA\u00bb <strong>Marian Campos<\/strong> Responsable Saneamiento en Global Omnium<br \/>\u2022 \u00abHidr\u00e1ulica Modular y Sistemas de desinfecci\u00f3n en Depuradoras\u00bb <strong>Rodrigo Arellano Xilem<\/strong> Water Solutions Espa\u00f1a<br \/>\u2022 \u00abControl de Cloro on line: akwaMetric- Caso de \u00e9xito Benifai\u00f3\u00bb <strong>Ignacio Morcillo Hern\u00e1ndez<\/strong> Mejoras Energ\u00e9ticas de Recursos e Investigaciones, S.A.<\/p>\n<p>Toda la informaci\u00f3n <strong><span style=\"text-decoration: underline;\"><a href=\"contenidos\/modulos\/portada\/2-jornada-aigua.pdf\" target=\"_blank\" rel=\"noopener\">aqu\u00ed<\/a><\/span><\/strong><br \/><span style=\"text-decoration: underline;\"><strong><a href=\"https:\/\/docs.google.com\/forms\/d\/e\/1FAIpQLSd2b5Yn3-HrBd17FRHyaJe8xNtq0p71vI81cMgilB83Q5iHmQ\/viewform\" rel=\"nofollow noopener\" target=\"_blank\">Inscripci\u00f3n<\/a><\/strong><\/span><\/p>\n<p><img fetchpriority=\"high\" decoding=\"async\" class=\" size-full wp-image-52857\" src=\"https:\/\/alzira.es\/wp-content\/uploads\/2020\/12\/2020_12_09_Jornada_daigues_potables_i_residuals_en_La_Ribera_1.jpeg\" alt=\"2020 12 09 Jornada daig\u00fces potables i residuals en La Ribera 1\" width=\"761\" height=\"571\" srcset=\"https:\/\/alzira.es\/wp-content\/uploads\/2020\/12\/2020_12_09_Jornada_daigues_potables_i_residuals_en_La_Ribera_1.jpeg 1024w, https:\/\/alzira.es\/wp-content\/uploads\/2020\/12\/2020_12_09_Jornada_daigues_potables_i_residuals_en_La_Ribera_1-680x510.jpeg 680w, https:\/\/alzira.es\/wp-content\/uploads\/2020\/12\/2020_12_09_Jornada_daigues_potables_i_residuals_en_La_Ribera_1-768x576.jpeg 768w\" sizes=\"(max-width: 706px) 89vw, (max-width: 767px) 82vw, 740px\" \/>&nbsp; &nbsp; &nbsp; &nbsp; &nbsp; &nbsp; &nbsp; &nbsp;<img decoding=\"async\" class=\"size-full wp-image-52859 lazyload\" data-src=\"https:\/\/alzira.es\/wp-content\/uploads\/2020\/12\/2020_12_09_Jornada_daigues_potables_i_residuals_en_La_Ribera_4.jpeg\" alt=\"2020 12 09 Jornada daig\u00fces potables i residuals en La Ribera 4\" width=\"423\" height=\"569\" data-srcset=\"https:\/\/alzira.es\/wp-content\/uploads\/2020\/12\/2020_12_09_Jornada_daigues_potables_i_residuals_en_La_Ribera_4.jpeg 761w, https:\/\/alzira.es\/wp-content\/uploads\/2020\/12\/2020_12_09_Jornada_daigues_potables_i_residuals_en_La_Ribera_4-680x915.jpeg 680w\" data-sizes=\"(max-width: 423px) 100vw, 423px\" src=\"data:image\/svg+xml;base64,PHN2ZyB3aWR0aD0iMSIgaGVpZ2h0PSIxIiB4bWxucz0iaHR0cDovL3d3dy53My5vcmcvMjAwMC9zdmciPjwvc3ZnPg==\" style=\"--smush-placeholder-width: 423px; --smush-placeholder-aspect-ratio: 423\/569;\" \/><\/p>\n","protected":false},"excerpt":{"rendered":"<p>Hoy se ha presentado la segunda Jornada de Aguas Potables y Residuales de la Ribera, que este a\u00f1o se celebra de manera telem\u00e1tica. Ser\u00e1 el pr\u00f3ximo martes, 15 de diciembre cuando se llevar\u00e1 a cabo esta jornada en la cual habr\u00e1 9 ponencias a cargo de t\u00e9cnicos especializados que tratar\u00e1n temas como la monitorizaci\u00f3n del &hellip; <\/p>\n<p class=\"link-more\"><a href=\"https:\/\/alzira.es\/es\/alzira-presenta-les-segones-jornades-d-aiguees-potables-i-residuals-que-tindran-lloc-de-manera-telematica\/\" class=\"more-link\">Continuar leyendo<span class=\"screen-reader-text\"> \u00abAlzira presenta las segundas Jornadas de Aguas potables y residuales  que tendr\u00e1n lugar de manera telem\u00e1tica\u00bb<\/span><\/a><\/p>\n","protected":false},"author":29,"featured_media":52857,"comment_status":"","ping_status":"","sticky":false,"template":"","format":"standard","meta":{"_acf_changed":false,"footnotes":""},"categories":[4936],"tags":[],"class_list":["post-52861","post","type-post","status-publish","format-standard","has-post-thumbnail","hentry","category-hemeroteca-es"],"acf":[],"_links":{"self":[{"href":"https:\/\/alzira.es\/es\/wp-json\/wp\/v2\/posts\/52861","targetHints":{"allow":["GET"]}}],"collection":[{"href":"https:\/\/alzira.es\/es\/wp-json\/wp\/v2\/posts"}],"about":[{"href":"https:\/\/alzira.es\/es\/wp-json\/wp\/v2\/types\/post"}],"author":[{"embeddable":true,"href":"https:\/\/alzira.es\/es\/wp-json\/wp\/v2\/users\/29"}],"replies":[{"embeddable":true,"href":"https:\/\/alzira.es\/es\/wp-json\/wp\/v2\/comments?post=52861"}],"version-history":[{"count":0,"href":"https:\/\/alzira.es\/es\/wp-json\/wp\/v2\/posts\/52861\/revisions"}],"wp:featuredmedia":[{"embeddable":true,"href":"https:\/\/alzira.es\/es\/wp-json\/wp\/v2\/media\/52857"}],"wp:attachment":[{"href":"https:\/\/alzira.es\/es\/wp-json\/wp\/v2\/media?parent=52861"}],"wp:term":[{"taxonomy":"category","embeddable":true,"href":"https:\/\/alzira.es\/es\/wp-json\/wp\/v2\/categories?post=52861"},{"taxonomy":"post_tag","embeddable":true,"href":"https:\/\/alzira.es\/es\/wp-json\/wp\/v2\/tags?post=52861"}],"curies":[{"name":"wp","href":"https:\/\/api.w.org\/{rel}","templated":true}]}}