{"id":52846,"date":"2020-12-09T10:26:44","date_gmt":"2020-12-09T09:26:44","guid":{"rendered":"https:\/\/alzira.es\/ban-alcaldia-actualitzacio-de-mesures-9-de-desembre-2\/"},"modified":"2020-12-09T10:26:44","modified_gmt":"2020-12-09T09:26:44","slug":"ban-alcaldia-actualitzacio-de-mesures-9-de-desembre-2","status":"publish","type":"post","link":"https:\/\/alzira.es\/es\/ban-alcaldia-actualitzacio-de-mesures-9-de-desembre-2\/","title":{"rendered":"BAN alcaldia actualitzaci\u00f3 de mesures 9 de Desembre"},"content":{"rendered":"<p>El passat 29 d&#8217;octubre, l&#8217;Ajuntament d&#8217;Alzira, seguint les recomanacions de les autoritats sanit\u00e0ries anunciava mesures restrictives d&#8217;\u00e0mbit local per a fer front a la COVID 19.<\/p>\n<p>Despr\u00e9s dels anuncis de la Generalitat, l&#8217;alcalde fa saber que,<strong> a partir del 10 de desembre s&#8217;alcen les mesures que s&#8217;havien anunciat<\/strong> de manera que:<\/p>\n<p>\u2022 Es reobrin els parcs, jardins i zones de joc infantil.<br \/>\u2022 Tamb\u00e9 les instal\u00b7lacions esportives, amb l&#8217;aforament indicat per la conselleria.<br \/>\u2022 Torna l&#8217;activitat a la Biblioteca i als tallers de joventut i d&#8217;arts pl\u00e0stiques de la Casa de la Cultura.<br \/>\u2022 Estan permeses les activitats culturals amb l&#8217;aforament indicat per conselleria.<br \/>\u2022 Per tal d&#8217;acudir a les depend\u00e8ncies municipals cal demanar cita pr\u00e8via.<\/p>\n<p><strong>ALTRES MESURES<\/strong><\/p>\n<p><strong>En relaci\u00f3 a les festes de Nadal<\/strong>, s&#8217;ha de seguir <span style=\"text-decoration: underline;\"><a href=\"http:\/\/www.dogv.gva.es\/datos\/2020\/12\/05\/pdf\/2020_10569.pdf\" rel=\"nofollow noopener\" target=\"_blank\">el Decret 19\/2020 de 5 de desembre<\/a><\/span> en el qual s&#8217;indiquen mesures sobre la:<\/p>\n<p>\u2022 Limitaci\u00f3 d&#8217;entrada i eixida de la Comunitat Valenciana, excepte per despla\u00e7ament a llocs de resid\u00e8ncia de familiars, els dies 23, 24, 25, 31 de desembre i l&#8217;1 de gener.<br \/>\u2022 Limitaci\u00f3 de circulaci\u00f3 en horari nocturn fins a les 00 h excepte les nits del 24 al 25 de desembre, 25 al 26 i 31 a l&#8217;1, en les quals la restricci\u00f3 s&#8217;amplia fins a la 1.30 h.<br \/>\u2022 Limitaci\u00f3 de grups de 6 persones, excepte els dies 24, 25, 26 i 31 de desembre i l&#8217;1 de gener, en els que s&#8217;amplia a 10 persones.<\/p>\n<p>En relaci\u00f3 a les mesures auton\u00f2miques, vigents fins al 15 de gener, s&#8217;ha de seguir la <span style=\"text-decoration: underline;\"><a href=\"http:\/\/www.dogv.gva.es\/datos\/2020\/12\/05\/pdf\/2020_10582.pdf\" rel=\"nofollow noopener\" target=\"_blank\">resoluci\u00f3<\/a><\/span> de 5 de desembre de 2020 de la Conselleria de Sanitat Universal i Salut P\u00fablica.<img fetchpriority=\"high\" decoding=\"async\" class=\" size-full wp-image-52844\" style=\"margin-right: auto; margin-left: auto; display: block;\" src=\"https:\/\/alzira.es\/wp-content\/uploads\/2020\/12\/ban_MESURES_LOCALS_9_12_2020_Pagina_1.jpg\" alt=\"ban MESURES LOCALS 9 12 2020 P\u00e1gina 1\" width=\"500\" height=\"707\" \/><\/p>\n<p style=\"margin: 0cm 0cm 0pt; text-align: center; line-height: 150%; text-indent: -35.45pt;\" align=\"center\"><strong><span style=\"line-height: 150%; font-family: 'Arial',sans-serif; font-size: 11pt; mso-ansi-language: CA;\" lang=\"CA\"><span style=\"color: #000000;\">&nbsp;<\/span><\/span><\/strong><\/p>\n<p>&nbsp;<\/p>\n","protected":false},"excerpt":{"rendered":"<p>El passat 29 d&#8217;octubre, l&#8217;Ajuntament d&#8217;Alzira, seguint les recomanacions de les autoritats sanit\u00e0ries anunciava mesures restrictives d&#8217;\u00e0mbit local per a fer front a la COVID 19. Despr\u00e9s dels anuncis de la Generalitat, l&#8217;alcalde fa saber que, a partir del 10 de desembre s&#8217;alcen les mesures que s&#8217;havien anunciat de manera que: \u2022 Es reobrin els &hellip; <\/p>\n<p class=\"link-more\"><a href=\"https:\/\/alzira.es\/es\/ban-alcaldia-actualitzacio-de-mesures-9-de-desembre-2\/\" class=\"more-link\">Continuar leyendo<span class=\"screen-reader-text\"> \u00abBAN alcaldia actualitzaci\u00f3 de mesures 9 de Desembre\u00bb<\/span><\/a><\/p>\n","protected":false},"author":36,"featured_media":52844,"comment_status":"","ping_status":"","sticky":false,"template":"","format":"standard","meta":{"_acf_changed":false,"footnotes":""},"categories":[],"tags":[],"class_list":["post-52846","post","type-post","status-publish","format-standard","has-post-thumbnail","hentry"],"acf":[],"_links":{"self":[{"href":"https:\/\/alzira.es\/es\/wp-json\/wp\/v2\/posts\/52846","targetHints":{"allow":["GET"]}}],"collection":[{"href":"https:\/\/alzira.es\/es\/wp-json\/wp\/v2\/posts"}],"about":[{"href":"https:\/\/alzira.es\/es\/wp-json\/wp\/v2\/types\/post"}],"author":[{"embeddable":true,"href":"https:\/\/alzira.es\/es\/wp-json\/wp\/v2\/users\/36"}],"replies":[{"embeddable":true,"href":"https:\/\/alzira.es\/es\/wp-json\/wp\/v2\/comments?post=52846"}],"version-history":[{"count":0,"href":"https:\/\/alzira.es\/es\/wp-json\/wp\/v2\/posts\/52846\/revisions"}],"wp:featuredmedia":[{"embeddable":true,"href":"https:\/\/alzira.es\/es\/wp-json\/wp\/v2\/media\/52844"}],"wp:attachment":[{"href":"https:\/\/alzira.es\/es\/wp-json\/wp\/v2\/media?parent=52846"}],"wp:term":[{"taxonomy":"category","embeddable":true,"href":"https:\/\/alzira.es\/es\/wp-json\/wp\/v2\/categories?post=52846"},{"taxonomy":"post_tag","embeddable":true,"href":"https:\/\/alzira.es\/es\/wp-json\/wp\/v2\/tags?post=52846"}],"curies":[{"name":"wp","href":"https:\/\/api.w.org\/{rel}","templated":true}]}}