{"id":52843,"date":"2020-12-09T10:26:44","date_gmt":"2020-12-09T09:26:44","guid":{"rendered":"https:\/\/alzira.es\/ban-alcaldia-actualitzacio-de-mesures-9-de-desembre\/"},"modified":"2020-12-09T10:26:44","modified_gmt":"2020-12-09T09:26:44","slug":"ban-alcaldia-actualitzacio-de-mesures-9-de-desembre","status":"publish","type":"post","link":"https:\/\/alzira.es\/es\/ban-alcaldia-actualitzacio-de-mesures-9-de-desembre\/","title":{"rendered":"BANDO alcald\u00eda actualizaci\u00f3n de medidas 9 de Diciembre"},"content":{"rendered":"<p>El pasado 29 de octubre, el Ayuntamiento de Alzira, siguiendo las recomendaciones de las autoridades sanitarias anunciaba medidas restrictivas de \u00e1mbito local para hacer frente a la COVID 19.<\/p>\n<p>Despu\u00e9s de los anuncios de la Generalitat, el alcalde hace saber que, <strong>a partir del 10 de diciembre se levantan las medidas que se hab\u00edan anunciado<\/strong> de forma que:<\/p>\n<p>\u2022 Se reabren los parques, jardines y zonas de juego infantil.<br \/>\u2022 Tambi\u00e9n las instalaciones deportivas, con el aforo indicado por la conseller\u00eda.<br \/>\u2022 Vuelve la actividad a la Biblioteca y a los talleres de juventud y de artes pl\u00e1sticas de la Casa de la Cultura.<br \/>\u2022 Est\u00e1n permitidas las actividades culturales con el aforo indicado por conseller\u00eda.<br \/>\u2022 Para acudir a las dependencias municipales hay que pedir cita previa.<\/p>\n<p><strong>OTRAS MEDIDAS<\/strong><\/p>\n<p><strong>En relaci\u00f3n a las fiestas de Navidad<\/strong>, se tiene que seguir <span style=\"text-decoration: underline;\"><a href=\"http:\/\/www.dogv.gva.es\/datos\/2020\/12\/05\/pdf\/2020_10569.pdf\" rel=\"nofollow noopener\" target=\"_blank\">el Decreto 19\/2020 de 5 de diciembre<\/a><\/span> en el cual se indican medidas sobre la:<\/p>\n<p>\u2022 Limitaci\u00f3n de entrada y salida de la Comunidad Valenciana, excepto por desplazamiento a lugares de residencia de familiares, los d\u00edas 23, 24, 25, 31 de diciembre y el 1 de enero.<br \/>\u2022 Limitaci\u00f3n de circulaci\u00f3n en horario nocturno hasta las 00 h excepto las noches del 24 al 25 de diciembre, 25 al 26 y 31 al 1, en las cuales la restricci\u00f3n se ampl\u00eda hasta la 1.30 h.<br \/>\u2022 Limitaci\u00f3n de grupos de 6 personas, excepto los d\u00edas 24, 25, 26 y 31 de diciembre y el 1 de enero, en los que se ampl\u00eda a 10 personas.<\/p>\n<p>En relaci\u00f3n a las medidas auton\u00f3micas, vigentes hasta el 15 de enero, se tiene que seguir la <span style=\"text-decoration: underline;\"><a href=\"http:\/\/www.dogv.gva.es\/datos\/2020\/12\/05\/pdf\/2020_10582.pdf\" rel=\"nofollow noopener\" target=\"_blank\">resoluci\u00f3n<\/a><\/span> de 5 de diciembre de 2020 de la Conseller\u00eda de Sanidad Universal y Salud P\u00fablica.<\/p>\n<p><img fetchpriority=\"high\" decoding=\"async\" class=\" size-full wp-image-52841\" style=\"display: block; margin-left: auto; margin-right: auto;\" src=\"https:\/\/alzira.es\/wp-content\/uploads\/2020\/12\/ban_MESURES_LOCALS_9_12_2020_Pagina_2.jpg\" alt=\"ban MESURES LOCALS 9 12 2020 P\u00e1gina 2\" width=\"500\" height=\"707\" \/>&nbsp;&nbsp;<\/p>\n<p style=\"margin: 0cm 0cm 0pt; text-align: center; line-height: 150%; text-indent: -35.45pt;\" align=\"center\">&nbsp;<\/p>\n","protected":false},"excerpt":{"rendered":"<p>El pasado 29 de octubre, el Ayuntamiento de Alzira, siguiendo las recomendaciones de las autoridades sanitarias anunciaba medidas restrictivas de \u00e1mbito local para hacer frente a la COVID 19. Despu\u00e9s de los anuncios de la Generalitat, el alcalde hace saber que, a partir del 10 de diciembre se levantan las medidas que se hab\u00edan anunciado &hellip; <\/p>\n<p class=\"link-more\"><a href=\"https:\/\/alzira.es\/es\/ban-alcaldia-actualitzacio-de-mesures-9-de-desembre\/\" class=\"more-link\">Continuar leyendo<span class=\"screen-reader-text\"> \u00abBANDO alcald\u00eda actualizaci\u00f3n de medidas 9 de Diciembre\u00bb<\/span><\/a><\/p>\n","protected":false},"author":36,"featured_media":52841,"comment_status":"","ping_status":"","sticky":false,"template":"","format":"standard","meta":{"_acf_changed":false,"footnotes":""},"categories":[4936],"tags":[],"class_list":["post-52843","post","type-post","status-publish","format-standard","has-post-thumbnail","hentry","category-hemeroteca-es"],"acf":[],"_links":{"self":[{"href":"https:\/\/alzira.es\/es\/wp-json\/wp\/v2\/posts\/52843","targetHints":{"allow":["GET"]}}],"collection":[{"href":"https:\/\/alzira.es\/es\/wp-json\/wp\/v2\/posts"}],"about":[{"href":"https:\/\/alzira.es\/es\/wp-json\/wp\/v2\/types\/post"}],"author":[{"embeddable":true,"href":"https:\/\/alzira.es\/es\/wp-json\/wp\/v2\/users\/36"}],"replies":[{"embeddable":true,"href":"https:\/\/alzira.es\/es\/wp-json\/wp\/v2\/comments?post=52843"}],"version-history":[{"count":0,"href":"https:\/\/alzira.es\/es\/wp-json\/wp\/v2\/posts\/52843\/revisions"}],"wp:featuredmedia":[{"embeddable":true,"href":"https:\/\/alzira.es\/es\/wp-json\/wp\/v2\/media\/52841"}],"wp:attachment":[{"href":"https:\/\/alzira.es\/es\/wp-json\/wp\/v2\/media?parent=52843"}],"wp:term":[{"taxonomy":"category","embeddable":true,"href":"https:\/\/alzira.es\/es\/wp-json\/wp\/v2\/categories?post=52843"},{"taxonomy":"post_tag","embeddable":true,"href":"https:\/\/alzira.es\/es\/wp-json\/wp\/v2\/tags?post=52843"}],"curies":[{"name":"wp","href":"https:\/\/api.w.org\/{rel}","templated":true}]}}