{"id":52835,"date":"2020-12-04T15:39:33","date_gmt":"2020-12-04T14:39:33","guid":{"rendered":"https:\/\/alzira.es\/balanc-del-primer-mes-de-funcionament-de-la-plataforma-de-venda-online-del-comerc-local-2\/"},"modified":"2020-12-04T15:39:33","modified_gmt":"2020-12-04T14:39:33","slug":"balanc-del-primer-mes-de-funcionament-de-la-plataforma-de-venda-online-del-comerc-local-2","status":"publish","type":"post","link":"https:\/\/alzira.es\/es\/balanc-del-primer-mes-de-funcionament-de-la-plataforma-de-venda-online-del-comerc-local-2\/","title":{"rendered":"Balan\u00e7 del primer mes de funcionament de la plataforma de venda online del comer\u00e7 local"},"content":{"rendered":"<p>M\u00e9s de 80 comer\u00e7os ja tenen els seus productes disponibles en alziraescomercio.com<\/p>\n<p>La plataforma on-line pel comer\u00e7 local <a href=\"https:\/\/alziraescomercio.com\/es\/\" rel=\"nofollow noopener\" target=\"_blank\">www.alziraescomercio.com<\/a> tanca el primer m\u00e9s amb m\u00e9s de 80 comer\u00e7os adherits i un total de 117 comandes. Esta iniciativa es va posar en marxa el passat 2 de novembre per a refor\u00e7ar la perman\u00e8ncia de les botigues f\u00edsiques mitjan\u00e7ant la venda online i ja compta amb m\u00e9s de 7.800 productes disponibles.<\/p>\n<p>Concretament, 84 comer\u00e7os ja tenen els seus productes a la venda al web i 20 m\u00e9s es troben en proc\u00e9s d&#8217;adhesi\u00f3. I \u00e9s que, els alzirenys i alzirenyes, aix\u00ed com la ciutadania dels pobles del voltant, ha reaccionat davant esta nova forma de consumir al comer\u00e7 local: <strong>m\u00e9s de 380 clients i clientes s&#8217;han enregistrat a la plataforma durant este primer mes<\/strong>. A m\u00e9s, durant este per\u00edode de temps, s&#8217;ha realitzat un sorteig per xarxes socials amb una participaci\u00f3 de m\u00e9s de 1.000 persones i, per a la setmana del Black Friday, es va llan\u00e7ar un codi de descompte.<\/p>\n<p>L&#8217;alcalde d&#8217;Alzira, <strong>Diego G\u00f3mez<\/strong>, ha valorat positivament el balan\u00e7 del primer mes d&#8217;Alziraescomercio.com i ha assenyalat que ser\u00e0 despr\u00e9s de les festes de Nadal quan es valorar\u00e0 de nou el funcionament. \u00abDes de l&#8217;Ajuntament hem donat suport al llan\u00e7ament d&#8217;esta eina de treball amb el finan\u00e7ament inicial dels costos i valorem seguir fent-ho de cara als pr\u00f2xims mesos. Sabem que es tracta d&#8217;iniciatives que tenen un per\u00edode d&#8217;adaptaci\u00f3 per\u00f2 mirem amb optimisme el funcionament donades les dades d&#8217;estes primeres setmanes\u00bb, ha explicat Diego G\u00f3mez.<\/p>\n<p><strong>ALZIRA ES COMERCIO<\/strong><\/p>\n<p>Esta ins\u00f2lita etapa de crisi sanit\u00e0ria ha posat de manifest la necessitat d&#8217;una r\u00e0pida adaptaci\u00f3 del xicotet comer\u00e7 a altres canals de venda diferents, venda a domicili, per whatsapp, contactes per xarxes socials&#8230;, per\u00f2 esta nova realitat no \u00e9s passatgera.<\/p>\n<p>Per aquest motiu, l&#8217;Ajuntament d&#8217;Alzira ha considerat necessari configurar un sistema coordinat i estable que puga ser una nova via per a les vendes del comer\u00e7 local.<br \/>ALZIRAESCOMERCIO.COM naix com a instrument d&#8217;enfortiment i perman\u00e8ncia del comer\u00e7 local. Este marketplace pret\u00e9n aconseguir l&#8217;equilibri entre el canal de venda f\u00edsica i el canal de venda online dels comer\u00e7os de la ciutat d&#8217;Alzira. La plataforma inclou, un servei de log\u00edstica sostenible, a trav\u00e9s del repartiment amb motocicletes el\u00e8ctriques, on el client trobar\u00e0 tota l&#8217;oferta comercial de la ciutat d&#8217;Alzira, amb la comoditat de la venda online.<\/p>\n<p>El <strong>repartiment<\/strong> \u00e9s <strong>gratu\u00eft<\/strong> a Alzira i en fins a 10 localitats pr\u00f2ximes a la capital de la Ribera, Albalat de la Ribera, La Barraca d&#8217;Aig\u00fces Vives, Benimuslem, Corbera, L&#8217;Alc\u00fadia, Algemes\u00ed, Benicull, Carcaixent i Poliny\u00e0.<\/p>\n<p><img fetchpriority=\"high\" decoding=\"async\" class=\" size-full wp-image-52832\" style=\"margin-right: auto; margin-left: auto; display: block;\" src=\"https:\/\/alzira.es\/wp-content\/uploads\/2020\/12\/alzira_es_comercio.jpeg\" alt=\"alzira es comercio\" width=\"500\" height=\"375\" \/><\/p>\n<p>&nbsp;<\/p>\n","protected":false},"excerpt":{"rendered":"<p>M\u00e9s de 80 comer\u00e7os ja tenen els seus productes disponibles en alziraescomercio.com La plataforma on-line pel comer\u00e7 local www.alziraescomercio.com tanca el primer m\u00e9s amb m\u00e9s de 80 comer\u00e7os adherits i un total de 117 comandes. Esta iniciativa es va posar en marxa el passat 2 de novembre per a refor\u00e7ar la perman\u00e8ncia de les botigues &hellip; <\/p>\n<p class=\"link-more\"><a href=\"https:\/\/alzira.es\/es\/balanc-del-primer-mes-de-funcionament-de-la-plataforma-de-venda-online-del-comerc-local-2\/\" class=\"more-link\">Continuar leyendo<span class=\"screen-reader-text\"> \u00abBalan\u00e7 del primer mes de funcionament de la plataforma de venda online del comer\u00e7 local\u00bb<\/span><\/a><\/p>\n","protected":false},"author":36,"featured_media":52832,"comment_status":"","ping_status":"","sticky":false,"template":"","format":"standard","meta":{"_acf_changed":false,"footnotes":""},"categories":[],"tags":[],"class_list":["post-52835","post","type-post","status-publish","format-standard","has-post-thumbnail","hentry"],"acf":[],"_links":{"self":[{"href":"https:\/\/alzira.es\/es\/wp-json\/wp\/v2\/posts\/52835","targetHints":{"allow":["GET"]}}],"collection":[{"href":"https:\/\/alzira.es\/es\/wp-json\/wp\/v2\/posts"}],"about":[{"href":"https:\/\/alzira.es\/es\/wp-json\/wp\/v2\/types\/post"}],"author":[{"embeddable":true,"href":"https:\/\/alzira.es\/es\/wp-json\/wp\/v2\/users\/36"}],"replies":[{"embeddable":true,"href":"https:\/\/alzira.es\/es\/wp-json\/wp\/v2\/comments?post=52835"}],"version-history":[{"count":0,"href":"https:\/\/alzira.es\/es\/wp-json\/wp\/v2\/posts\/52835\/revisions"}],"wp:featuredmedia":[{"embeddable":true,"href":"https:\/\/alzira.es\/es\/wp-json\/wp\/v2\/media\/52832"}],"wp:attachment":[{"href":"https:\/\/alzira.es\/es\/wp-json\/wp\/v2\/media?parent=52835"}],"wp:term":[{"taxonomy":"category","embeddable":true,"href":"https:\/\/alzira.es\/es\/wp-json\/wp\/v2\/categories?post=52835"},{"taxonomy":"post_tag","embeddable":true,"href":"https:\/\/alzira.es\/es\/wp-json\/wp\/v2\/tags?post=52835"}],"curies":[{"name":"wp","href":"https:\/\/api.w.org\/{rel}","templated":true}]}}