{"id":52834,"date":"2020-12-04T15:39:33","date_gmt":"2020-12-04T14:39:33","guid":{"rendered":"https:\/\/alzira.es\/balanc-del-primer-mes-de-funcionament-de-la-plataforma-de-venda-online-del-comerc-local\/"},"modified":"2020-12-04T15:39:33","modified_gmt":"2020-12-04T14:39:33","slug":"balanc-del-primer-mes-de-funcionament-de-la-plataforma-de-venda-online-del-comerc-local","status":"publish","type":"post","link":"https:\/\/alzira.es\/es\/balanc-del-primer-mes-de-funcionament-de-la-plataforma-de-venda-online-del-comerc-local\/","title":{"rendered":"Balance del primer mes de funcionamiento de la plataforma de venta online del comercio local"},"content":{"rendered":"<p>M\u00e1s de 80 comercios ya tienen sus productos disponibles en alziraescomercio.com<\/p>\n<p>La plataforma on-line por el comercio local <a href=\"https:\/\/alziraescomercio.com\/es\/\" rel=\"nofollow noopener\" target=\"_blank\">www.alziraescomercio.com <\/a>cierra el primer mes con m\u00e1s de 80 comercios adheridos y un total de 117 pedidos. Esta iniciativa se puso en marcha el pasado 2 de noviembre para reforzar la permanencia de las tiendas f\u00edsicas mediante la venta online y ya cuenta con m\u00e1s de 7.800 productos disponibles.<\/p>\n<p>Concretamente, 84 comercios ya tienen sus productos a la venta en el web y 20 m\u00e1s se encuentran en proceso de adhesi\u00f3n. Y es que, los alzire\u00f1os y alzire\u00f1as, as\u00ed como la ciudadan\u00eda de los pueblos del alrededor, ha reaccionado ante esta nueva forma de consumir al comercio local: <strong>m\u00e1s de 380 clientes y clientas se han grabado a la plataforma durante este primer mes<\/strong>. Adem\u00e1s, durante este periodo de tiempo, se ha realizado un sorteo por redes sociales con una participaci\u00f3n de m\u00e1s de 1.000 personas y, para la semana del Black Friday, se lanz\u00f3 un c\u00f3digo de descuento.<\/p>\n<p>El alcalde de Alzira, <strong>Diego G\u00f3mez<\/strong>, ha valorado positivamente el balance del primer mes de Alziraescomercio.com y ha se\u00f1alado que ser\u00e1 despu\u00e9s de las fiestas de Navidad cuando se valorar\u00e1 de nuevo el funcionamiento. \u00abDesde el Ayuntamiento hemos apoyado al lanzamiento de esta herramienta de trabajo con la financiaci\u00f3n inicial de los costes y valoramos seguir haci\u00e9ndolo de cara a los pr\u00f3ximos meses. Sabemos que se trata de iniciativas que tienen un periodo de adaptaci\u00f3n pero miramos con optimismo el funcionamiento dadas los datos de estas primeras semanas\u00bb, ha explicado Diego G\u00f3mez.<\/p>\n<p><strong>ALZIRA SE COMERCIO<\/strong><\/p>\n<p>Esta ins\u00f3lita etapa de crisis sanitaria ha puesto de manifiesto la necesidad de una r\u00e1pida adaptaci\u00f3n del peque\u00f1o comercio a otros canales de venta diferentes, venta a domicilio, por whatsapp, contactos por redes sociales&#8230;, pero esta nueva realidad no es pasajera.<\/p>\n<p>Por este motivo, el Ayuntamiento de Alzira ha considerado necesario configurar un sistema coordinado y estable que pueda ser una nueva v\u00eda para las ventas del comercio local.<br \/>ALZIRAESCOMERCIO.COM nace como instrumento de fortalecimiento y permanencia del comercio local. Este marketplace pretende conseguir el equilibrio entre el canal de venta f\u00edsica y el canal de venta online de los comercios de la ciudad de Alzira. La plataforma incluye, un servicio de log\u00edstica sostenible, a trav\u00e9s del reparto con motocicletas el\u00e9ctricas, donde el cliente encontrar\u00e1 toda la oferta comercial de la ciudad de Alzira, con la comodidad de la venta online.<\/p>\n<p>El <strong>reparto<\/strong> es <strong>gratuito<\/strong> en Alzira y hasta 10 localidades pr\u00f3ximas en la capital de la Ribera, Albalat de la Ribera, La Barraca de Aig\u00fces Vives, Benimuslem, Corbera, L&#8217;Alc\u00fadia, Algemes\u00ed, *Benicull, Carcaixent y Poliny\u00e0.<\/p>\n<p><img fetchpriority=\"high\" decoding=\"async\" class=\" size-full wp-image-52832\" style=\"margin-right: auto; margin-left: auto; display: block;\" src=\"https:\/\/alzira.es\/wp-content\/uploads\/2020\/12\/alzira_es_comercio.jpeg\" alt=\"alzira es comercio\" width=\"500\" height=\"375\" \/><\/p>\n<p>&nbsp;<\/p>\n","protected":false},"excerpt":{"rendered":"<p>M\u00e1s de 80 comercios ya tienen sus productos disponibles en alziraescomercio.com La plataforma on-line por el comercio local www.alziraescomercio.com cierra el primer mes con m\u00e1s de 80 comercios adheridos y un total de 117 pedidos. Esta iniciativa se puso en marcha el pasado 2 de noviembre para reforzar la permanencia de las tiendas f\u00edsicas mediante &hellip; <\/p>\n<p class=\"link-more\"><a href=\"https:\/\/alzira.es\/es\/balanc-del-primer-mes-de-funcionament-de-la-plataforma-de-venda-online-del-comerc-local\/\" class=\"more-link\">Continuar leyendo<span class=\"screen-reader-text\"> \u00abBalance del primer mes de funcionamiento de la plataforma de venta online del comercio local\u00bb<\/span><\/a><\/p>\n","protected":false},"author":36,"featured_media":52832,"comment_status":"","ping_status":"","sticky":false,"template":"","format":"standard","meta":{"_acf_changed":false,"footnotes":""},"categories":[4936],"tags":[],"class_list":["post-52834","post","type-post","status-publish","format-standard","has-post-thumbnail","hentry","category-hemeroteca-es"],"acf":[],"_links":{"self":[{"href":"https:\/\/alzira.es\/es\/wp-json\/wp\/v2\/posts\/52834","targetHints":{"allow":["GET"]}}],"collection":[{"href":"https:\/\/alzira.es\/es\/wp-json\/wp\/v2\/posts"}],"about":[{"href":"https:\/\/alzira.es\/es\/wp-json\/wp\/v2\/types\/post"}],"author":[{"embeddable":true,"href":"https:\/\/alzira.es\/es\/wp-json\/wp\/v2\/users\/36"}],"replies":[{"embeddable":true,"href":"https:\/\/alzira.es\/es\/wp-json\/wp\/v2\/comments?post=52834"}],"version-history":[{"count":0,"href":"https:\/\/alzira.es\/es\/wp-json\/wp\/v2\/posts\/52834\/revisions"}],"wp:featuredmedia":[{"embeddable":true,"href":"https:\/\/alzira.es\/es\/wp-json\/wp\/v2\/media\/52832"}],"wp:attachment":[{"href":"https:\/\/alzira.es\/es\/wp-json\/wp\/v2\/media?parent=52834"}],"wp:term":[{"taxonomy":"category","embeddable":true,"href":"https:\/\/alzira.es\/es\/wp-json\/wp\/v2\/categories?post=52834"},{"taxonomy":"post_tag","embeddable":true,"href":"https:\/\/alzira.es\/es\/wp-json\/wp\/v2\/tags?post=52834"}],"curies":[{"name":"wp","href":"https:\/\/api.w.org\/{rel}","templated":true}]}}