{"id":52831,"date":"2020-12-04T10:21:45","date_gmt":"2020-12-04T09:21:45","guid":{"rendered":"https:\/\/alzira.es\/finalitzen-les-obres-del-carril-bici-davant-d-amcor-i-m-m\/"},"modified":"2020-12-04T10:21:45","modified_gmt":"2020-12-04T09:21:45","slug":"finalitzen-les-obres-del-carril-bici-davant-d-amcor-i-m-m","status":"publish","type":"post","link":"https:\/\/alzira.es\/es\/finalitzen-les-obres-del-carril-bici-davant-d-amcor-i-m-m\/","title":{"rendered":"Finalizan las obras del carril bici ante AMCOR y M&#038;M"},"content":{"rendered":"<p><strong>\u2022 Se ha aprovechado la visita para dar en la biblioteca de los comit\u00e9s de empresa el lote de libros anual que se cede por parte del Ayuntamiento<\/strong><\/p>\n<p>Ayer se visit\u00f3 la zona del carril condicionado para bicicletas y peatones junto a la empresa AMCOR y M&amp;M. Asistieron, el alcalde de la ciudad <strong>Diego G\u00f3mez<\/strong>, la regidora de urbanismo, <strong>Sara Gar\u00e9s<\/strong>, el regidor de Hacienda, <strong>Albert Furi\u00f3<\/strong>, <strong>Alfred Aranda<\/strong>, Regidor de Cultura y<strong> Xavi P\u00e9rez<\/strong>, regidor de Fiestas.<\/p>\n<p>\u00abCon esta nueva infraestructura queremos mejorar la movilidad sostenible de nuestra ciudad, tanto para los alzire\u00f1os y alzire\u00f1as que se mueven en bici, como para los que lo hacen a pie. Esta actuaci\u00f3n hace posible que conectamos la ciudad con esta zona industrial\u00bb, asegura el alcalde, <strong>Diego G\u00f3mez<\/strong>.<\/p>\n<p>Las obras empezaron el pasado mes de noviembre de 2019 y tuvieron que pararse con motivo de la situaci\u00f3n sanitaria. Justo un a\u00f1o despu\u00e9s se encuentra finalizada, con las farolas colocadas, la adaptaci\u00f3n del arbolado y la jardiner\u00eda. En total se han colocado 210 \u00e1rboles que act\u00faan como media para separar la zona de peatones de la zona condicionada para bicicletas.<\/p>\n<p>Con este proyecto se dota de una nueva forma de acceso el pol\u00edgono industrial por v\u00eda ciclista y se atienen as\u00ed las necesidades medioambientales propias de nuestros tiempos en materia de mediados de transporte ecol\u00f3gicos para el acceso a las \u00e1reas de trabajo. En la actualidad, el \u00fanico medio disponible que permite el acceso en el pol\u00edgono industrial desde Alzira es el tr\u00e1fico rodado a trav\u00e9s de la redonda situada frente a la empresa AMCOR que da acceso a la ciudad, donde se creen la CV-50 y la CV-572 procedente de Carcaixent. Con estas obras se dota el pol\u00edgono industrial de una nueva forma de acceso por v\u00eda ciclista, para atender as\u00ed las peticiones que hicieron en el Ayuntamiento de Alzira.<\/p>\n<p>Recordamos que este carril bici, situado al kil\u00f3metro 18 de la CV 50, adem\u00e1s, enlaza con el que discurre entre Alzira y Carcaixent paralelo a la carretera CV-572 y dentro de la ciudad, en su punto de la calle Frac\u00e0, donde se sustituir\u00e1 una banda de aparcamiento por el carril, hasta la rotonda del cruce con la calle Gandia y el acceso al siguiente pol\u00edgono industrial.<\/p>\n<p><strong>Donaci\u00f3n de libros<\/strong><\/p>\n<p>Los miembros de la corporaci\u00f3n han aprovechado para hacer la visita anual para librar el lote de libros a los comit\u00e9s de empresa para la biblioteca de AMCOR I M&amp;M, seg\u00fan el convenio de colaboraci\u00f3n entre el Ayuntamiento y la empresa para la promoci\u00f3n de la lectura y la difusi\u00f3n de actividades culturales.<\/p>\n<p>Hay que recordar que esta iniciativa tiene su origen en la biblioteca fundada por los trabajadores de la desaparecida Cartonajes Su\u00f1er SA, ahora es compartida por los trabajadores de las empresas Amcor Flexibles Alzira y Mayr Melhof Packaging Ib\u00e9rica, no tiene \u00e1nimo de lucro y est\u00e1 destinada fundamentalmente a difundir el h\u00e1bito de lectura entre sus trabajadoras y trabajadores.<\/p>\n<p><img fetchpriority=\"high\" decoding=\"async\" class=\" size-full wp-image-52825\" src=\"https:\/\/alzira.es\/wp-content\/uploads\/2020\/12\/WhatsApp_Image_2020-12-04_at_08.40.48.jpeg\" alt=\"WhatsApp Image 2020-12-04 at 08.40.48\" width=\"500\" height=\"375\" srcset=\"https:\/\/alzira.es\/wp-content\/uploads\/2020\/12\/WhatsApp_Image_2020-12-04_at_08.40.48.jpeg 1600w, https:\/\/alzira.es\/wp-content\/uploads\/2020\/12\/WhatsApp_Image_2020-12-04_at_08.40.48-680x510.jpeg 680w, https:\/\/alzira.es\/wp-content\/uploads\/2020\/12\/WhatsApp_Image_2020-12-04_at_08.40.48-1430x1072.jpeg 1430w, https:\/\/alzira.es\/wp-content\/uploads\/2020\/12\/WhatsApp_Image_2020-12-04_at_08.40.48-768x576.jpeg 768w, https:\/\/alzira.es\/wp-content\/uploads\/2020\/12\/WhatsApp_Image_2020-12-04_at_08.40.48-1536x1152.jpeg 1536w\" sizes=\"(max-width: 500px) 100vw, 500px\" \/>&nbsp; &nbsp;<img decoding=\"async\" class=\"size-full wp-image-52827 lazyload\" data-src=\"https:\/\/alzira.es\/wp-content\/uploads\/2020\/12\/WhatsApp_Image_2020-12-04_at_08.40.56_1.jpeg\" alt=\"WhatsApp Image 2020-12-04 at 08.40.56 1\" width=\"500\" height=\"374\" data-srcset=\"https:\/\/alzira.es\/wp-content\/uploads\/2020\/12\/WhatsApp_Image_2020-12-04_at_08.40.56_1.jpeg 1600w, https:\/\/alzira.es\/wp-content\/uploads\/2020\/12\/WhatsApp_Image_2020-12-04_at_08.40.56_1-680x508.jpeg 680w, https:\/\/alzira.es\/wp-content\/uploads\/2020\/12\/WhatsApp_Image_2020-12-04_at_08.40.56_1-1430x1069.jpeg 1430w, https:\/\/alzira.es\/wp-content\/uploads\/2020\/12\/WhatsApp_Image_2020-12-04_at_08.40.56_1-768x574.jpeg 768w, https:\/\/alzira.es\/wp-content\/uploads\/2020\/12\/WhatsApp_Image_2020-12-04_at_08.40.56_1-1536x1148.jpeg 1536w\" data-sizes=\"(max-width: 500px) 100vw, 500px\" src=\"data:image\/svg+xml;base64,PHN2ZyB3aWR0aD0iMSIgaGVpZ2h0PSIxIiB4bWxucz0iaHR0cDovL3d3dy53My5vcmcvMjAwMC9zdmciPjwvc3ZnPg==\" style=\"--smush-placeholder-width: 500px; --smush-placeholder-aspect-ratio: 500\/374;\" \/><\/p>\n<p><img decoding=\"async\" class=\"alignleft size-full wp-image-52829 lazyload\" style=\"--smush-placeholder-width: 500px; --smush-placeholder-aspect-ratio: 500\/375;float: left;\" data-src=\"https:\/\/alzira.es\/wp-content\/uploads\/2020\/12\/WhatsApp_Image_2020-12-04_at_08.40.56.jpeg\" alt=\"WhatsApp Image 2020-12-04 at 08.40.56\" width=\"500\" height=\"375\" data-srcset=\"https:\/\/alzira.es\/wp-content\/uploads\/2020\/12\/WhatsApp_Image_2020-12-04_at_08.40.56.jpeg 1600w, https:\/\/alzira.es\/wp-content\/uploads\/2020\/12\/WhatsApp_Image_2020-12-04_at_08.40.56-680x510.jpeg 680w, https:\/\/alzira.es\/wp-content\/uploads\/2020\/12\/WhatsApp_Image_2020-12-04_at_08.40.56-1430x1072.jpeg 1430w, https:\/\/alzira.es\/wp-content\/uploads\/2020\/12\/WhatsApp_Image_2020-12-04_at_08.40.56-768x576.jpeg 768w, https:\/\/alzira.es\/wp-content\/uploads\/2020\/12\/WhatsApp_Image_2020-12-04_at_08.40.56-1536x1152.jpeg 1536w\" data-sizes=\"(max-width: 500px) 100vw, 500px\" src=\"data:image\/svg+xml;base64,PHN2ZyB3aWR0aD0iMSIgaGVpZ2h0PSIxIiB4bWxucz0iaHR0cDovL3d3dy53My5vcmcvMjAwMC9zdmciPjwvc3ZnPg==\" \/><\/p>\n<p style=\"margin-top: 0cm; margin-right: 0cm; margin-bottom: .0001pt; margin-left: 36.0pt; text-align: justify; text-indent: -18.0pt; line-height: 150%; mso-list: l0 level1 lfo1; tab-stops: 0cm; background: white;\"><span style=\"font-family: Symbol; mso-fareast-font-family: Symbol; mso-bidi-font-family: Symbol; mso-ansi-language: CA;\" lang=\"CA\"><span style=\"mso-list: Ignore;\">\u00b7<span style=\"font: 7.0pt 'Times New Roman';\">&nbsp;&nbsp;&nbsp;&nbsp;&nbsp;&nbsp;&nbsp;&nbsp; <\/span><\/span><\/span><strong style=\"mso-bidi-font-weight: normal;\"><span style=\"font-family: 'Arial','sans-serif'; mso-ansi-language: CA;\" lang=\"CA\"><br \/><\/span><\/strong><\/p>\n","protected":false},"excerpt":{"rendered":"<p>\u2022 Se ha aprovechado la visita para dar en la biblioteca de los comit\u00e9s de empresa el lote de libros anual que se cede por parte del Ayuntamiento Ayer se visit\u00f3 la zona del carril condicionado para bicicletas y peatones junto a la empresa AMCOR y M&amp;M. Asistieron, el alcalde de la ciudad Diego G\u00f3mez, &hellip; <\/p>\n<p class=\"link-more\"><a href=\"https:\/\/alzira.es\/es\/finalitzen-les-obres-del-carril-bici-davant-d-amcor-i-m-m\/\" class=\"more-link\">Continuar leyendo<span class=\"screen-reader-text\"> \u00abFinalizan las obras del carril bici ante AMCOR y M&#038;M\u00bb<\/span><\/a><\/p>\n","protected":false},"author":29,"featured_media":52825,"comment_status":"","ping_status":"","sticky":false,"template":"","format":"standard","meta":{"_acf_changed":false,"footnotes":""},"categories":[4936],"tags":[],"class_list":["post-52831","post","type-post","status-publish","format-standard","has-post-thumbnail","hentry","category-hemeroteca-es"],"acf":[],"_links":{"self":[{"href":"https:\/\/alzira.es\/es\/wp-json\/wp\/v2\/posts\/52831","targetHints":{"allow":["GET"]}}],"collection":[{"href":"https:\/\/alzira.es\/es\/wp-json\/wp\/v2\/posts"}],"about":[{"href":"https:\/\/alzira.es\/es\/wp-json\/wp\/v2\/types\/post"}],"author":[{"embeddable":true,"href":"https:\/\/alzira.es\/es\/wp-json\/wp\/v2\/users\/29"}],"replies":[{"embeddable":true,"href":"https:\/\/alzira.es\/es\/wp-json\/wp\/v2\/comments?post=52831"}],"version-history":[{"count":0,"href":"https:\/\/alzira.es\/es\/wp-json\/wp\/v2\/posts\/52831\/revisions"}],"wp:featuredmedia":[{"embeddable":true,"href":"https:\/\/alzira.es\/es\/wp-json\/wp\/v2\/media\/52825"}],"wp:attachment":[{"href":"https:\/\/alzira.es\/es\/wp-json\/wp\/v2\/media?parent=52831"}],"wp:term":[{"taxonomy":"category","embeddable":true,"href":"https:\/\/alzira.es\/es\/wp-json\/wp\/v2\/categories?post=52831"},{"taxonomy":"post_tag","embeddable":true,"href":"https:\/\/alzira.es\/es\/wp-json\/wp\/v2\/tags?post=52831"}],"curies":[{"name":"wp","href":"https:\/\/api.w.org\/{rel}","templated":true}]}}