{"id":52815,"date":"2020-12-03T14:32:26","date_gmt":"2020-12-03T13:32:26","guid":{"rendered":"https:\/\/alzira.es\/la-incidencia-del-virus-a-alzira-s-estabilitza-2\/"},"modified":"2020-12-03T14:32:26","modified_gmt":"2020-12-03T13:32:26","slug":"la-incidencia-del-virus-a-alzira-s-estabilitza-2","status":"publish","type":"post","link":"https:\/\/alzira.es\/es\/la-incidencia-del-virus-a-alzira-s-estabilitza-2\/","title":{"rendered":"La incid\u00e8ncia del virus a Alzira s\u2019estabilitza"},"content":{"rendered":"<h3><em>\u2022 <strong>Diego G\u00f3mez<\/strong> \u00abNo ens podem confiar, venen dies de festa i cal actuar amb molta precauci\u00f3\u00bb<\/em><br \/><em>\u2022 L&#8217;ajuntament revisar\u00e0 les mesures locals el 9 de desembre<\/em><\/h3>\n<p>Com cada dijous, hui ha tingut lloc la reuni\u00f3 telem\u00e0tica amb Salut P\u00fablica per a l&#8217;actualitzaci\u00f3 de les dades dels \u00faltims 7 dies. En el cas d&#8217;Alzira les xifres indiquen una baixada molt lleugera, hem passat de 254 a <strong>243 casos per cada 100.000 habitants.<\/strong> A m\u00e9s, en els \u00faltims tres dies hi ha 35 positius (28 la setmana passada), i en total tenim 111 casos actius.<\/p>\n<p>\u00abAmb esta actualitzaci\u00f3 setmanal veiem que encara que seguim abaixant, no es podem confiar, venen dies de festa i cal actual amb molta precauci\u00f3. La baixada que tenim esta setmana no \u00e9s significativa. Lamentablement no tenim la f\u00f3rmula d&#8217;abaixar les xifres de forma definitiva, per\u00f2 cal actuar amb precauci\u00f3 i seguir les mesures que ens indiquen des de salut p\u00fablica, on tamb\u00e9 ens recorden que \u00abAix\u00f2 no \u00e9s un joc\u00bb, perqu\u00e8 el que fem este pont tindr\u00e0 conseq\u00fc\u00e8ncia en les pr\u00f2ximes dos setmanes\u00bb.<\/p>\n<p>L&#8217;ajuntament continua amb les mesures que va prorrogar la passada setmana amb la finalitat de protegir la salut dels alzirenys i alzirenyes, i aix\u00ed ho far\u00e0 fins al pr\u00f2xim 9 de desembre, moment en qu\u00e8 les revisar\u00e0, igual que la Generalitat que informar\u00e0 el pr\u00f2xim dimecres sobre la continu\u00eftat o canvi en l&#8217;\u00e0mbit auton\u00f2mic.<\/p>\n<p>La regidora de Sanitat, Gemma Al\u00f3s ha explicat que \u00abCal ser rigor\u00f3s, especialment en la nostra vida social, ja que els contagis en l&#8217;\u00e0mbit familiar passen despr\u00e9s a l&#8217;esfera labora i escolar\u00bb.<\/p>\n<p>Recordem que l&#8217;Ajuntament d&#8217;Alzira i la Generalitat, continuen amb les mesures actuals fins al 9 de desembre. Consulta totes les mesures vigents ac\u00ed: <a href=\"index.php\/val\/noticies\/12485-mesures-vigents-contra-la-covid19\" rel=\"nofollow noopener\" target=\"_blank\">https:\/\/alzira.es\/alzira_vpm\/index.php\/val\/noticies\/12485-mesures-vigents-contra-la-covid19<\/a><\/p>\n<p><strong>ALTRES MESURES ESTATALS<\/strong><\/p>\n<p>Per la seua banda el govern espanyol, anunciava ahir dimecres mesures espec\u00edfiques per a totes les Comunitats Aut\u00f2nomes i relatives al Nadal, des del 23 de desembre fins al 6 de gener.<br \/>Entre altres destaquen:<br \/>\u2022 Limitaci\u00f3 d&#8217;entrada i eixida a les comunitats aut\u00f2nomes excepte despla\u00e7ament justificats, o acudir al lloc de resid\u00e8ncia de familiars.<br \/>\u2022 Els dies 24, 25 i 31 de desembre i l&#8217;1 de gener, reunions de m\u00e0xim 10 persones.<br \/>\u2022 La nit del 24 al 25 de desembre i del 31 a l&#8217;1 de gener, limitaci\u00f3 de circulaci\u00f3 fins a la 1.30 de la matinada.<\/p>\n<p>Detall de les mesures estatals<br \/><a href=\"https:\/\/www.lamoncloa.gob.es\/serviciosdeprensa\/notasprensa\/sanidad14\/Documents\/2020\/02122020_AcuerdoVacaciones.pdf\">https:\/\/www.lamoncloa.gob.es\/serviciosdeprensa\/notasprensa\/sanidad14\/Documents\/2020\/02122020_AcuerdoVacaciones.pdf<\/a><a href=\"https:\/\/www.lamoncloa.gob.es\/serviciosdeprensa\/notasprensa\/sanidad14\/Documents\/2020\/02122020_AcuerdoVacaciones.pdf\" rel=\"nofollow noopener\" target=\"_blank\"><\/a><\/p>\n<p><img fetchpriority=\"high\" decoding=\"async\" class=\" size-full wp-image-52812\" src=\"https:\/\/alzira.es\/wp-content\/uploads\/2020\/12\/2020_12_03_Salut_Publica_3.jpeg\" alt=\"2020 12 03 Salut P\u00fablica 3\" width=\"1000\" height=\"750\" srcset=\"https:\/\/alzira.es\/wp-content\/uploads\/2020\/12\/2020_12_03_Salut_Publica_3.jpeg 1600w, https:\/\/alzira.es\/wp-content\/uploads\/2020\/12\/2020_12_03_Salut_Publica_3-680x510.jpeg 680w, https:\/\/alzira.es\/wp-content\/uploads\/2020\/12\/2020_12_03_Salut_Publica_3-1430x1072.jpeg 1430w, https:\/\/alzira.es\/wp-content\/uploads\/2020\/12\/2020_12_03_Salut_Publica_3-768x576.jpeg 768w, https:\/\/alzira.es\/wp-content\/uploads\/2020\/12\/2020_12_03_Salut_Publica_3-1536x1152.jpeg 1536w\" sizes=\"(max-width: 706px) 89vw, (max-width: 767px) 82vw, 740px\" \/><\/p>\n","protected":false},"excerpt":{"rendered":"<p>\u2022 Diego G\u00f3mez \u00abNo ens podem confiar, venen dies de festa i cal actuar amb molta precauci\u00f3\u00bb\u2022 L&#8217;ajuntament revisar\u00e0 les mesures locals el 9 de desembre Com cada dijous, hui ha tingut lloc la reuni\u00f3 telem\u00e0tica amb Salut P\u00fablica per a l&#8217;actualitzaci\u00f3 de les dades dels \u00faltims 7 dies. En el cas d&#8217;Alzira les xifres &hellip; <\/p>\n<p class=\"link-more\"><a href=\"https:\/\/alzira.es\/es\/la-incidencia-del-virus-a-alzira-s-estabilitza-2\/\" class=\"more-link\">Continuar leyendo<span class=\"screen-reader-text\"> \u00abLa incid\u00e8ncia del virus a Alzira s\u2019estabilitza\u00bb<\/span><\/a><\/p>\n","protected":false},"author":29,"featured_media":52812,"comment_status":"","ping_status":"","sticky":false,"template":"","format":"standard","meta":{"_acf_changed":false,"footnotes":""},"categories":[],"tags":[],"class_list":["post-52815","post","type-post","status-publish","format-standard","has-post-thumbnail","hentry"],"acf":[],"_links":{"self":[{"href":"https:\/\/alzira.es\/es\/wp-json\/wp\/v2\/posts\/52815","targetHints":{"allow":["GET"]}}],"collection":[{"href":"https:\/\/alzira.es\/es\/wp-json\/wp\/v2\/posts"}],"about":[{"href":"https:\/\/alzira.es\/es\/wp-json\/wp\/v2\/types\/post"}],"author":[{"embeddable":true,"href":"https:\/\/alzira.es\/es\/wp-json\/wp\/v2\/users\/29"}],"replies":[{"embeddable":true,"href":"https:\/\/alzira.es\/es\/wp-json\/wp\/v2\/comments?post=52815"}],"version-history":[{"count":0,"href":"https:\/\/alzira.es\/es\/wp-json\/wp\/v2\/posts\/52815\/revisions"}],"wp:featuredmedia":[{"embeddable":true,"href":"https:\/\/alzira.es\/es\/wp-json\/wp\/v2\/media\/52812"}],"wp:attachment":[{"href":"https:\/\/alzira.es\/es\/wp-json\/wp\/v2\/media?parent=52815"}],"wp:term":[{"taxonomy":"category","embeddable":true,"href":"https:\/\/alzira.es\/es\/wp-json\/wp\/v2\/categories?post=52815"},{"taxonomy":"post_tag","embeddable":true,"href":"https:\/\/alzira.es\/es\/wp-json\/wp\/v2\/tags?post=52815"}],"curies":[{"name":"wp","href":"https:\/\/api.w.org\/{rel}","templated":true}]}}