{"id":52814,"date":"2020-12-03T14:32:26","date_gmt":"2020-12-03T13:32:26","guid":{"rendered":"https:\/\/alzira.es\/la-incidencia-del-virus-a-alzira-s-estabilitza\/"},"modified":"2020-12-03T14:32:26","modified_gmt":"2020-12-03T13:32:26","slug":"la-incidencia-del-virus-a-alzira-s-estabilitza","status":"publish","type":"post","link":"https:\/\/alzira.es\/es\/la-incidencia-del-virus-a-alzira-s-estabilitza\/","title":{"rendered":"La incidencia del virus en Alzira se estabiliza"},"content":{"rendered":"<h3>\u2022 <em><strong>Diego G\u00f3mez<\/strong> \u00abNo nos podemos confiar, venden d\u00edas de fiesta y hay que actuar con mucha precauci\u00f3n\u00bb<\/em><br \/><em>\u2022 El ayuntamiento revisar\u00e1 las medidas locales el 9 de diciembre<\/em><\/h3>\n<p>Como cada jueves, hoy ha tenido lugar la reuni\u00f3n telem\u00e1tica con Salud P\u00fablica para la actualizaci\u00f3n de los datos de los \u00faltimos 7 d\u00edas. En el caso de Alzira las cifras indican una bajada muy ligera, hemos pasado de 254 a<strong> 243 casos por cada 100.000 habitantes<\/strong>. Adem\u00e1s, en los \u00faltimos tres d\u00edas hay 35 positivos (28 la semana pasada), y en total tenemos 111 casos activos.<\/p>\n<p>\u00abCon esta actualizaci\u00f3n semanal vemos que aunque seguimos bajando, no podemos confiar, vienen d\u00edas de fiesta y hace falta actuar con mucha precauci\u00f3n. La bajada que tenemos esta semana no es significativa. Lamentablemente no tenemos la f\u00f3rmula de bajar las cifras de forma definitiva, pero hay que actuar con precauci\u00f3n y seguir las medidas que nos indican desde salud p\u00fablica, donde tambi\u00e9n nos recuerdan que \u00abEsto no es un juego\u00bb, porque el que hacemos este puente tendr\u00e1 consecuencia en las pr\u00f3ximas dos semanas\u00bb.<\/p>\n<p>El ayuntamiento contin\u00faa con las medidas que prorrog\u00f3 la pasada semana con el fin de proteger la salud de los alzire\u00f1os y alzire\u00f1as, y as\u00ed lo har\u00e1 hasta el pr\u00f3ximo 9 de diciembre, momento en que las revisar\u00e1, igual que la Generalitat que informar\u00e1 el pr\u00f3ximo mi\u00e9rcoles sobre la continuidad o cambio en el \u00e1mbito auton\u00f3mico.<\/p>\n<p>La regidora de Sanidad, <strong>Gemma Al\u00f3s<\/strong> ha explicado que \u00abHay que ser riguroso, especialmente en nuestra vida social, puesto que los contagios en el \u00e1mbito familiar pasan despu\u00e9s a la esfera labora y escolar\u00bb.<\/p>\n<p>Recordamos que el Ayuntamiento de Alzira y la Generalitat, contin\u00faan con las medidas actuales hasta el 9 de diciembre. Consulta todas las medidas vigentes aqu\u00ed: <a href=\"index.php\/val\/noticies\/12485-mesures-vigents-contra-la-covid19\" rel=\"nofollow noopener\" target=\"_blank\">https:\/\/alzira.es\/alzira_vpm\/index.php\/val\/noticies\/12485-mesures-vigents-contra-la-covid19<\/a><\/p>\n<p><strong>OTRAS MEDIDAS ESTATALES<\/strong><\/p>\n<p>Por su parte el gobierno espa\u00f1ol, anunciaba ayer mi\u00e9rcoles mesuras espec\u00edficas para todas las Comunidades Aut\u00f3nomas y relativas a la Navidad, desde el 23 de diciembre hasta el 6 de enero.<br \/>Entre otros destacan:<br \/>\u2022 Limitaci\u00f3n de entrada y salida en las comunidades aut\u00f3nomas excepto desplazamiento justificados, o acudir al lugar de residencia de familiares.<br \/>\u2022 Los d\u00edas 24, 25 y 31 de diciembre y el 1 de enero, reuniones de m\u00e1ximo 10 personas.<br \/>\u2022 La noche del 24 al 25 de diciembre y del 31 al 1 de enero, limitaci\u00f3n de circulaci\u00f3n hasta la 1.30 de la madrugada.<\/p>\n<p>Detalle de las medidas estatales<br \/><a href=\"https:\/\/www.lamoncloa.gob.es\/serviciosdeprensa\/notasprensa\/sanidad14\/documents\/2020\/02122020_acuerdovacaciones.pdf\" rel=\"nofollow noopener\" target=\"_blank\">https:\/\/www.lamoncloa.gob.es\/serviciosdeprensa\/notasprensa\/sanidad14\/documents\/2020\/02122020_acuerdovacaciones.pdf<\/a><\/p>\n<h3><img fetchpriority=\"high\" decoding=\"async\" class=\" size-full wp-image-52812\" style=\"color: #666666; font-size: 14.4px;\" src=\"https:\/\/alzira.es\/wp-content\/uploads\/2020\/12\/2020_12_03_Salut_Publica_3.jpeg\" alt=\"2020 12 03 Salut P\u00fablica 3\" width=\"1000\" height=\"750\" srcset=\"https:\/\/alzira.es\/wp-content\/uploads\/2020\/12\/2020_12_03_Salut_Publica_3.jpeg 1600w, https:\/\/alzira.es\/wp-content\/uploads\/2020\/12\/2020_12_03_Salut_Publica_3-680x510.jpeg 680w, https:\/\/alzira.es\/wp-content\/uploads\/2020\/12\/2020_12_03_Salut_Publica_3-1430x1072.jpeg 1430w, https:\/\/alzira.es\/wp-content\/uploads\/2020\/12\/2020_12_03_Salut_Publica_3-768x576.jpeg 768w, https:\/\/alzira.es\/wp-content\/uploads\/2020\/12\/2020_12_03_Salut_Publica_3-1536x1152.jpeg 1536w\" sizes=\"(max-width: 706px) 89vw, (max-width: 767px) 82vw, 740px\" \/><\/h3>\n","protected":false},"excerpt":{"rendered":"<p>\u2022 Diego G\u00f3mez \u00abNo nos podemos confiar, venden d\u00edas de fiesta y hay que actuar con mucha precauci\u00f3n\u00bb\u2022 El ayuntamiento revisar\u00e1 las medidas locales el 9 de diciembre Como cada jueves, hoy ha tenido lugar la reuni\u00f3n telem\u00e1tica con Salud P\u00fablica para la actualizaci\u00f3n de los datos de los \u00faltimos 7 d\u00edas. En el caso &hellip; <\/p>\n<p class=\"link-more\"><a href=\"https:\/\/alzira.es\/es\/la-incidencia-del-virus-a-alzira-s-estabilitza\/\" class=\"more-link\">Continuar leyendo<span class=\"screen-reader-text\"> \u00abLa incidencia del virus en Alzira se estabiliza\u00bb<\/span><\/a><\/p>\n","protected":false},"author":29,"featured_media":52812,"comment_status":"","ping_status":"","sticky":false,"template":"","format":"standard","meta":{"_acf_changed":false,"footnotes":""},"categories":[4936],"tags":[],"class_list":["post-52814","post","type-post","status-publish","format-standard","has-post-thumbnail","hentry","category-hemeroteca-es"],"acf":[],"_links":{"self":[{"href":"https:\/\/alzira.es\/es\/wp-json\/wp\/v2\/posts\/52814","targetHints":{"allow":["GET"]}}],"collection":[{"href":"https:\/\/alzira.es\/es\/wp-json\/wp\/v2\/posts"}],"about":[{"href":"https:\/\/alzira.es\/es\/wp-json\/wp\/v2\/types\/post"}],"author":[{"embeddable":true,"href":"https:\/\/alzira.es\/es\/wp-json\/wp\/v2\/users\/29"}],"replies":[{"embeddable":true,"href":"https:\/\/alzira.es\/es\/wp-json\/wp\/v2\/comments?post=52814"}],"version-history":[{"count":0,"href":"https:\/\/alzira.es\/es\/wp-json\/wp\/v2\/posts\/52814\/revisions"}],"wp:featuredmedia":[{"embeddable":true,"href":"https:\/\/alzira.es\/es\/wp-json\/wp\/v2\/media\/52812"}],"wp:attachment":[{"href":"https:\/\/alzira.es\/es\/wp-json\/wp\/v2\/media?parent=52814"}],"wp:term":[{"taxonomy":"category","embeddable":true,"href":"https:\/\/alzira.es\/es\/wp-json\/wp\/v2\/categories?post=52814"},{"taxonomy":"post_tag","embeddable":true,"href":"https:\/\/alzira.es\/es\/wp-json\/wp\/v2\/tags?post=52814"}],"curies":[{"name":"wp","href":"https:\/\/api.w.org\/{rel}","templated":true}]}}