{"id":52811,"date":"2020-12-03T13:11:40","date_gmt":"2020-12-03T12:11:40","guid":{"rendered":"https:\/\/alzira.es\/donacio-sang-gallera-2020-2\/"},"modified":"2020-12-03T13:11:40","modified_gmt":"2020-12-03T12:11:40","slug":"donacio-sang-gallera-2020-2","status":"publish","type":"post","link":"https:\/\/alzira.es\/es\/donacio-sang-gallera-2020-2\/","title":{"rendered":"Alzira realitza la 7a edici\u00f3 de Donaci\u00f3 Sang a la Gallera"},"content":{"rendered":"<p style=\"text-align: justify; line-height: 150%; background: white;\"><span style=\"font-size: 11pt; line-height: 150%; font-family: Arial, sans-serif; color: #333333;\">Un any m\u00e9s, la Regidoria de Sanitat col\u00b7labora amb la Donaci\u00f3 de Sang que organitza Centre de Transfusions de la Comunitat Valenciana junt a La Gallera Jove. Es tracta ja de la setena edici\u00f3 i es realitzar\u00e0 en l\u2019emblem\u00e0tic edifici de La Gallera, concretament al Sal\u00f3 Daurat.<\/span><\/p>\n<p class=\"default\" style=\"margin: 0cm 0cm 0.0001pt; line-height: 150%; background: white;\"><span style=\"font-size: 11pt; line-height: 150%; font-family: Arial, sans-serif; color: black;\">A la roda de premsa de presentaci\u00f3 celebrada este mat\u00ed han assistit, la regidora de Sanitat, <strong>Gemma Al\u00f3s<\/strong>, <strong>Pepe Llinares<\/strong>, de la Gallera Jove, <strong>Salvador Collado<\/strong> del CA La Gallera,<strong> Roberto Roig Oltra<\/strong>, Cap de Servei d\u2019Hemodonaci\u00f3 del Centre de Transfusi\u00f3 CV i David Sancho, coordinador de la seu d\u2019Alzira de la Universitat Cat\u00f2lica de Val\u00e8ncia.<\/span><\/p>\n<p style=\"text-align: justify; line-height: 150%; background: white;\"><span style=\"font-size: 11pt; line-height: 150%; font-family: Arial, sans-serif; color: #333333;\">La donaci\u00f3 es realitzar\u00e0 el dissabte 5 de desembre en horari de 9 a 14 hores i 16 a 20 hores. Els requisits per a poder donar sang s\u00f3n tindre entre 18 i 65 anys, pesar m\u00e9s de 50 kg i no anar en dej\u00fa. Les persones que donen rebran un detall per la seua implicaci\u00f3 i participaci\u00f3.<\/span><\/p>\n<p class=\"default\" style=\"margin: 0cm 0cm 0.0001pt; line-height: 150%; background: white;\"><span style=\"font-size: 11pt; line-height: 150%; font-family: Arial, sans-serif; color: black;\">La Regidora de Sanitat, <strong>Gemma Al\u00f3s<\/strong>, ha agra\u00eft l\u2019esfor\u00e7 realitzat per La Gallera Jove per a organitzar un any m\u00e9s este acte, ja que \u201cara \u00e9s m\u00e9s important que mai que donem sang, que siguem solidaris i que ajudem a aquelles persones que ho estan passant mal. Actes com el de dissabte s\u00f3n absolutament necessaris, per aix\u00f2 animem a tots i totes a participar, perqu\u00e8 una donaci\u00f3 pot salvar tres vides\u201d.<\/span><\/p>\n<p class=\"default\" style=\"margin: 0cm 0cm 0.0001pt; line-height: 150%; background: white;\"><span style=\"font-size: 11pt; line-height: 150%; font-family: Arial, sans-serif; color: black;\">Per la seua banda, El Dr Roig ha agra\u00eft a la Gallera la tasca que ha portat a terme al llarg de tot l\u2019any. Han acollit 15 donacions amb m\u00e9s de 900 donants des del mateix mes de mar\u00e7.<\/span><\/p>\n<p style=\"text-align: justify; line-height: 150%; background: white;\"><span style=\"font-size: 11pt; line-height: 150%; font-family: Arial, sans-serif; color: #333333;\">Este esdeveniment solidari est\u00e0 organitzat per La Gallera Jove, el Cercle Alzireny La Gallera, Centre de Transfusions de la Comunitat Valenciana i per la Regidoria de Sanitat de l\u2019Ajuntament d\u2019Alzira. A m\u00e9s, col\u00b7labora la Universitat Cat\u00f2lica de Val\u00e8ncia.<\/span><\/p>\n<p style=\"text-align: justify; line-height: 150%; background: white;\"><span style=\"font-size: 11pt; line-height: 150%; font-family: Arial, sans-serif; color: #333333;\">Des de la Gallera Jove, han explicat que per a ells tancar l\u2019any amb este acte solidari, \u00e9s la millora manera de fer-ho i han animat a tots els alzirenys i alzirenyes a participar el proper dissabte.<\/span><\/p>\n<p style=\"text-align: justify; line-height: 150%; background: white;\"><span style=\"font-size: 11pt; line-height: 150%; font-family: Arial, sans-serif; color: #333333;\"><img fetchpriority=\"high\" decoding=\"async\" width=\"2000\" height=\"1500\" class=\" size-full wp-image-52806\" src=\"https:\/\/alzira.es\/wp-content\/uploads\/2020\/12\/donacio_de_sang.jpeg\" alt=\"donaci\u00f3 de sang\" srcset=\"https:\/\/alzira.es\/wp-content\/uploads\/2020\/12\/donacio_de_sang.jpeg 2000w, https:\/\/alzira.es\/wp-content\/uploads\/2020\/12\/donacio_de_sang-680x510.jpeg 680w, https:\/\/alzira.es\/wp-content\/uploads\/2020\/12\/donacio_de_sang-1430x1072.jpeg 1430w, https:\/\/alzira.es\/wp-content\/uploads\/2020\/12\/donacio_de_sang-768x576.jpeg 768w, https:\/\/alzira.es\/wp-content\/uploads\/2020\/12\/donacio_de_sang-1536x1152.jpeg 1536w\" sizes=\"(max-width: 706px) 89vw, (max-width: 767px) 82vw, 740px\" \/><\/span><\/p>\n<p style=\"text-align: justify; line-height: 150%; background: white;\"><img decoding=\"async\" width=\"2000\" height=\"1500\" class=\"size-full wp-image-52808 lazyload\" data-src=\"https:\/\/alzira.es\/wp-content\/uploads\/2020\/12\/donacio_sang_1.jpeg\" alt=\"donacio sang 1\" data-srcset=\"https:\/\/alzira.es\/wp-content\/uploads\/2020\/12\/donacio_sang_1.jpeg 2000w, https:\/\/alzira.es\/wp-content\/uploads\/2020\/12\/donacio_sang_1-680x510.jpeg 680w, https:\/\/alzira.es\/wp-content\/uploads\/2020\/12\/donacio_sang_1-1430x1072.jpeg 1430w, https:\/\/alzira.es\/wp-content\/uploads\/2020\/12\/donacio_sang_1-768x576.jpeg 768w, https:\/\/alzira.es\/wp-content\/uploads\/2020\/12\/donacio_sang_1-1536x1152.jpeg 1536w\" data-sizes=\"(max-width: 706px) 89vw, (max-width: 767px) 82vw, 740px\" src=\"data:image\/svg+xml;base64,PHN2ZyB3aWR0aD0iMSIgaGVpZ2h0PSIxIiB4bWxucz0iaHR0cDovL3d3dy53My5vcmcvMjAwMC9zdmciPjwvc3ZnPg==\" style=\"--smush-placeholder-width: 2000px; --smush-placeholder-aspect-ratio: 2000\/1500;\" \/><\/p>\n","protected":false},"excerpt":{"rendered":"<p>Un any m\u00e9s, la Regidoria de Sanitat col\u00b7labora amb la Donaci\u00f3 de Sang que organitza Centre de Transfusions de la Comunitat Valenciana junt a La Gallera Jove. Es tracta ja de la setena edici\u00f3 i es realitzar\u00e0 en l\u2019emblem\u00e0tic edifici de La Gallera, concretament al Sal\u00f3 Daurat. A la roda de premsa de presentaci\u00f3 celebrada &hellip; <\/p>\n<p class=\"link-more\"><a href=\"https:\/\/alzira.es\/es\/donacio-sang-gallera-2020-2\/\" class=\"more-link\">Continuar leyendo<span class=\"screen-reader-text\"> \u00abAlzira realitza la 7a edici\u00f3 de Donaci\u00f3 Sang a la Gallera\u00bb<\/span><\/a><\/p>\n","protected":false},"author":29,"featured_media":52806,"comment_status":"","ping_status":"","sticky":false,"template":"","format":"standard","meta":{"_acf_changed":false,"footnotes":""},"categories":[],"tags":[],"class_list":["post-52811","post","type-post","status-publish","format-standard","has-post-thumbnail","hentry"],"acf":[],"_links":{"self":[{"href":"https:\/\/alzira.es\/es\/wp-json\/wp\/v2\/posts\/52811","targetHints":{"allow":["GET"]}}],"collection":[{"href":"https:\/\/alzira.es\/es\/wp-json\/wp\/v2\/posts"}],"about":[{"href":"https:\/\/alzira.es\/es\/wp-json\/wp\/v2\/types\/post"}],"author":[{"embeddable":true,"href":"https:\/\/alzira.es\/es\/wp-json\/wp\/v2\/users\/29"}],"replies":[{"embeddable":true,"href":"https:\/\/alzira.es\/es\/wp-json\/wp\/v2\/comments?post=52811"}],"version-history":[{"count":0,"href":"https:\/\/alzira.es\/es\/wp-json\/wp\/v2\/posts\/52811\/revisions"}],"wp:featuredmedia":[{"embeddable":true,"href":"https:\/\/alzira.es\/es\/wp-json\/wp\/v2\/media\/52806"}],"wp:attachment":[{"href":"https:\/\/alzira.es\/es\/wp-json\/wp\/v2\/media?parent=52811"}],"wp:term":[{"taxonomy":"category","embeddable":true,"href":"https:\/\/alzira.es\/es\/wp-json\/wp\/v2\/categories?post=52811"},{"taxonomy":"post_tag","embeddable":true,"href":"https:\/\/alzira.es\/es\/wp-json\/wp\/v2\/tags?post=52811"}],"curies":[{"name":"wp","href":"https:\/\/api.w.org\/{rel}","templated":true}]}}