{"id":52810,"date":"2020-12-03T13:11:40","date_gmt":"2020-12-03T12:11:40","guid":{"rendered":"https:\/\/alzira.es\/donacio-sang-gallera-2020\/"},"modified":"2020-12-03T13:11:40","modified_gmt":"2020-12-03T12:11:40","slug":"donacio-sang-gallera-2020","status":"publish","type":"post","link":"https:\/\/alzira.es\/es\/donacio-sang-gallera-2020\/","title":{"rendered":"Alzira realiza la 7\u00aa edici\u00f3n de Donaci\u00f3n Sangre en la Gallera"},"content":{"rendered":"<p style=\"text-align: justify; line-height: 150%; background: white;\">Un a\u00f1o m\u00e1s, la Concejal\u00eda de Sanidad colabora con la Donaci\u00f3n de Sangre que organiza Centro de Transfusiones de la Comunidad Valenciana junto a La Gallera Joven. Se trata ya de la s\u00e9ptima edici\u00f3n y se realizar\u00e1 en el emblem\u00e1tico edificio de La Gallera, concretamente en el Sal\u00f3n Dorado.<\/p>\n<p>A la rueda de prensa de presentaci\u00f3n celebrada esta ma\u00f1ana han asistido, la regidora de Sanidad, <strong>Gemma Al\u00f3s<\/strong>, <strong>Pepe Llinares<\/strong>, de la Gallera Joven, <strong>Salvador Collado<\/strong> del CA La Gallera, <strong>Roberto Roig Oltra<\/strong>, Jefe de servicio de Hemodonaci\u00f3 del Centro de Transfusi\u00f3n CV y <strong>David Sancho<\/strong>, coordinador de la sede de Alzira de la Universidad Cat\u00f3lica de Val\u00e8ncia.<\/p>\n<p>La donaci\u00f3n se realizar\u00e1 el s\u00e1bado 5 de diciembre en horario de 9 a 14 horas y 16 a 20 horas. Los requisitos para poder dar sangre son tener entre 18 y 65 a\u00f1os, pesar m\u00e1s de 50 kg y no ir en ayunas. Las personas que dan recibir\u00e1n un detalle por su implicaci\u00f3n y participaci\u00f3n.<\/p>\n<p>La Regidora de Sanidad, <strong>Gemma Al\u00f3s<\/strong>, ha agradecido el esfuerzo realizado por La Gallera Joven para organizar un a\u00f1o m\u00e1s este acto, puesto que \u00abahora es m\u00e1s importante que nunca que demos sangre, que seamos solidarios y que ayudamos a aquellas personas que lo est\u00e1n pasando mal. Actas como el de s\u00e1bado son absolutamente necesarios, por eso animamos a todos y todas a participar, porque una donaci\u00f3n puede salvar tres vidas\u00bb.<\/p>\n<p>Por su parte, El Dr Roig ha agradecido a la Gallera la tarea que ha llevado a cabo a lo largo de todo el a\u00f1o. Han acogido 15 donaciones con m\u00e1s de 900 donantes desde el mismo mes de marzo.<\/p>\n<p>Este acontecimiento solidario est\u00e1 organizado por La Gallera Jove, el Cercle Alzireny La Gallera, Centro de Transfusiones de la Comunidad Valenciana y por la Concejal\u00eda de Sanidad del Ayuntamiento de Alzira. Adem\u00e1s, colabora la Universidad Cat\u00f3lica de Val\u00e8ncia.<\/p>\n<p>Desde la Gallera Jove, han explicado que para ellos cerrar el a\u00f1o con este acto solidario, es la mejor manera de hacerlo y han animado a todos los alzire\u00f1os y alzire\u00f1as a participar el pr\u00f3ximo s\u00e1bado.<\/p>\n<p style=\"text-align: justify; line-height: 150%; background: white;\"><span style=\"font-size: 11pt; line-height: 150%; font-family: Arial, sans-serif; color: #333333;\"><img fetchpriority=\"high\" decoding=\"async\" width=\"2000\" height=\"1500\" class=\" size-full wp-image-52806\" src=\"https:\/\/alzira.es\/wp-content\/uploads\/2020\/12\/donacio_de_sang.jpeg\" alt=\"donaci\u00f3 de sang\" srcset=\"https:\/\/alzira.es\/wp-content\/uploads\/2020\/12\/donacio_de_sang.jpeg 2000w, https:\/\/alzira.es\/wp-content\/uploads\/2020\/12\/donacio_de_sang-680x510.jpeg 680w, https:\/\/alzira.es\/wp-content\/uploads\/2020\/12\/donacio_de_sang-1430x1072.jpeg 1430w, https:\/\/alzira.es\/wp-content\/uploads\/2020\/12\/donacio_de_sang-768x576.jpeg 768w, https:\/\/alzira.es\/wp-content\/uploads\/2020\/12\/donacio_de_sang-1536x1152.jpeg 1536w\" sizes=\"(max-width: 706px) 89vw, (max-width: 767px) 82vw, 740px\" \/><\/span><\/p>\n<p style=\"text-align: justify; line-height: 150%; background: white;\"><img decoding=\"async\" width=\"2000\" height=\"1500\" class=\"size-full wp-image-52808 lazyload\" data-src=\"https:\/\/alzira.es\/wp-content\/uploads\/2020\/12\/donacio_sang_1.jpeg\" alt=\"donacio sang 1\" data-srcset=\"https:\/\/alzira.es\/wp-content\/uploads\/2020\/12\/donacio_sang_1.jpeg 2000w, https:\/\/alzira.es\/wp-content\/uploads\/2020\/12\/donacio_sang_1-680x510.jpeg 680w, https:\/\/alzira.es\/wp-content\/uploads\/2020\/12\/donacio_sang_1-1430x1072.jpeg 1430w, https:\/\/alzira.es\/wp-content\/uploads\/2020\/12\/donacio_sang_1-768x576.jpeg 768w, https:\/\/alzira.es\/wp-content\/uploads\/2020\/12\/donacio_sang_1-1536x1152.jpeg 1536w\" data-sizes=\"(max-width: 706px) 89vw, (max-width: 767px) 82vw, 740px\" src=\"data:image\/svg+xml;base64,PHN2ZyB3aWR0aD0iMSIgaGVpZ2h0PSIxIiB4bWxucz0iaHR0cDovL3d3dy53My5vcmcvMjAwMC9zdmciPjwvc3ZnPg==\" style=\"--smush-placeholder-width: 2000px; --smush-placeholder-aspect-ratio: 2000\/1500;\" \/><\/p>\n","protected":false},"excerpt":{"rendered":"<p>Un a\u00f1o m\u00e1s, la Concejal\u00eda de Sanidad colabora con la Donaci\u00f3n de Sangre que organiza Centro de Transfusiones de la Comunidad Valenciana junto a La Gallera Joven. Se trata ya de la s\u00e9ptima edici\u00f3n y se realizar\u00e1 en el emblem\u00e1tico edificio de La Gallera, concretamente en el Sal\u00f3n Dorado. A la rueda de prensa de &hellip; <\/p>\n<p class=\"link-more\"><a href=\"https:\/\/alzira.es\/es\/donacio-sang-gallera-2020\/\" class=\"more-link\">Continuar leyendo<span class=\"screen-reader-text\"> \u00abAlzira realiza la 7\u00aa edici\u00f3n de Donaci\u00f3n Sangre en la Gallera\u00bb<\/span><\/a><\/p>\n","protected":false},"author":29,"featured_media":52806,"comment_status":"","ping_status":"","sticky":false,"template":"","format":"standard","meta":{"_acf_changed":false,"footnotes":""},"categories":[4936],"tags":[],"class_list":["post-52810","post","type-post","status-publish","format-standard","has-post-thumbnail","hentry","category-hemeroteca-es"],"acf":[],"_links":{"self":[{"href":"https:\/\/alzira.es\/es\/wp-json\/wp\/v2\/posts\/52810","targetHints":{"allow":["GET"]}}],"collection":[{"href":"https:\/\/alzira.es\/es\/wp-json\/wp\/v2\/posts"}],"about":[{"href":"https:\/\/alzira.es\/es\/wp-json\/wp\/v2\/types\/post"}],"author":[{"embeddable":true,"href":"https:\/\/alzira.es\/es\/wp-json\/wp\/v2\/users\/29"}],"replies":[{"embeddable":true,"href":"https:\/\/alzira.es\/es\/wp-json\/wp\/v2\/comments?post=52810"}],"version-history":[{"count":0,"href":"https:\/\/alzira.es\/es\/wp-json\/wp\/v2\/posts\/52810\/revisions"}],"wp:featuredmedia":[{"embeddable":true,"href":"https:\/\/alzira.es\/es\/wp-json\/wp\/v2\/media\/52806"}],"wp:attachment":[{"href":"https:\/\/alzira.es\/es\/wp-json\/wp\/v2\/media?parent=52810"}],"wp:term":[{"taxonomy":"category","embeddable":true,"href":"https:\/\/alzira.es\/es\/wp-json\/wp\/v2\/categories?post=52810"},{"taxonomy":"post_tag","embeddable":true,"href":"https:\/\/alzira.es\/es\/wp-json\/wp\/v2\/tags?post=52810"}],"curies":[{"name":"wp","href":"https:\/\/api.w.org\/{rel}","templated":true}]}}