{"id":52805,"date":"2020-12-03T12:42:31","date_gmt":"2020-12-03T11:42:31","guid":{"rendered":"https:\/\/alzira.es\/tarja-social-bus-2\/"},"modified":"2020-12-03T12:42:31","modified_gmt":"2020-12-03T11:42:31","slug":"tarja-social-bus-2","status":"publish","type":"post","link":"https:\/\/alzira.es\/es\/tarja-social-bus-2\/","title":{"rendered":"5.998 alzirenys ja utilitzen gratu\u00eftament el transport urb\u00e0 gr\u00e0cies a la Targeta Social"},"content":{"rendered":"<p>El nombre d&#8217;usuaris de la Targeta Social actualment ascendix a 5.998 persones. Amb esta acreditaci\u00f3 poden utilitzar el transport urb\u00e0 municipal de manera gratu\u00efta.<\/p>\n<p>Esta iniciativa es posa en marxa el novembre del 2015 amb un clar objectiu, afavorir, per un costat, i fomentar, per l&#8217;altre, l&#8217;\u00fas del transport urb\u00e0 entre els joves, per tal de sensibilitzar-los davant l&#8217;impacte ambiental i conscienciar-los que cal ser una ciutat on es prioritzen els criteris de sostenibilitat i consci\u00e8ncia de l&#8217;inter\u00e9s col\u00b7lectiu. Per descomptat que la targeta tamb\u00e9 est\u00e0 dirigida a les persones amb rendes baixes, la qual cosa els dona acc\u00e9s a este servei totalment gratu\u00eft.<\/p>\n<p>En l&#8217;\u00faltim ple s&#8217;aprov\u00e0 la pr\u00f2rroga d&#8217;esta ajuda social, per tant podr\u00e0 continuar sol\u00b7licitant-se si es complix el criteri seg\u00fcent: persones amb ingressos individuals (referits a la renda per c\u00e0pita de les persones f\u00edsiques) que no supere la quantia establida del salari m\u00ednim interprofessional referit a l&#8217;any de la sol\u00b7licitud (13.300 euros anuals); a m\u00e9s, cal acreditar la resid\u00e8ncia efectiva al municipi d&#8217;Alzira i el seu empadronament amb una antiguitat de dos anys.<\/p>\n<p><strong>Fernando Pascual<\/strong>, regidor de l&#8217;\u00e0rea de Serveis Urbans, valora la iniciativa pel seu caire social, ja que possibilita l&#8217;\u00fas del transport p\u00fablic a dos segments poblacionals als quals cal tindre molt en compte, les persones amb rendes baixes i un col\u00b7lectiu important\u00edssim com s\u00f3n els m\u00e9s joves, la majoria dels quals encara no disposen d&#8217;ingressos, per\u00f2 que amb la Targeta Social poden accedir de manera gratu\u00efta al servici d&#8217;autob\u00fas urb\u00e0 municipal. \u00abLes xifres parlen per si soles: en cinc anys 6.000 persones han sol\u00b7licitat la Targeta Social, la qual cosa significa que este govern progressista pensa en les persones m\u00e9s vulnerables i amb necessitats especials per afavorir-les, aix\u00ed que continuem possibilitant que qualsevol persona resident a Alzira que s&#8217;atinga als criteris puga demanar la seua Targeta Social\u00bb.<\/p>\n<p><img fetchpriority=\"high\" decoding=\"async\" width=\"1000\" height=\"756\" class=\" size-full wp-image-52802\" src=\"https:\/\/alzira.es\/wp-content\/uploads\/2020\/12\/tarja-social-bus.jpg\" alt=\"tarja-social-bus\" srcset=\"https:\/\/alzira.es\/wp-content\/uploads\/2020\/12\/tarja-social-bus.jpg 1000w, https:\/\/alzira.es\/wp-content\/uploads\/2020\/12\/tarja-social-bus-680x514.jpg 680w, https:\/\/alzira.es\/wp-content\/uploads\/2020\/12\/tarja-social-bus-768x581.jpg 768w\" sizes=\"(max-width: 706px) 89vw, (max-width: 767px) 82vw, 740px\" \/><\/p>\n<p>&nbsp;<\/p>\n","protected":false},"excerpt":{"rendered":"<p>El nombre d&#8217;usuaris de la Targeta Social actualment ascendix a 5.998 persones. Amb esta acreditaci\u00f3 poden utilitzar el transport urb\u00e0 municipal de manera gratu\u00efta. Esta iniciativa es posa en marxa el novembre del 2015 amb un clar objectiu, afavorir, per un costat, i fomentar, per l&#8217;altre, l&#8217;\u00fas del transport urb\u00e0 entre els joves, per tal &hellip; <\/p>\n<p class=\"link-more\"><a href=\"https:\/\/alzira.es\/es\/tarja-social-bus-2\/\" class=\"more-link\">Continuar leyendo<span class=\"screen-reader-text\"> \u00ab5.998 alzirenys ja utilitzen gratu\u00eftament el transport urb\u00e0 gr\u00e0cies a la Targeta Social\u00bb<\/span><\/a><\/p>\n","protected":false},"author":29,"featured_media":52802,"comment_status":"","ping_status":"","sticky":false,"template":"","format":"standard","meta":{"_acf_changed":false,"footnotes":""},"categories":[],"tags":[],"class_list":["post-52805","post","type-post","status-publish","format-standard","has-post-thumbnail","hentry"],"acf":[],"_links":{"self":[{"href":"https:\/\/alzira.es\/es\/wp-json\/wp\/v2\/posts\/52805","targetHints":{"allow":["GET"]}}],"collection":[{"href":"https:\/\/alzira.es\/es\/wp-json\/wp\/v2\/posts"}],"about":[{"href":"https:\/\/alzira.es\/es\/wp-json\/wp\/v2\/types\/post"}],"author":[{"embeddable":true,"href":"https:\/\/alzira.es\/es\/wp-json\/wp\/v2\/users\/29"}],"replies":[{"embeddable":true,"href":"https:\/\/alzira.es\/es\/wp-json\/wp\/v2\/comments?post=52805"}],"version-history":[{"count":0,"href":"https:\/\/alzira.es\/es\/wp-json\/wp\/v2\/posts\/52805\/revisions"}],"wp:featuredmedia":[{"embeddable":true,"href":"https:\/\/alzira.es\/es\/wp-json\/wp\/v2\/media\/52802"}],"wp:attachment":[{"href":"https:\/\/alzira.es\/es\/wp-json\/wp\/v2\/media?parent=52805"}],"wp:term":[{"taxonomy":"category","embeddable":true,"href":"https:\/\/alzira.es\/es\/wp-json\/wp\/v2\/categories?post=52805"},{"taxonomy":"post_tag","embeddable":true,"href":"https:\/\/alzira.es\/es\/wp-json\/wp\/v2\/tags?post=52805"}],"curies":[{"name":"wp","href":"https:\/\/api.w.org\/{rel}","templated":true}]}}