{"id":52793,"date":"2020-12-02T15:20:22","date_gmt":"2020-12-02T14:20:22","guid":{"rendered":"https:\/\/alzira.es\/alzira-s-il-lumina-de-nadal-este-divendres-2\/"},"modified":"2020-12-02T15:20:22","modified_gmt":"2020-12-02T14:20:22","slug":"alzira-s-il-lumina-de-nadal-este-divendres-2","status":"publish","type":"post","link":"https:\/\/alzira.es\/es\/alzira-s-il-lumina-de-nadal-este-divendres-2\/","title":{"rendered":"Alzira s\u2019il\u2022lumina de Nadal este divendres"},"content":{"rendered":"<h3>\u2022 Pirot\u00e8cnia Crespo disparar\u00e0 focs artificials des de la pla\u00e7a del Regne<\/h3>\n<p>Alzira compta un any m\u00e9s amb les tradicionals llums nadalenques que decoren les principals vies de la ciutat, aix\u00ed com altres zones perif\u00e8riques. L&#8217;encesa oficial ser\u00e0 este divendres 4 de desembre, a les 20 hores a la pla\u00e7a Major.<\/p>\n<p>Esta encesa, estar\u00e0 a c\u00e0rrec, de forma simb\u00f2lica, de les Falleres Majors d&#8217;Alzira Alba Carri\u00f3 Mart\u00ednez i Claudia Dolz Estela, junt a les seues Corts d&#8217;Honor, el President de la JLF i membres de la corporaci\u00f3 municipal.<\/p>\n<p>Vint-i-nou carrers i places compten amb il\u2022luminaci\u00f3, amb m\u00e9s de 120 arcs, cartells lluminosos, cometes, garlandes i tamb\u00e9 postes amb motius nadalencs en l&#8217;Avinguda dels Sants Patrons que substituiran als arcs lluminosos d&#8217;anys anteriors. El canvi ve corroborat per informes t\u00e8cnics que determinaven que per seguretat no \u00e9s possible posar eixe tipus d&#8217;il\u2022luminaci\u00f3. La instal\u2022laci\u00f3 mitjan\u00e7ant els postes, \u00e9s propietat municipal i de cara a l&#8217;any que ve s&#8217;estudiar\u00e0 posar altre tipus de llums.<\/p>\n<p>\u00abLa finalitat de la il\u2022luminaci\u00f3 es promoure i dinamitzar el sector comercial de la ciutat, enguany amb m\u00e9s motiu que mai davant la situaci\u00f3 que travessem derivada de la crisi provocada per la pand\u00e8mia de la Covid-19\u00bb, ha manifestat<strong> Fernando Pascual<\/strong>, regidor de Serveis Urbans de l&#8217;Ajuntament d&#8217;Alzira.<\/p>\n<p>\u00abJa que les activitats associades al Nadal, que venien desenrotllant-se en la via p\u00fablica no van a ser com fins ara, degut a les restriccions sanit\u00e0ries, un anys m\u00e9s anem a comptar amb el color de les llums de Nadal en una gran part de la nostra ciutat\u00bb, ha matisat Pascual.<\/p>\n<p><strong>Focs artificials<\/strong><\/p>\n<p>L&#8217;acte es completar\u00e0 amb una disparada de focs artificials des de la pla\u00e7a del Regne a c\u00e0rrec de la pirot\u00e8cnia Crespo d&#8217;Alzira i patrocinada per la Regidoria de Festes.<br \/>El regidor de Festes,<strong> Xavi P\u00e9rez<\/strong>, ha assenyalat que \u00abdes del primer moment hem fet palesa la import\u00e0ncia que les Falleres Majors d&#8217;Alzira estigueren presents en este acte. Despr\u00e9s que la pand\u00e8mia haja susp\u00e8s totes les celebracions festives de la ciutat, \u00e9s el moment que les nostres representants de la festa fallera siguen protagonistes d&#8217;este simb\u00f2lic acte\u00bb<\/p>\n<p><img fetchpriority=\"high\" decoding=\"async\" class=\" size-full wp-image-52788\" src=\"https:\/\/alzira.es\/wp-content\/uploads\/2020\/12\/WhatsApp_Image_2020-12-02_at_10.43.55.jpeg\" alt=\"WhatsApp Image 2020-12-02 at 10.43.55\" width=\"500\" height=\"375\" srcset=\"https:\/\/alzira.es\/wp-content\/uploads\/2020\/12\/WhatsApp_Image_2020-12-02_at_10.43.55.jpeg 1152w, https:\/\/alzira.es\/wp-content\/uploads\/2020\/12\/WhatsApp_Image_2020-12-02_at_10.43.55-680x510.jpeg 680w, https:\/\/alzira.es\/wp-content\/uploads\/2020\/12\/WhatsApp_Image_2020-12-02_at_10.43.55-768x576.jpeg 768w\" sizes=\"(max-width: 500px) 100vw, 500px\" \/>&nbsp;&nbsp;<img decoding=\"async\" class=\"size-full wp-image-52790 lazyload\" data-src=\"https:\/\/alzira.es\/wp-content\/uploads\/2020\/12\/WhatsApp_Image_2020-12-02_at_10.44.02.jpeg\" alt=\"WhatsApp Image 2020-12-02 at 10.44.02\" width=\"500\" height=\"375\" data-srcset=\"https:\/\/alzira.es\/wp-content\/uploads\/2020\/12\/WhatsApp_Image_2020-12-02_at_10.44.02.jpeg 1152w, https:\/\/alzira.es\/wp-content\/uploads\/2020\/12\/WhatsApp_Image_2020-12-02_at_10.44.02-680x510.jpeg 680w, https:\/\/alzira.es\/wp-content\/uploads\/2020\/12\/WhatsApp_Image_2020-12-02_at_10.44.02-768x576.jpeg 768w\" data-sizes=\"(max-width: 500px) 100vw, 500px\" src=\"data:image\/svg+xml;base64,PHN2ZyB3aWR0aD0iMSIgaGVpZ2h0PSIxIiB4bWxucz0iaHR0cDovL3d3dy53My5vcmcvMjAwMC9zdmciPjwvc3ZnPg==\" style=\"--smush-placeholder-width: 500px; --smush-placeholder-aspect-ratio: 500\/375;\" \/><\/p>\n","protected":false},"excerpt":{"rendered":"<p>\u2022 Pirot\u00e8cnia Crespo disparar\u00e0 focs artificials des de la pla\u00e7a del Regne Alzira compta un any m\u00e9s amb les tradicionals llums nadalenques que decoren les principals vies de la ciutat, aix\u00ed com altres zones perif\u00e8riques. L&#8217;encesa oficial ser\u00e0 este divendres 4 de desembre, a les 20 hores a la pla\u00e7a Major. Esta encesa, estar\u00e0 a &hellip; <\/p>\n<p class=\"link-more\"><a href=\"https:\/\/alzira.es\/es\/alzira-s-il-lumina-de-nadal-este-divendres-2\/\" class=\"more-link\">Continuar leyendo<span class=\"screen-reader-text\"> \u00abAlzira s\u2019il\u2022lumina de Nadal este divendres\u00bb<\/span><\/a><\/p>\n","protected":false},"author":29,"featured_media":52788,"comment_status":"","ping_status":"","sticky":false,"template":"","format":"standard","meta":{"_acf_changed":false,"footnotes":""},"categories":[],"tags":[],"class_list":["post-52793","post","type-post","status-publish","format-standard","has-post-thumbnail","hentry"],"acf":[],"_links":{"self":[{"href":"https:\/\/alzira.es\/es\/wp-json\/wp\/v2\/posts\/52793","targetHints":{"allow":["GET"]}}],"collection":[{"href":"https:\/\/alzira.es\/es\/wp-json\/wp\/v2\/posts"}],"about":[{"href":"https:\/\/alzira.es\/es\/wp-json\/wp\/v2\/types\/post"}],"author":[{"embeddable":true,"href":"https:\/\/alzira.es\/es\/wp-json\/wp\/v2\/users\/29"}],"replies":[{"embeddable":true,"href":"https:\/\/alzira.es\/es\/wp-json\/wp\/v2\/comments?post=52793"}],"version-history":[{"count":0,"href":"https:\/\/alzira.es\/es\/wp-json\/wp\/v2\/posts\/52793\/revisions"}],"wp:featuredmedia":[{"embeddable":true,"href":"https:\/\/alzira.es\/es\/wp-json\/wp\/v2\/media\/52788"}],"wp:attachment":[{"href":"https:\/\/alzira.es\/es\/wp-json\/wp\/v2\/media?parent=52793"}],"wp:term":[{"taxonomy":"category","embeddable":true,"href":"https:\/\/alzira.es\/es\/wp-json\/wp\/v2\/categories?post=52793"},{"taxonomy":"post_tag","embeddable":true,"href":"https:\/\/alzira.es\/es\/wp-json\/wp\/v2\/tags?post=52793"}],"curies":[{"name":"wp","href":"https:\/\/api.w.org\/{rel}","templated":true}]}}