{"id":52792,"date":"2020-12-02T15:20:22","date_gmt":"2020-12-02T14:20:22","guid":{"rendered":"https:\/\/alzira.es\/alzira-s-il-lumina-de-nadal-este-divendres\/"},"modified":"2020-12-02T15:20:22","modified_gmt":"2020-12-02T14:20:22","slug":"alzira-s-il-lumina-de-nadal-este-divendres","status":"publish","type":"post","link":"https:\/\/alzira.es\/es\/alzira-s-il-lumina-de-nadal-este-divendres\/","title":{"rendered":"Alzira se ilumina de Navidad este viernes"},"content":{"rendered":"<h3>\u2022 Pirotecnia Crespo disparar\u00e1 fuegos artificiales desde la plaza del Reino<\/h3>\n<p>Alzira cuenta un a\u00f1o m\u00e1s con las tradicionales luces navide\u00f1as que decoran las principales v\u00edas de la ciudad, as\u00ed como otras zonas perif\u00e9ricas. El encendido oficial ser\u00e1 este viernes 4 de diciembre, a las 20 horas en la plaza Mayor.<\/p>\n<p>Este encendido, estar\u00e1 a cargo, de forma simb\u00f3lica, de las Falleras Mayores de Alzira Alba Carri\u00f3 Mart\u00ednez i Claudia Dolz Estela, junto a su Corte de Honor, el Presidente de la JLF y miembros de la corporaci\u00f3n municipal.<\/p>\n<p>Veintinueve calles y plazas cuentan con iluminaci\u00f3n, con m\u00e1s de 120 arcos, carteles luminosos, cometas, espumillones y tambi\u00e9n puestas con motivos navide\u00f1os en la Avenida de los Santos Patronos que sustituir\u00e1n a los arcos luminosos de a\u00f1os anteriores. El cambio viene corroborado por informes t\u00e9cnicos que determinaban que por seguridad no es posible poner ese tipo de iluminaci\u00f3n. La instalaci\u00f3n mediante los postes, es propiedad municipal y de cara en el a\u00f1o que viene se estudiar\u00e1 posar otro tipo de luces.<\/p>\n<p>\u00abLa finalidad de la iluminaci\u00f3n es promover y dinamizar el sector comercial de la ciudad, este a\u00f1o con m\u00e1s motivo que nunca ante la situaci\u00f3n que atravesamos derivada de la crisis provocada por la pandemia de la Covid-19\u00bb, ha manifestado <strong>Fernando Pascual<\/strong>, regidor de Servicios Urbanos del Ayuntamiento de Alzira.<\/p>\n<p>\u00abPuesto que las actividades asociadas a la Navidad, que ven\u00edan desenroll\u00e1ndose en la v\u00eda p\u00fablica no van a ser c\u00f3mo hasta ahora, debido a las restricciones sanitarias, un a\u00f1o m\u00e1s vamos a contar con el color de las luces de Navidad en una gran parte de nuestra ciudad\u00bb, ha matizado Pascual.<\/p>\n<p><strong>Fuegos artificiales<\/strong><\/p>\n<p>El acto se completar\u00e1 con una disparada de fuegos artificiales desde la plaza del Reino a cargo de la pirotecnia Crespo de Alzira y patrocinada por la Concejal\u00eda de Fiestas.<br \/>El regidor de Fiestas,<strong> Xavi P\u00e9rez<\/strong>, ha se\u00f1alado que \u00abdesde el primer momento hemos patentizacido la importancia de que las Falleras Mayores de Alzira estuvieran presentes en este acto. Despu\u00e9s de que la pandemia haya suspendido todas las celebraciones festivas de la ciudad, es el momento que nuestras representantes de la fiesta fallera sean protagonistas de este simb\u00f3lico acto\u00bb<\/p>\n<p><img fetchpriority=\"high\" decoding=\"async\" class=\" size-full wp-image-52788\" src=\"https:\/\/alzira.es\/wp-content\/uploads\/2020\/12\/WhatsApp_Image_2020-12-02_at_10.43.55.jpeg\" alt=\"WhatsApp Image 2020-12-02 at 10.43.55\" width=\"500\" height=\"375\" srcset=\"https:\/\/alzira.es\/wp-content\/uploads\/2020\/12\/WhatsApp_Image_2020-12-02_at_10.43.55.jpeg 1152w, https:\/\/alzira.es\/wp-content\/uploads\/2020\/12\/WhatsApp_Image_2020-12-02_at_10.43.55-680x510.jpeg 680w, https:\/\/alzira.es\/wp-content\/uploads\/2020\/12\/WhatsApp_Image_2020-12-02_at_10.43.55-768x576.jpeg 768w\" sizes=\"(max-width: 500px) 100vw, 500px\" \/>&nbsp;&nbsp;<img decoding=\"async\" class=\"size-full wp-image-52790 lazyload\" data-src=\"https:\/\/alzira.es\/wp-content\/uploads\/2020\/12\/WhatsApp_Image_2020-12-02_at_10.44.02.jpeg\" alt=\"WhatsApp Image 2020-12-02 at 10.44.02\" width=\"500\" height=\"375\" data-srcset=\"https:\/\/alzira.es\/wp-content\/uploads\/2020\/12\/WhatsApp_Image_2020-12-02_at_10.44.02.jpeg 1152w, https:\/\/alzira.es\/wp-content\/uploads\/2020\/12\/WhatsApp_Image_2020-12-02_at_10.44.02-680x510.jpeg 680w, https:\/\/alzira.es\/wp-content\/uploads\/2020\/12\/WhatsApp_Image_2020-12-02_at_10.44.02-768x576.jpeg 768w\" data-sizes=\"(max-width: 500px) 100vw, 500px\" src=\"data:image\/svg+xml;base64,PHN2ZyB3aWR0aD0iMSIgaGVpZ2h0PSIxIiB4bWxucz0iaHR0cDovL3d3dy53My5vcmcvMjAwMC9zdmciPjwvc3ZnPg==\" style=\"--smush-placeholder-width: 500px; --smush-placeholder-aspect-ratio: 500\/375;\" \/><\/p>\n","protected":false},"excerpt":{"rendered":"<p>\u2022 Pirotecnia Crespo disparar\u00e1 fuegos artificiales desde la plaza del Reino Alzira cuenta un a\u00f1o m\u00e1s con las tradicionales luces navide\u00f1as que decoran las principales v\u00edas de la ciudad, as\u00ed como otras zonas perif\u00e9ricas. El encendido oficial ser\u00e1 este viernes 4 de diciembre, a las 20 horas en la plaza Mayor. Este encendido, estar\u00e1 a &hellip; <\/p>\n<p class=\"link-more\"><a href=\"https:\/\/alzira.es\/es\/alzira-s-il-lumina-de-nadal-este-divendres\/\" class=\"more-link\">Continuar leyendo<span class=\"screen-reader-text\"> \u00abAlzira se ilumina de Navidad este viernes\u00bb<\/span><\/a><\/p>\n","protected":false},"author":29,"featured_media":52788,"comment_status":"","ping_status":"","sticky":false,"template":"","format":"standard","meta":{"_acf_changed":false,"footnotes":""},"categories":[4936],"tags":[],"class_list":["post-52792","post","type-post","status-publish","format-standard","has-post-thumbnail","hentry","category-hemeroteca-es"],"acf":[],"_links":{"self":[{"href":"https:\/\/alzira.es\/es\/wp-json\/wp\/v2\/posts\/52792","targetHints":{"allow":["GET"]}}],"collection":[{"href":"https:\/\/alzira.es\/es\/wp-json\/wp\/v2\/posts"}],"about":[{"href":"https:\/\/alzira.es\/es\/wp-json\/wp\/v2\/types\/post"}],"author":[{"embeddable":true,"href":"https:\/\/alzira.es\/es\/wp-json\/wp\/v2\/users\/29"}],"replies":[{"embeddable":true,"href":"https:\/\/alzira.es\/es\/wp-json\/wp\/v2\/comments?post=52792"}],"version-history":[{"count":0,"href":"https:\/\/alzira.es\/es\/wp-json\/wp\/v2\/posts\/52792\/revisions"}],"wp:featuredmedia":[{"embeddable":true,"href":"https:\/\/alzira.es\/es\/wp-json\/wp\/v2\/media\/52788"}],"wp:attachment":[{"href":"https:\/\/alzira.es\/es\/wp-json\/wp\/v2\/media?parent=52792"}],"wp:term":[{"taxonomy":"category","embeddable":true,"href":"https:\/\/alzira.es\/es\/wp-json\/wp\/v2\/categories?post=52792"},{"taxonomy":"post_tag","embeddable":true,"href":"https:\/\/alzira.es\/es\/wp-json\/wp\/v2\/tags?post=52792"}],"curies":[{"name":"wp","href":"https:\/\/api.w.org\/{rel}","templated":true}]}}