{"id":52787,"date":"2020-12-02T15:12:11","date_gmt":"2020-12-02T14:12:11","guid":{"rendered":"https:\/\/alzira.es\/el-forum-connecta-labora-de-alzira-ofrece-50-ofertas-de-trabajo-y-talleres-para-la-busqueda-de-empleo-2\/"},"modified":"2020-12-02T15:12:11","modified_gmt":"2020-12-02T14:12:11","slug":"el-forum-connecta-labora-de-alzira-ofrece-50-ofertas-de-trabajo-y-talleres-para-la-busqueda-de-empleo-2","status":"publish","type":"post","link":"https:\/\/alzira.es\/es\/el-forum-connecta-labora-de-alzira-ofrece-50-ofertas-de-trabajo-y-talleres-para-la-busqueda-de-empleo-2\/","title":{"rendered":"El F\u00f2rum Connecta Labora d&#8217;Alzira ofereix 50 ofertes de treball i tallers per a la cerca d&#8217;ocupaci\u00f3"},"content":{"rendered":"<h3><em>\u2022 Tindr\u00e0 lloc en el <strong>divendres 4<\/strong> de desembre a la Casa de la Cultura<\/em><br \/><em>\u2022 Les persones inscrites podran accedir a tallers on podran aprendre a elaborar curr\u00edculums o fer entrevistes<\/em><\/h3>\n<p>La Casa de la Cultura d&#8217;Alzira acollir\u00e0 aquest pr\u00f2xim divendres 4 de desembre el F\u00f2rum Connecta Labora, un espai on les persones desocupades podran postular-se al voltant de 50 ofertes de treball i realitzar tallers d&#8217;orientaci\u00f3 on aprendre a fer entrevistes o curr\u00edculums.<\/p>\n<p>Fins al moment, el F\u00f2rum Connecta Labora d&#8217;Alzira compta amb m\u00e9s de 300 persones inscrites que podran assistir presencialment a algun dels 10 tallers i sessions, com s\u00f3n els tallers d&#8217;orientaci\u00f3 laboral i ocupabilitat, cerca d&#8217;ocupaci\u00f3 per Internet, com elaborar un curr\u00edculum o simulaci\u00f3 d&#8217;entrevistes de treball, entre altres.<\/p>\n<p>En total, 10 empreses assistiran a l&#8217;esdeveniment per a buscar personal: Eurofirms, Associaci\u00f3 INSERIDA Ocupaci\u00f3, Grup SIFU, Mart\u00ednez i Associats, Iriparoprink, Blat Market. British School, Decathlon, Ilunion i Juan Motilla.<\/p>\n<p>Cal recordar que tant per a optar a les entrevistes de treball, com per a poder assistir als tallers, \u00e9s necessari la inscripci\u00f3 pr\u00e8via a trav\u00e9s de la p\u00e0gina web: <a href=\"https:\/\/www.connectalabora.com\/\" rel=\"nofollow noopener\" target=\"_blank\">https:\/\/www.connectalabora.com\/<\/a>.<\/p>\n<p>El f\u00f2rum ser\u00e0 inaugurat a les 9.00 del mat\u00ed pel secretari auton\u00f2mic, <strong>Enric Nomded\u00e9u<\/strong> i l&#8217;alcalde d&#8217;Alzira, <strong>Diego G\u00f3mez<\/strong>. En la inauguraci\u00f3 participaran tamb\u00e9 el president del Consorci de la Ribera,<strong> Pater<\/strong> (Pacte Territorial per a l&#8217;Ocupaci\u00f3 en la Ribera), <strong>Oscar Navarro<\/strong>, el secretari general de CCOO Intercomarcal de la Ribera-La Safor, <strong>Josep Antoni Carrascosa<\/strong>, i el secretari comarcal de l&#8217;\u00e0rea interna d&#8217;UGT-PV,<strong> Pepe Esteve<\/strong>.<\/p>\n<p>L&#8217;acte es realitzar\u00e0 en un format semipresencial per a garantir la seguretat de les persones assistents a l&#8217;esdeveniment, a m\u00e9s de donar servei a tots aquells ciutadans que desitgen realitzar una entrevista de treball, participar en un taller d&#8217;ocupaci\u00f3 o resoldre els seus dubtes sobre els serveis que ofereix Labora en un sol clic i sense eixir de casa.<\/p>\n<p>Aquest F\u00f2rum Connecta Labora s&#8217;ha organitzat en col\u00b7laboraci\u00f3 amb el Pacte Territorial per a l&#8217;Ocupaci\u00f3 en la Ribera.<\/p>\n<p>El Servei Valenci\u00e0 d&#8217;Ocupaci\u00f3 i Formaci\u00f3, LABORA i la Conselleria d&#8217;Economia Sostenible han repr\u00e9s els F\u00f2rums Connecta LABORA amb un model semipresencial per tota la Comunitat Valenciana per a facilitar a la ciutadania la cerca de treball i fer m\u00e9s pr\u00f2xims els serveis d&#8217;ocupaci\u00f3 que ofereix l&#8217;administraci\u00f3 p\u00fablica.<\/p>\n<p>Les sessions consistiran en webinarios que s&#8217;emetran mitjan\u00e7ant la plataforma Zoom. Algunes d&#8217;elles seran: la presentaci\u00f3 dels serveis de LABORA, una sessi\u00f3 sobre formaci\u00f3 i tallers relacionats amb la cerca d&#8217;ocupaci\u00f3. Els enregistraments permetran l&#8217;acc\u00e9s dels participants a una s\u00e8rie de v\u00eddeos que podran visualitzar quan ells trien. Finalment, els f\u00f2rums consistiran a posar en contacte als participants amb el personal de LABORA per a la resoluci\u00f3 de dubtes o assessorament.<\/p>\n<p>A m\u00e9s del f\u00f2rum d&#8217;Alzira, la trobada se celebrar\u00e0 en altres tres localitats abans de la finalitzaci\u00f3 de l&#8217;any 2020 a Sagunt (10 de desembre) i Castell\u00f3 de la Plana (18 de desembre). Els esdeveniments continuaran realitzant-se en altres municipis durant els primers mesos de l&#8217;any 2021.<\/p>\n<p>El projecte #ConnectaLABORA naix de la necessitat d&#8217;intercanviar opinions i experi\u00e8ncies sobre les necessitats del mercat de treball en la Comunitat Valenciana i el seu prop\u00f2sit \u00e9s contribuir a la millora de les pol\u00edtiques d&#8217;ocupaci\u00f3. Els f\u00f2rums reprenen la seua activitat sense perdre de vista els tres objectius principals d&#8217;aquesta iniciativa: divulgar els serveis, prestacions i pol\u00edtiques de LABORA, acostar i posar en contacte a les persones amb empreses i finalment, dotar d&#8217;estrat\u00e8gies als participants per a millorar la seua ocupabilitat.<\/p>\n<p>S&#8217;han habilitat diferents zones en els F\u00f2rums Connecta LABORA per a garantir la seguretat de tots els participants. S&#8217;han dissenyat cinc zones, la zona entrevistes, els tallers de formaci\u00f3, la zona de simulaci\u00f3 d&#8217;entrevistes de treball, la zona aula TIC i un set d&#8217;enregistrament de videocurr\u00edculums. Totes les zones s&#8217;han dissenyat per a garantir 1,5 metres de separaci\u00f3 entre participants i la instal\u00b7laci\u00f3 de mampares per a protegir a totes les persones de la COVID-19.<\/p>\n<p><strong>Zona d&#8217;entrevistes<\/strong><\/p>\n<p>Aquests espais comptaran amb mampares de seguretat, gel hidroalcoh\u00f3lico en cada taula i neteja del mobiliari en finalitzar l&#8217;entrevista de cada usuari. Aquestes entrevistes es realitzaran amb cita pr\u00e8via per a evitar les aglomeracions. Tamb\u00e9 existir\u00e0 un taulell que oferir\u00e0 assessorament laboral amb la finalitat d&#8217;ajudar els participants a preparar la seua entrevista i triar les ofertes que m\u00e9s s&#8217;adapten al seu perfil professional. Finalment, les entrevistes de treball estaran complementades amb entrevistes de treball virtuals. D&#8217;aquesta manera, aquells usuaris o empreses participants que no puguen acudir als F\u00f2rums Connecta LABORA puguen participar en aquestes.<\/p>\n<p><strong>F\u00f2rum virtual<\/strong><\/p>\n<p>Garantint les mesures de seguretat i amb l&#8217;objectiu d&#8217;oferir els F\u00f2rums Connecta LABORA al major nombre de persones possibles, s&#8217;ha dissenyat un esdeveniment virtual per a evitar aglomeracions i afavorir les entrevistes entre participants i t\u00e8cnics de LABORA. A trav\u00e9s d&#8217;un webinario, un presentador dinamitzar\u00e0 les intervencions i introduir\u00e0 les preguntes dels espectadors.<\/p>\n<p><img fetchpriority=\"high\" decoding=\"async\" class=\" size-full wp-image-52784\" style=\"display: block; margin-left: auto; margin-right: auto;\" src=\"https:\/\/alzira.es\/wp-content\/uploads\/2020\/12\/val-programaalzirapdf-1606765414_Pagina_1.jpg\" alt=\"val-programaalzirapdf-1606765414 P\u00e1gina 1\" width=\"500\" height=\"705\" \/><\/p>\n","protected":false},"excerpt":{"rendered":"<p>\u2022 Tindr\u00e0 lloc en el divendres 4 de desembre a la Casa de la Cultura\u2022 Les persones inscrites podran accedir a tallers on podran aprendre a elaborar curr\u00edculums o fer entrevistes La Casa de la Cultura d&#8217;Alzira acollir\u00e0 aquest pr\u00f2xim divendres 4 de desembre el F\u00f2rum Connecta Labora, un espai on les persones desocupades podran &hellip; <\/p>\n<p class=\"link-more\"><a href=\"https:\/\/alzira.es\/es\/el-forum-connecta-labora-de-alzira-ofrece-50-ofertas-de-trabajo-y-talleres-para-la-busqueda-de-empleo-2\/\" class=\"more-link\">Continuar leyendo<span class=\"screen-reader-text\"> \u00abEl F\u00f2rum Connecta Labora d&#8217;Alzira ofereix 50 ofertes de treball i tallers per a la cerca d&#8217;ocupaci\u00f3\u00bb<\/span><\/a><\/p>\n","protected":false},"author":29,"featured_media":52784,"comment_status":"","ping_status":"","sticky":false,"template":"","format":"standard","meta":{"_acf_changed":false,"footnotes":""},"categories":[],"tags":[],"class_list":["post-52787","post","type-post","status-publish","format-standard","has-post-thumbnail","hentry"],"acf":[],"_links":{"self":[{"href":"https:\/\/alzira.es\/es\/wp-json\/wp\/v2\/posts\/52787","targetHints":{"allow":["GET"]}}],"collection":[{"href":"https:\/\/alzira.es\/es\/wp-json\/wp\/v2\/posts"}],"about":[{"href":"https:\/\/alzira.es\/es\/wp-json\/wp\/v2\/types\/post"}],"author":[{"embeddable":true,"href":"https:\/\/alzira.es\/es\/wp-json\/wp\/v2\/users\/29"}],"replies":[{"embeddable":true,"href":"https:\/\/alzira.es\/es\/wp-json\/wp\/v2\/comments?post=52787"}],"version-history":[{"count":0,"href":"https:\/\/alzira.es\/es\/wp-json\/wp\/v2\/posts\/52787\/revisions"}],"wp:featuredmedia":[{"embeddable":true,"href":"https:\/\/alzira.es\/es\/wp-json\/wp\/v2\/media\/52784"}],"wp:attachment":[{"href":"https:\/\/alzira.es\/es\/wp-json\/wp\/v2\/media?parent=52787"}],"wp:term":[{"taxonomy":"category","embeddable":true,"href":"https:\/\/alzira.es\/es\/wp-json\/wp\/v2\/categories?post=52787"},{"taxonomy":"post_tag","embeddable":true,"href":"https:\/\/alzira.es\/es\/wp-json\/wp\/v2\/tags?post=52787"}],"curies":[{"name":"wp","href":"https:\/\/api.w.org\/{rel}","templated":true}]}}