{"id":52783,"date":"2020-12-02T14:59:32","date_gmt":"2020-12-02T13:59:32","guid":{"rendered":"https:\/\/alzira.es\/la-universitat-estacional-d-alzira-analitza-aquest-divendres-les-mites-i-realitats-de-l-impacte-mediambiental-del-confinament-2\/"},"modified":"2020-12-02T14:59:32","modified_gmt":"2020-12-02T13:59:32","slug":"la-universitat-estacional-d-alzira-analitza-aquest-divendres-les-mites-i-realitats-de-l-impacte-mediambiental-del-confinament-2","status":"publish","type":"post","link":"https:\/\/alzira.es\/es\/la-universitat-estacional-d-alzira-analitza-aquest-divendres-les-mites-i-realitats-de-l-impacte-mediambiental-del-confinament-2\/","title":{"rendered":"La Universitat Estacional d&#8217;Alzira analitza aquest divendres les mites i realitats de l&#8217;impacte mediambiental del confinament"},"content":{"rendered":"<h3>La Universitat Estacional d&#8217;Alzira debat aquest divendres sobre &#8216;El medi ambient valenci\u00e0. Efectes del confinament per la COVID-19 sobre el medi ambient: mites, exageracions i realitats&#8217;, donant continu\u00eftat a la intensa programaci\u00f3 d&#8217;aquesta iniciativa de la Universitat de Val\u00e8ncia, que enguany, 2020, compleix el repte de celebrar 20 sessions i ja \u00e9s present en tot el territori.<\/h3>\n<p>La Universitat Estacional d&#8217;Alzira sotmet a debat durant el mat\u00ed d&#8217;aquest divendres el tema &#8216;El medi ambient valenci\u00e0. Efectes del confinament per la COVID-19 sobre el medi ambient: mites, exageracions i realitats&#8217;, donant continu\u00eftat a aquesta iniciativa de la Universitat de Val\u00e8ncia (UV).<\/p>\n<p>El programa d&#8217;Universitats Estacionals -impulsat per la UV, a trav\u00e9s del Vicerectorat de Projecci\u00f3 Territorial i Societat, en el seu comprom\u00eds amb el territori i la societat valenciana i organitzat amb els ajuntaments, amb la col\u2022laboraci\u00f3 de la Diputaci\u00f3 de Val\u00e8ncia i Caixa Popular-, ja \u00e9s present en totes les comarques, tant de l&#8217;interior com del litoral.<\/p>\n<p>El seu objectiu \u00e9s promoure la difusi\u00f3 del coneixement i el debat entorn d&#8217;un tema monogr\u00e0fic vinculat a la singularitat de cada territori, tenint en compte la seua particular idiosincr\u00e0sia, hist\u00f2ria i cultura, sota la coordinaci\u00f3 d&#8217;un especialista en la mat\u00e8ria.<\/p>\n<p>En aquest excepcional any 2020 s&#8217;ha aconseguit mantindre el repte inicial de celebrar 20 Universitats Estacionals -denominaci\u00f3 que fa refer\u00e8ncia a la seua celebraci\u00f3 en una de les quatre estacions de l&#8217;any-, malgrat les restriccions i dificultats generades pel COVID-19, que ha provocat que quasi totes s&#8217;hagen concentrant a la tardor, en celebrar les seues sessions en tan sols dos mesos, entre mediats d&#8217;octubre i mediats de desembre. Per primera vegada enguany, a m\u00e9s, les Universitats Estacionals s&#8217;han agrupat entorn de quatre \u00e0rees tem\u00e0tiques: &#8216;Patrimoni Hist\u00f2ric i Cultural&#8217;; &#8216;Innovaci\u00f3 Territorial&#8217;; &#8216;Educaci\u00f3 i Benestar Social&#8217;; i &#8216;Biodiversitat i Paisatge&#8217;.<\/p>\n<p>Les jornades, gratu\u00eftes i obertes al p\u00fablic en general, se celebren enguany complint totes les mesures de seguretat anti-COVID i amb la particularitat que tenen un car\u00e0cter semipresencial, precisament per les limitacions imposades per la crisi sanit\u00e0ria el que, lluny de constituir un obstacle, s&#8217;ha convertit en una oportunitat, en oferir l&#8217;alternativa d&#8217;assist\u00e8ncia de manera telem\u00e0tica, seguint les sessions per streaming, a trav\u00e9s d&#8217;un enlla\u00e7 (<a href=\"http:\/\/mediauniweb.uv.es\/universitatestacional\/?tag=universitatestacional\" rel=\"nofollow noopener\" target=\"_blank\">mediauniweb.uv.es\/universitatestacional<\/a>). La UV facilita les inscripcions a trav\u00e9s de la web (<a href=\"https:\/\/www.uv.es\/uvweb\/vicerectorat-participacio-projeccio-territorial\/ca\/vicerectorat-participacio-projeccio-territorial-1285875118019.html\" rel=\"nofollow noopener\" target=\"_blank\">http:\/\/projeccio.uv.es<\/a>) i proporcionar\u00e0 el corresponent certificat d&#8217;assist\u00e8ncia per als qui ho facen tant de manera presencial com en l\u00ednia.<\/p>\n<p><strong>Universitat Estacional d&#8217;Alzira (UEA)<\/strong><\/p>\n<p>La Universitat Estacional d&#8217;Alzira, celebrar\u00e0 la que ja \u00e9s la seua cinquena edici\u00f3 i s&#8217;emmarca en l&#8217;\u00e0rea de &#8216;Biodiversitat i Paisatge&#8217;, en el Centre de Formaci\u00f3 de Persones Adultes &#8216;Enric Valor&#8217;, al llarg del mat\u00ed d&#8217;aquest divendres, 4 de desembre.<\/p>\n<p>Enguany s&#8217;analitzaran els efectes que el confinament, sobretot, la reducci\u00f3 en la mobilitat i la producci\u00f3 industrial, han provocat en el medi ambient, amb la perspectiva que ofereix el temps transcorregut des de la declaraci\u00f3 de la pand\u00e8mia, el mes de mar\u00e7.<\/p>\n<p>La inauguraci\u00f3, a les 9:30 h, ser\u00e0 a c\u00e0rrec de l&#8217;alcalde d&#8217;Alzira, <strong>Diego E. G\u00f3mez Garc\u00eda<\/strong>; el vicerector de Projecci\u00f3 Territorial i Societat, <strong>Jorge Hermosilla Pla<\/strong>; el coordinador de la UEA, <strong>Emilio Barba Campos<\/strong>; i representants de la Diputaci\u00f3 de Val\u00e9ncia i Caixa Popular.<\/p>\n<p>Tres confer\u00e8ncies abordaran diversos aspectes del tema central de la Universitat Estacional d&#8217;Alzira enguany. Jos\u00e9 Antonio Sobrino Rodr\u00edguez, catedr\u00e0tic del Departament de F\u00edsica de la Terra i Termodin\u00e0mica de la UV i Premi Rei Jaume I de Protecci\u00f3 del Medi Ambient 2019, parlar\u00e0 sobre el &#8216;Impacte de la COVID-19 des de l&#8217;espai&#8217;; Antonio Camacho Gonz\u00e1lez, catedr\u00e0tic d&#8217;Ecologia de la UV i membre de l&#8217;Institut Cavanilles de Biodiversitat i Biologia Evolutiva de la UV, sobre &#8216;Qu\u00e8 hi ha darrere d&#8217;una pand\u00e8mia i dels efectes del confinament sobre la naturalesa? Una visi\u00f3 des de l&#8217;Ecologia&#8217;; i Juan Jim\u00e9nez P\u00e9rez, de la Conselleria d&#8217;Agricultura, Desenvolupament Rural, Emerg\u00e8ncia Clim\u00e0tica i Transici\u00f3 Ecol\u00f2gica de la Generalitat Valenciana, sobre &#8216;Efectes de la pand\u00e8mia sobre la biodiversitat a la Comunitat Valenciana. N&#8217;hi ha prou amb quedar-se a casa perqu\u00e8 es recuperen les esp\u00e8cies silvestres?&#8217;<\/p>\n<p><strong>Una interessant i intensa activitat fins a final d&#8217;any<\/strong><\/p>\n<p>La programaci\u00f3 d&#8217;Universitats Estacionals tindr\u00e0 la seua continu\u00eftat amb la Universitat Estacional d&#8217;Ayora, sobre &#8216;La cultura de la mel: passat, present i futur&#8217;, el 10 de desembre; la Universitat Estacional de Ll\u00edria, sobre &#8216;La m\u00fasica com a instrument educatiu interdisciplinari&#8217;, l&#8217;11 de desembre; la Universitat Estacional del Rac\u00f3 d&#8217;Ademuz, sobre &#8216;Planificaci\u00f3 i gesti\u00f3 del paisatge i el territori, desenvolupament local i benestar&#8217;, el 16 de desembre; i la Universitat Estacional d&#8217;Alt T\u00faria sobre &#8216;Nova reserva de la biosfera de l&#8217;Alt T\u00faria: Oportunitats i desafiaments&#8217;, el 18 de desembre.<\/p>\n<p><strong>Les Universitats Estacionals per \u00e0rees tem\u00e0tiques<\/strong><\/p>\n<p>Les Universitats Estacionals que se centren en temes sobre &#8216;Patrimoni Hist\u00f2ric i Cultural&#8217; s\u00f3n Cullera, Bu\u00f1ol, Ll\u00edria, Sagunt (edici\u00f3 d&#8217;estiu), Canal de Navarr\u00e9s i X\u00e0tiva. En temes de &#8216;Innovaci\u00f3 Territorial&#8217;, les Universitats Estacionals d&#8217;Alaqu\u00e0s, Aras de los Olmos, l&#8217;Eliana, Enguera i Ayora. En &#8216;Educaci\u00f3 i Benestar Social&#8217;, les Universitats Estacionals de Sagunt (edici\u00f3 de primavera), Ontinyent i Oliva. I, en &#8216;Biodiversitat i Paisatge&#8217;, Alt T\u00faria, Alzira i Rinc\u00f3n d&#8217;Ademuz.<\/p>\n<p><img fetchpriority=\"high\" decoding=\"async\" class=\" size-full wp-image-52780\" style=\"display: block; margin-left: auto; margin-right: auto;\" src=\"https:\/\/alzira.es\/wp-content\/uploads\/2020\/12\/Alzira_FOTO.jpg\" alt=\"Alzira FOTO\" width=\"500\" height=\"351\" srcset=\"https:\/\/alzira.es\/wp-content\/uploads\/2020\/12\/Alzira_FOTO.jpg 1109w, https:\/\/alzira.es\/wp-content\/uploads\/2020\/12\/Alzira_FOTO-680x477.jpg 680w, https:\/\/alzira.es\/wp-content\/uploads\/2020\/12\/Alzira_FOTO-768x539.jpg 768w\" sizes=\"(max-width: 500px) 100vw, 500px\" \/><\/p>\n","protected":false},"excerpt":{"rendered":"<p>La Universitat Estacional d&#8217;Alzira debat aquest divendres sobre &#8216;El medi ambient valenci\u00e0. Efectes del confinament per la COVID-19 sobre el medi ambient: mites, exageracions i realitats&#8217;, donant continu\u00eftat a la intensa programaci\u00f3 d&#8217;aquesta iniciativa de la Universitat de Val\u00e8ncia, que enguany, 2020, compleix el repte de celebrar 20 sessions i ja \u00e9s present en tot &hellip; <\/p>\n<p class=\"link-more\"><a href=\"https:\/\/alzira.es\/es\/la-universitat-estacional-d-alzira-analitza-aquest-divendres-les-mites-i-realitats-de-l-impacte-mediambiental-del-confinament-2\/\" class=\"more-link\">Continuar leyendo<span class=\"screen-reader-text\"> \u00abLa Universitat Estacional d&#8217;Alzira analitza aquest divendres les mites i realitats de l&#8217;impacte mediambiental del confinament\u00bb<\/span><\/a><\/p>\n","protected":false},"author":29,"featured_media":52780,"comment_status":"","ping_status":"","sticky":false,"template":"","format":"standard","meta":{"_acf_changed":false,"footnotes":""},"categories":[],"tags":[],"class_list":["post-52783","post","type-post","status-publish","format-standard","has-post-thumbnail","hentry"],"acf":[],"_links":{"self":[{"href":"https:\/\/alzira.es\/es\/wp-json\/wp\/v2\/posts\/52783","targetHints":{"allow":["GET"]}}],"collection":[{"href":"https:\/\/alzira.es\/es\/wp-json\/wp\/v2\/posts"}],"about":[{"href":"https:\/\/alzira.es\/es\/wp-json\/wp\/v2\/types\/post"}],"author":[{"embeddable":true,"href":"https:\/\/alzira.es\/es\/wp-json\/wp\/v2\/users\/29"}],"replies":[{"embeddable":true,"href":"https:\/\/alzira.es\/es\/wp-json\/wp\/v2\/comments?post=52783"}],"version-history":[{"count":0,"href":"https:\/\/alzira.es\/es\/wp-json\/wp\/v2\/posts\/52783\/revisions"}],"wp:featuredmedia":[{"embeddable":true,"href":"https:\/\/alzira.es\/es\/wp-json\/wp\/v2\/media\/52780"}],"wp:attachment":[{"href":"https:\/\/alzira.es\/es\/wp-json\/wp\/v2\/media?parent=52783"}],"wp:term":[{"taxonomy":"category","embeddable":true,"href":"https:\/\/alzira.es\/es\/wp-json\/wp\/v2\/categories?post=52783"},{"taxonomy":"post_tag","embeddable":true,"href":"https:\/\/alzira.es\/es\/wp-json\/wp\/v2\/tags?post=52783"}],"curies":[{"name":"wp","href":"https:\/\/api.w.org\/{rel}","templated":true}]}}