{"id":52782,"date":"2020-12-02T14:59:32","date_gmt":"2020-12-02T13:59:32","guid":{"rendered":"https:\/\/alzira.es\/la-universitat-estacional-d-alzira-analitza-aquest-divendres-les-mites-i-realitats-de-l-impacte-mediambiental-del-confinament\/"},"modified":"2020-12-02T14:59:32","modified_gmt":"2020-12-02T13:59:32","slug":"la-universitat-estacional-d-alzira-analitza-aquest-divendres-les-mites-i-realitats-de-l-impacte-mediambiental-del-confinament","status":"publish","type":"post","link":"https:\/\/alzira.es\/es\/la-universitat-estacional-d-alzira-analitza-aquest-divendres-les-mites-i-realitats-de-l-impacte-mediambiental-del-confinament\/","title":{"rendered":"La Universidad Estacional de Alzira analiza este viernes las mitos y realidades del impacto medioambiental del confinamiento"},"content":{"rendered":"<h3>La Universidad Estacional de Alzira debate este viernes sobre &#8216;El medio ambiente valenciano. Efectos del confinamiento por la COVID-19 sobre el medio ambiente: mitos, exageraciones y realidades&#8217;, dando continuidad en la intensa programaci\u00f3n de esta iniciativa de la Universitat de Val\u00e8ncia, que este a\u00f1o, 2020, cumple el reto de celebrar 20 sesiones y ya es presente en todo el territorio.<\/h3>\n<p>La Universidad Estacional de Alzira somete en debate durante la ma\u00f1ana de este viernes el tema &#8216;El medio ambiente valenciano. Efectos del confinamiento por la COVID-19 sobre el medio ambiente: mitos, exageraciones y realidades&#8217;, dando continuidad a esta iniciativa de la Universitat de Val\u00e8ncia (UV).<\/p>\n<p>El programa de Universidades Estacionales -impulsado por la UV, a trav\u00e9s del Vicerrectorado de Proyecci\u00f3n Territorial y Sociedad, en su compromiso con el territorio y la sociedad valenciana y organizado con los ayuntamientos, con la colaboraci\u00f3n de la Diputaci\u00f3n de Val\u00e8ncia y Caja Popular-, ya es presente en todas las comarcas, tanto del interior como del litoral.<\/p>\n<p>Su objetivo es promover la difusi\u00f3n del conocimiento y el debate en torno a un tema monogr\u00e1fico vinculado a la singularidad de cada territorio, teniendo en cuenta su particular idiosincrasia, historia y cultura, bajo la coordinaci\u00f3n de un especialista en la materia.<\/p>\n<p>En este excepcional a\u00f1o 2020 se ha conseguido mantener el reto inicial de celebrar 20 Universidades Estacionales -denominaci\u00f3n que hace referencia en su celebraci\u00f3n en una de las cuatro estaciones del a\u00f1o-, a pesar de las restricciones y dificultades generadas por el COVID-19, que ha provocado que casi todas se hayan concentrando en oto\u00f1o, al celebrar sus sesiones en tan solo dos meses, entre mediados de octubre y mediados de diciembre. Por primera vez este a\u00f1o, adem\u00e1s, las Universidades Estacionales se han agrupado en torno a cuatro \u00e1reas tem\u00e1ticas: &#8216;Patrimonio Hist\u00f3rico y Cultural&#8217;; &#8216;Innovaci\u00f3n Territorial&#8217;; &#8216;Educaci\u00f3n y Bienestar Social&#8217;; y &#8216;Biodiversidad y Paisaje&#8217;.<\/p>\n<p>Las jornadas, gratuitas y abiertas al p\u00fablico en general, se celebran este a\u00f1o cumpliendo todas las medidas de seguridad anti-COVID y con la particularidad que tienen un car\u00e1cter semipresencial, precisamente por las limitaciones impuestas por la crisis sanitaria que, lejos de constituir un obst\u00e1culo, se ha convertido en una oportunidad, al ofrecer la alternativa de asistencia de manera telem\u00e1tica, siguiendo las sesiones por streaming, a trav\u00e9s de un enlace (<a href=\"http:\/\/mediauniweb.uv.es\/universitatestacional\/?tag=universitatestacional\" rel=\"nofollow noopener\" target=\"_blank\">mediauniweb.uv.es\/universitatestacional<\/a>). La UV facilita las inscripciones a trav\u00e9s de la web (<a href=\"https:\/\/www.uv.es\/uvweb\/vicerectorat-participacio-projeccio-territorial\/ca\/vicerectorat-participacio-projeccio-territorial-1285875118019.html\" rel=\"nofollow noopener\" target=\"_blank\">http:\/\/projeccio.uv.es<\/a>) y proporcionar\u00e1 el correspondiente certificado de asistencia para los qui\u00e9n lo hagan tanto de manera presencial como en linea.<\/p>\n<p>Universidad Estacional de Alzira (UEA)<\/p>\n<p>La Universidad Estacional de Alzira, celebrar\u00e1 la que ya es su quinta edici\u00f3n y se enmarca en el \u00e1rea de &#8216;Biodiversidad y Paisaje&#8217;, en el Centro de Formaci\u00f3n de Personas Adultas &#8216;Enric Valor&#8217;, a lo largo de la ma\u00f1ana de este viernes, 4 de diciembre.<\/p>\n<p>Este a\u00f1o se analizar\u00e1n los efectos que el confinamiento, sobretodo, la reducci\u00f3n en la movilidad y la producci\u00f3n industrial, han provocado en el medio ambiente, con la perspectiva que ofrece el tiempo transcurrido desde la declaraci\u00f3n de la pandemia, el mes de marzo.<\/p>\n<p>La inauguraci\u00f3n, a las 9:30 h, ser\u00e1 a cargo del alcalde de Alzira, <strong>Diego E. G\u00f3mez Garc\u00eda<\/strong>; el vicerrector de Proyecci\u00f3n Territorial y Sociedad,<strong> Jorge Hermosilla Pla<\/strong>; el coordinador de la UEA, <strong>Emilio Barba Campos<\/strong>; y representantes de la Diputaci\u00f3n de Val\u00e9ncia y Caja Popular.<\/p>\n<p>Tres conferencias abordar\u00e1n varios aspectos del tema central de la Universidad Estacional de Alzira este a\u00f1o. <strong>Jos\u00e9 Antonio Sobrino Rodr\u00edguez<\/strong>, catedr\u00e1tico del Departamento de F\u00edsica de la Tierra y Termodin\u00e1mica de la UV y Premio Rey Jaime I de Protecci\u00f3n del Medio Ambiente 2019, hablar\u00e1 sobre el &#8216;Impacto de la COVID-19 desde el espacio&#8217;; <strong>Antonio Camacho Gonz\u00e1lez<\/strong>, catedr\u00e1tico de Ecolog\u00eda de la UV y miembro del Instituto Cavanilles de Biodiversidad y Biolog\u00eda Evolutiva de la UV, sobre &#8216;Que hay detr\u00e1s de una pandemia y de los efectos del confinamiento sobre la naturaleza? Una visi\u00f3n desde la Ecolog\u00eda&#8217;; y <strong>Juan Jim\u00e9nez P\u00e9rez<\/strong>, de la Conseller\u00eda de Agricultura, Desarrollo Rural, Emergencia Clim\u00e1tica y Transici\u00f3n Ecol\u00f3gica de la Generalitat Valenciana, sobre &#8216;Efectos de la pandemia sobre la biodiversidad en la Comunidad Valenciana. Basta con quedarse a casa porque se recuperan las especies silvestres?&#8217;<\/p>\n<p><strong>Una interesante e intensa actividad hasta final de a\u00f1o<\/strong><\/p>\n<p>La programaci\u00f3n de Universidades Estacionales tendr\u00e1 su continuidad con la Universidad Estacional de Ayora, sobre &#8216;La cultura de la miel: pasado, presente y futuro&#8217;, el 10 de diciembre; la Universidad Estacional de Ll\u00edria, sobre &#8216;La m\u00fasica como instrumento educativo interdisciplinario&#8217;, el 11 de diciembre; la Universidad Estacional del Rinc\u00f3n de Ademuz, sobre &#8216;Planificaci\u00f3n y gesti\u00f3n del paisaje y el territorio, desarrollo local y bienestar&#8217;, el 16 de diciembre; y la Universidad Estacional de Alto Turia sobro &#8216;Nueva reserva de la biosfera del Alto Turia: Oportunidades y desaf\u00edos&#8217;, el 18 de diciembre.<\/p>\n<p><strong>Las Universidades Estacionales por \u00e1reas tem\u00e1ticas<\/strong><\/p>\n<p>Las Universidades Estacionales que se centran en temas sobre &#8216;Patrimonio Hist\u00f3rico y Cultural&#8217; son Cullera, Bu\u00f1ol, Ll\u00edria, Sagunto (edici\u00f3n de verano), Canal de Navarr\u00e9s y X\u00e0tiva. En temas de &#8216;Innovaci\u00f3n Territorial&#8217;, las Universidades Estacionales de Alaqu\u00e0s, Aras de los Olmos, l&#8217;Eliana, Enguera y Ayora. En &#8216;Educaci\u00f3n y Bienestar Social&#8217;, las Universidades Estacionales de Sagunto (edici\u00f3n de primavera), Ontinyent y Oliva. Y, en &#8216;Biodiversidad y Paisaje&#8217;, Alto Turia, Alzira y Rinc\u00f3n de Ademuz.<\/p>\n<p><img fetchpriority=\"high\" decoding=\"async\" class=\" size-full wp-image-52780\" style=\"display: block; margin-left: auto; margin-right: auto;\" src=\"https:\/\/alzira.es\/wp-content\/uploads\/2020\/12\/Alzira_FOTO.jpg\" alt=\"Alzira FOTO\" width=\"500\" height=\"351\" srcset=\"https:\/\/alzira.es\/wp-content\/uploads\/2020\/12\/Alzira_FOTO.jpg 1109w, https:\/\/alzira.es\/wp-content\/uploads\/2020\/12\/Alzira_FOTO-680x477.jpg 680w, https:\/\/alzira.es\/wp-content\/uploads\/2020\/12\/Alzira_FOTO-768x539.jpg 768w\" sizes=\"(max-width: 500px) 100vw, 500px\" \/><\/p>\n","protected":false},"excerpt":{"rendered":"<p>La Universidad Estacional de Alzira debate este viernes sobre &#8216;El medio ambiente valenciano. Efectos del confinamiento por la COVID-19 sobre el medio ambiente: mitos, exageraciones y realidades&#8217;, dando continuidad en la intensa programaci\u00f3n de esta iniciativa de la Universitat de Val\u00e8ncia, que este a\u00f1o, 2020, cumple el reto de celebrar 20 sesiones y ya es &hellip; <\/p>\n<p class=\"link-more\"><a href=\"https:\/\/alzira.es\/es\/la-universitat-estacional-d-alzira-analitza-aquest-divendres-les-mites-i-realitats-de-l-impacte-mediambiental-del-confinament\/\" class=\"more-link\">Continuar leyendo<span class=\"screen-reader-text\"> \u00abLa Universidad Estacional de Alzira analiza este viernes las mitos y realidades del impacto medioambiental del confinamiento\u00bb<\/span><\/a><\/p>\n","protected":false},"author":29,"featured_media":52780,"comment_status":"","ping_status":"","sticky":false,"template":"","format":"standard","meta":{"_acf_changed":false,"footnotes":""},"categories":[4936],"tags":[],"class_list":["post-52782","post","type-post","status-publish","format-standard","has-post-thumbnail","hentry","category-hemeroteca-es"],"acf":[],"_links":{"self":[{"href":"https:\/\/alzira.es\/es\/wp-json\/wp\/v2\/posts\/52782","targetHints":{"allow":["GET"]}}],"collection":[{"href":"https:\/\/alzira.es\/es\/wp-json\/wp\/v2\/posts"}],"about":[{"href":"https:\/\/alzira.es\/es\/wp-json\/wp\/v2\/types\/post"}],"author":[{"embeddable":true,"href":"https:\/\/alzira.es\/es\/wp-json\/wp\/v2\/users\/29"}],"replies":[{"embeddable":true,"href":"https:\/\/alzira.es\/es\/wp-json\/wp\/v2\/comments?post=52782"}],"version-history":[{"count":0,"href":"https:\/\/alzira.es\/es\/wp-json\/wp\/v2\/posts\/52782\/revisions"}],"wp:featuredmedia":[{"embeddable":true,"href":"https:\/\/alzira.es\/es\/wp-json\/wp\/v2\/media\/52780"}],"wp:attachment":[{"href":"https:\/\/alzira.es\/es\/wp-json\/wp\/v2\/media?parent=52782"}],"wp:term":[{"taxonomy":"category","embeddable":true,"href":"https:\/\/alzira.es\/es\/wp-json\/wp\/v2\/categories?post=52782"},{"taxonomy":"post_tag","embeddable":true,"href":"https:\/\/alzira.es\/es\/wp-json\/wp\/v2\/tags?post=52782"}],"curies":[{"name":"wp","href":"https:\/\/api.w.org\/{rel}","templated":true}]}}