{"id":52697,"date":"2020-12-01T14:51:48","date_gmt":"2020-12-01T13:51:48","guid":{"rendered":"https:\/\/alzira.es\/nova-oficina-omic-2020-2\/"},"modified":"2020-12-01T14:51:48","modified_gmt":"2020-12-01T13:51:48","slug":"nova-oficina-omic-2020-2","status":"publish","type":"post","link":"https:\/\/alzira.es\/es\/nova-oficina-omic-2020-2\/","title":{"rendered":"L\u2019OMIC Alzira obri la nova oficina al Mercat de la Vila"},"content":{"rendered":"<h4 style=\"margin-left: 0cm; text-align: justify; text-indent: 0cm; line-height: 150%;\"><span><span style=\"font-size: 11pt; line-height: 150%; font-family: Arial, sans-serif;\">L\u2019OMIC, l\u2019Oficina Municipal d\u2019Informaci\u00f3 al Consumidor, obri les noves instal\u00b7lacions al Mercat de la Vila.<\/span><\/span><\/h4>\n<p style=\"text-align: justify; line-height: 150%;\"><span><span style=\"font-size: 11pt; line-height: 150%; font-family: Arial, sans-serif; color: black;\">\u00abNo s\u2019ha escollit de manera arbitr\u00e0ria la ubicaci\u00f3\u00bb, segons<strong> Gemma Al\u00f3s<\/strong>, regidora de Consum. \u00abHem decidit traslladar l\u2019OMIC de lloc per dotar l\u2019oficina d\u2019un espai propi, ja que aix\u00ed se li atorga major pres\u00e8ncia a este servei gratu\u00eft encarregat d\u2019informar i orientar els consumidors\u00bb.<\/span><\/span><\/p>\n<p style=\"text-align: justify; line-height: 150%;\"><span><span style=\"font-size: 11pt; line-height: 150%; font-family: Arial, sans-serif; color: black;\">Mediar en els conflictes que puguen sorgir entre persones consumidores i l\u2019empresariat, per a intentar una soluci\u00f3 amistosa, \u00e9s una altra de les tasques que oferix l\u2019OMIC, a m\u00e9s de dirigir als serveis d\u2019inspecci\u00f3 aquelles reclamacions en les quals es detecten possibles infraccions en mat\u00e8ria de consum.&nbsp;&nbsp; <\/span><\/span><\/p>\n<p style=\"text-align: justify; line-height: 150%;\"><span><span style=\"font-size: 11pt; line-height: 150%; font-family: Arial, sans-serif; color: black;\">L\u2019alcalde de la ciutat, <strong>Diego G\u00f3mez<\/strong> ha explicat que la idea \u00e9s revitalitzar la zona del mercat i poder posar alguna oficina municipal m\u00e9s, com \u00e9s el cas de l\u2019Oficina Comarcal d\u2019Habitatge de la Mancomunitat. \u201cel que volem \u00e9s aprofitar sin\u00e8rgies i donar un altre caire a este espai amb visi\u00f3 p\u00fablica d\u2019un mercat m\u00e9s pr\u00f2xim a la ciutadania i de la nostra ciutadania mes pr\u00f2xima als serveis municipals\u201d.<\/span><\/span><\/p>\n<p style=\"text-align: justify; line-height: 150%;\"><span><span style=\"font-size: 11pt; line-height: 150%; font-family: Arial, sans-serif; color: black;\">Per la seua banda, <strong>Fernando Pascual<\/strong>, regidor de Serveis Urbans i encarregat de les instal\u00b7lacions del Mercat de la Vila, argumenta que \u00abamb esta obertura donem un pas m\u00e9s en la tasca encetada de dinamitzar estes instal\u00b7lacions municipals. Tractant-se d\u2019un espai on el consumidor realitza les seues compres, que millor que ubicar ac\u00ed l\u2019oficina que t\u00e9 com a finalitat tramitar les reclamacions que puguen sorgir en mat\u00e8ria de consum\u00bb.<\/span><\/span><\/p>\n<p><span><span style=\"font-size: 11pt; font-family: Arial, sans-serif; color: black;\">En estos temps de restriccions sanit\u00e0ries l\u2019horari de l\u2019OMIC \u00e9s de 9 a 14 hores, de dilluns a divendres, amb cita pr\u00e8via telefonant al 96 245 92 71 o b\u00e9 en el correu electr\u00f2nic <a href=\"mailto:omic@alzira.es.\">omic@alzira.es.<\/a>&nbsp; &nbsp;<\/span><\/span><\/p>\n<p><span><span style=\"font-size: 11pt; font-family: Arial, sans-serif; color: black;\"><img fetchpriority=\"high\" decoding=\"async\" width=\"1000\" height=\"450\" class=\" size-full wp-image-52694\" src=\"https:\/\/alzira.es\/wp-content\/uploads\/2020\/12\/omic_3.jpg\" alt=\"omic 3\" srcset=\"https:\/\/alzira.es\/wp-content\/uploads\/2020\/12\/omic_3.jpg 1000w, https:\/\/alzira.es\/wp-content\/uploads\/2020\/12\/omic_3-680x306.jpg 680w, https:\/\/alzira.es\/wp-content\/uploads\/2020\/12\/omic_3-768x346.jpg 768w\" sizes=\"(max-width: 706px) 89vw, (max-width: 767px) 82vw, 740px\" \/><\/span><\/span><\/p>\n<p>&nbsp;<\/p>\n<p><img decoding=\"async\" width=\"1599\" height=\"1200\" class=\"size-full wp-image-52692 lazyload\" data-src=\"https:\/\/alzira.es\/wp-content\/uploads\/2020\/12\/omic_2.jpeg\" alt=\"omic 2\" data-srcset=\"https:\/\/alzira.es\/wp-content\/uploads\/2020\/12\/omic_2.jpeg 1599w, https:\/\/alzira.es\/wp-content\/uploads\/2020\/12\/omic_2-680x510.jpeg 680w, https:\/\/alzira.es\/wp-content\/uploads\/2020\/12\/omic_2-1428x1072.jpeg 1428w, https:\/\/alzira.es\/wp-content\/uploads\/2020\/12\/omic_2-768x576.jpeg 768w, https:\/\/alzira.es\/wp-content\/uploads\/2020\/12\/omic_2-1536x1153.jpeg 1536w\" data-sizes=\"(max-width: 706px) 89vw, (max-width: 767px) 82vw, 740px\" src=\"data:image\/svg+xml;base64,PHN2ZyB3aWR0aD0iMSIgaGVpZ2h0PSIxIiB4bWxucz0iaHR0cDovL3d3dy53My5vcmcvMjAwMC9zdmciPjwvc3ZnPg==\" style=\"--smush-placeholder-width: 1599px; --smush-placeholder-aspect-ratio: 1599\/1200;\" \/><\/p>\n<p><img fetchpriority=\"high\" decoding=\"async\" width=\"1000\" height=\"450\" class=\" size-full wp-image-52694\" src=\"https:\/\/alzira.es\/wp-content\/uploads\/2020\/12\/omic_3.jpg\" alt=\"omic 3\" srcset=\"https:\/\/alzira.es\/wp-content\/uploads\/2020\/12\/omic_3.jpg 1000w, https:\/\/alzira.es\/wp-content\/uploads\/2020\/12\/omic_3-680x306.jpg 680w, https:\/\/alzira.es\/wp-content\/uploads\/2020\/12\/omic_3-768x346.jpg 768w\" sizes=\"(max-width: 706px) 89vw, (max-width: 767px) 82vw, 740px\" \/><\/p>\n","protected":false},"excerpt":{"rendered":"<p>L\u2019OMIC, l\u2019Oficina Municipal d\u2019Informaci\u00f3 al Consumidor, obri les noves instal\u00b7lacions al Mercat de la Vila. \u00abNo s\u2019ha escollit de manera arbitr\u00e0ria la ubicaci\u00f3\u00bb, segons Gemma Al\u00f3s, regidora de Consum. \u00abHem decidit traslladar l\u2019OMIC de lloc per dotar l\u2019oficina d\u2019un espai propi, ja que aix\u00ed se li atorga major pres\u00e8ncia a este servei gratu\u00eft encarregat d\u2019informar &hellip; <\/p>\n<p class=\"link-more\"><a href=\"https:\/\/alzira.es\/es\/nova-oficina-omic-2020-2\/\" class=\"more-link\">Continuar leyendo<span class=\"screen-reader-text\"> \u00abL\u2019OMIC Alzira obri la nova oficina al Mercat de la Vila\u00bb<\/span><\/a><\/p>\n","protected":false},"author":29,"featured_media":52694,"comment_status":"","ping_status":"","sticky":false,"template":"","format":"standard","meta":{"_acf_changed":false,"footnotes":""},"categories":[],"tags":[],"class_list":["post-52697","post","type-post","status-publish","format-standard","has-post-thumbnail","hentry"],"acf":[],"_links":{"self":[{"href":"https:\/\/alzira.es\/es\/wp-json\/wp\/v2\/posts\/52697","targetHints":{"allow":["GET"]}}],"collection":[{"href":"https:\/\/alzira.es\/es\/wp-json\/wp\/v2\/posts"}],"about":[{"href":"https:\/\/alzira.es\/es\/wp-json\/wp\/v2\/types\/post"}],"author":[{"embeddable":true,"href":"https:\/\/alzira.es\/es\/wp-json\/wp\/v2\/users\/29"}],"replies":[{"embeddable":true,"href":"https:\/\/alzira.es\/es\/wp-json\/wp\/v2\/comments?post=52697"}],"version-history":[{"count":0,"href":"https:\/\/alzira.es\/es\/wp-json\/wp\/v2\/posts\/52697\/revisions"}],"wp:featuredmedia":[{"embeddable":true,"href":"https:\/\/alzira.es\/es\/wp-json\/wp\/v2\/media\/52694"}],"wp:attachment":[{"href":"https:\/\/alzira.es\/es\/wp-json\/wp\/v2\/media?parent=52697"}],"wp:term":[{"taxonomy":"category","embeddable":true,"href":"https:\/\/alzira.es\/es\/wp-json\/wp\/v2\/categories?post=52697"},{"taxonomy":"post_tag","embeddable":true,"href":"https:\/\/alzira.es\/es\/wp-json\/wp\/v2\/tags?post=52697"}],"curies":[{"name":"wp","href":"https:\/\/api.w.org\/{rel}","templated":true}]}}