{"id":52696,"date":"2020-12-01T14:51:48","date_gmt":"2020-12-01T13:51:48","guid":{"rendered":"https:\/\/alzira.es\/nova-oficina-omic-2020\/"},"modified":"2020-12-01T14:51:48","modified_gmt":"2020-12-01T13:51:48","slug":"nova-oficina-omic-2020","status":"publish","type":"post","link":"https:\/\/alzira.es\/es\/nova-oficina-omic-2020\/","title":{"rendered":"L&#8217;OMIC Alzira abre la nueva oficina al Mercado de la Vila"},"content":{"rendered":"<h4 style=\"margin-left: 0cm; text-align: justify; text-indent: 0cm; line-height: 150%;\"><span style=\"font-family: Arial, sans-serif; font-size: 11pt;\">La OMIC, la Oficina Municipal de Informaci\u00f3n al Consumidor, abre las nuevas instalaciones al Mercado de la Vila.<\/span><\/h4>\n<p>\u00abNo se ha escogido de manera arbitraria la ubicaci\u00f3n\u00bb, seg\u00fan<strong> Gemma Al\u00f3s<\/strong>, regidora de Consumo. \u00abHemos decidido trasladar la OMIC de lugar para dotar la oficina de un espacio propio, puesto que as\u00ed se le otorga mayor presencia a este servicio gratuito encargado de informar y orientar a los consumidores\u00bb.<\/p>\n<p>Mediar en los conflictos que puedan surgir entre personas consumidoras y el empresariado, para intentar una soluci\u00f3n amistosa, es otra de las tareas que ofrece la OMIC, adem\u00e1s de dirigir a los servicios de inspecci\u00f3n aquellas reclamaciones en las cuales se detectan posibles infracciones en materia de consumo.<\/p>\n<p>El alcalde de la ciudad, <strong>Diego G\u00f3mez<\/strong> ha explicado que la idea es revitalizar la zona del mercado y poder poner alguna oficina municipal m\u00e1s, como es el caso de la Oficina Comarcal de Vivienda de la Mancomunidad. \u00abel que volamos es aprovechar sin\u00e9rgias y dar otro aire en este espacio con visi\u00f3n p\u00fablica de un mercado m\u00e1s pr\u00f3ximo a la ciudadan\u00eda y de nuestra ciudadan\u00eda mas pr\u00f3xima a los servicios municipales\u00bb.<\/p>\n<p>Por su parte, <strong>Fernando Pascual<\/strong>, regidor de Servicios Urbanos y encargado de las instalaciones del Mercado de la Vila, argumenta que \u00abcon esta apertura damos un paso m\u00e1s en la tarea comenzada de dinamizar estas instalaciones municipales. Trat\u00e1ndose de un espacio donde el consumidor realiza sus compras, que mejor que ubicar aqu\u00ed la oficina que tiene como finalidad tramitar las reclamaciones que puedan surgir en materia de consumo\u00bb.<\/p>\n<p>En estos tiempos de restricciones sanitarias el horario de la OMIC es de 9 a 14 horas, de lunes a viernes, con cita previa telefoneando al 96 245 92 71 o bien en el correo electr\u00f3nico<a href=\"mailto:%20omic@alzira.es\" target=\"_blank\" rel=\"noopener\"> omic@alzira.es<\/a>.<\/p>\n<h4 style=\"margin-left: 0cm; text-align: justify; text-indent: 0cm; line-height: 150%;\"><span style=\"font-family: Arial, sans-serif; font-size: 11pt;\">&nbsp;<\/span><\/h4>\n<p><span><span style=\"font-size: 11pt; font-family: Arial, sans-serif; color: black;\"><img decoding=\"async\" data-src=\"contenidos\/omic_3.jpg\" alt=\"omic 3\" src=\"data:image\/svg+xml;base64,PHN2ZyB3aWR0aD0iMSIgaGVpZ2h0PSIxIiB4bWxucz0iaHR0cDovL3d3dy53My5vcmcvMjAwMC9zdmciPjwvc3ZnPg==\" class=\"lazyload\" \/><\/span><\/span><\/p>\n<p>&nbsp;<\/p>\n<p><img fetchpriority=\"high\" decoding=\"async\" width=\"1599\" height=\"1200\" class=\" size-full wp-image-52692\" src=\"https:\/\/alzira.es\/wp-content\/uploads\/2020\/12\/omic_2.jpeg\" alt=\"omic 2\" srcset=\"https:\/\/alzira.es\/wp-content\/uploads\/2020\/12\/omic_2.jpeg 1599w, https:\/\/alzira.es\/wp-content\/uploads\/2020\/12\/omic_2-680x510.jpeg 680w, https:\/\/alzira.es\/wp-content\/uploads\/2020\/12\/omic_2-1428x1072.jpeg 1428w, https:\/\/alzira.es\/wp-content\/uploads\/2020\/12\/omic_2-768x576.jpeg 768w, https:\/\/alzira.es\/wp-content\/uploads\/2020\/12\/omic_2-1536x1153.jpeg 1536w\" sizes=\"(max-width: 706px) 89vw, (max-width: 767px) 82vw, 740px\" \/><\/p>\n<p><img decoding=\"async\" width=\"1000\" height=\"450\" class=\"size-full wp-image-52694 lazyload\" data-src=\"https:\/\/alzira.es\/wp-content\/uploads\/2020\/12\/omic_3.jpg\" alt=\"omic 3\" data-srcset=\"https:\/\/alzira.es\/wp-content\/uploads\/2020\/12\/omic_3.jpg 1000w, https:\/\/alzira.es\/wp-content\/uploads\/2020\/12\/omic_3-680x306.jpg 680w, https:\/\/alzira.es\/wp-content\/uploads\/2020\/12\/omic_3-768x346.jpg 768w\" data-sizes=\"(max-width: 706px) 89vw, (max-width: 767px) 82vw, 740px\" src=\"data:image\/svg+xml;base64,PHN2ZyB3aWR0aD0iMSIgaGVpZ2h0PSIxIiB4bWxucz0iaHR0cDovL3d3dy53My5vcmcvMjAwMC9zdmciPjwvc3ZnPg==\" style=\"--smush-placeholder-width: 1000px; --smush-placeholder-aspect-ratio: 1000\/450;\" \/><\/p>\n","protected":false},"excerpt":{"rendered":"<p>La OMIC, la Oficina Municipal de Informaci\u00f3n al Consumidor, abre las nuevas instalaciones al Mercado de la Vila. \u00abNo se ha escogido de manera arbitraria la ubicaci\u00f3n\u00bb, seg\u00fan Gemma Al\u00f3s, regidora de Consumo. \u00abHemos decidido trasladar la OMIC de lugar para dotar la oficina de un espacio propio, puesto que as\u00ed se le otorga mayor &hellip; <\/p>\n<p class=\"link-more\"><a href=\"https:\/\/alzira.es\/es\/nova-oficina-omic-2020\/\" class=\"more-link\">Continuar leyendo<span class=\"screen-reader-text\"> \u00abL&#8217;OMIC Alzira abre la nueva oficina al Mercado de la Vila\u00bb<\/span><\/a><\/p>\n","protected":false},"author":29,"featured_media":0,"comment_status":"","ping_status":"","sticky":false,"template":"","format":"standard","meta":{"_acf_changed":false,"footnotes":""},"categories":[4936],"tags":[],"class_list":["post-52696","post","type-post","status-publish","format-standard","hentry","category-hemeroteca-es"],"acf":[],"_links":{"self":[{"href":"https:\/\/alzira.es\/es\/wp-json\/wp\/v2\/posts\/52696","targetHints":{"allow":["GET"]}}],"collection":[{"href":"https:\/\/alzira.es\/es\/wp-json\/wp\/v2\/posts"}],"about":[{"href":"https:\/\/alzira.es\/es\/wp-json\/wp\/v2\/types\/post"}],"author":[{"embeddable":true,"href":"https:\/\/alzira.es\/es\/wp-json\/wp\/v2\/users\/29"}],"replies":[{"embeddable":true,"href":"https:\/\/alzira.es\/es\/wp-json\/wp\/v2\/comments?post=52696"}],"version-history":[{"count":0,"href":"https:\/\/alzira.es\/es\/wp-json\/wp\/v2\/posts\/52696\/revisions"}],"wp:attachment":[{"href":"https:\/\/alzira.es\/es\/wp-json\/wp\/v2\/media?parent=52696"}],"wp:term":[{"taxonomy":"category","embeddable":true,"href":"https:\/\/alzira.es\/es\/wp-json\/wp\/v2\/categories?post=52696"},{"taxonomy":"post_tag","embeddable":true,"href":"https:\/\/alzira.es\/es\/wp-json\/wp\/v2\/tags?post=52696"}],"curies":[{"name":"wp","href":"https:\/\/api.w.org\/{rel}","templated":true}]}}