{"id":52675,"date":"2020-11-30T13:51:28","date_gmt":"2020-11-30T12:51:28","guid":{"rendered":"https:\/\/alzira.es\/presentacio-dels-pressupostos-alzira-2021-2\/"},"modified":"2020-11-30T13:51:28","modified_gmt":"2020-11-30T12:51:28","slug":"presentacio-dels-pressupostos-alzira-2021-2","status":"publish","type":"post","link":"https:\/\/alzira.es\/es\/presentacio-dels-pressupostos-alzira-2021-2\/","title":{"rendered":"Presentaci\u00f3 dels pressupostos Alzira 2021"},"content":{"rendered":"<h2>Diego G\u00f3mez: \u00abPresentem un pressupost preparat per a fer front a les conseq\u00fc\u00e8ncies econ\u00f2miques de la COVID fet amb criteris de responsabilitat i prud\u00e8ncia\u00bb<\/h2>\n<h3>\u2022 Esta vesprada s&#8217;aprovar\u00e0 al plenari extraordinari el pressupost que supera els 41M\u20ac<\/h3>\n<p>L&#8217;alcalde, <strong>Diego G\u00f3mez<\/strong> i el regidor d&#8217;Hisenda, Contractaci\u00f3 i Recursos Humans, <strong>Albert Furi\u00f3<\/strong>, han presentat en roda de premsa telem\u00e0tica el projecte de pressupost municipal per a l&#8217;any 2021, que ser\u00e0 sotm\u00e9s a debat i aprovaci\u00f3 en ple extraordinari esta vesprada.<\/p>\n<p>L&#8217;alcalde ha comen\u00e7at l&#8217;explicaci\u00f3 indicant que: \u00abPresentem un pressupost preparat per a fer front a les conseq\u00fc\u00e8ncies econ\u00f2miques derivades de la COVID, fet amb responsabilitat, prud\u00e8ncia i molt de treball. Un pressupost preparat per a poder fer front a la incertesa de futur determinada per la pand\u00e8mia, per\u00f2 tamb\u00e9 per a poder recuperar a partir de la segon meitat de l&#8217;any, si \u00e9s possible, la vitalitat de la ciutat\u00bb. A m\u00e9s, afig, \u00abhem treballat dur per a tindre&#8217;l a punt ja, i posar-lo en marxa el mateix 1 de gener, ja que esta \u00e9s l&#8217;eina b\u00e0sica per a poder adaptar-se a les diferents situacions sobrevingudes i immobilitzar els recursos, mitjan\u00e7ant les oportunes modificacions de cr\u00e8dits, cap a les necessitats socials i econ\u00f2miques que es puguem presentar el pr\u00f2xim any\u00bb.<\/p>\n<p>Les estimacions d&#8217;ingressos i gastos que cont\u00e9 el pressupost municipal de l&#8217;exercici&nbsp;2021, s&#8217;han realitzat atenent a una situaci\u00f3 de estabilitat econ\u00f2mica. Els ingressos i despeses totals ascendixen a <strong>41.030.542.04 \u20ac<\/strong>, augmentant 758.000\u20ac (1.88 %) respecte del pressupost de l&#8217;any passat. \u00abL&#8217;any 2020 , possiblement haja estat un dels anys m\u00e9s complicats per a la gesti\u00f3 pressupost\u00e0ria des del 82 en\u00e7\u00e0. Sabem que ens venen anys durs econ\u00f2micament, que 2021 i 2022 van a ser tamb\u00e9 dif\u00edcils i per aix\u00f2 cal estar preparats i seguir treballant per al futur de la nostra ciutat\u00bb.<\/p>\n<p>G\u00f3mez ha continuat exposant les l\u00ednies generals del projecte de pressupost per a 2021, entre les quals ha destacat:<\/p>\n<ul style=\"list-style-type: circle;\">\n<li>Pel que fa als<strong> ingressos<\/strong>, no s&#8217;elevar\u00e0 la pressi\u00f3 fiscal, es a dir, no s&#8217;augmentaran els impostos sobre la ciutadania, que suposen el major ingr\u00e9s municipal amb 18.930.000 euros.<\/li>\n<li>No hi ha prevista cap operaci\u00f3 de cr\u00e8dit i pel que fa a la p\u00f2lissa de 6 M\u20ac, contractada en maig per a fer front a possibles desfases de tresoreria est\u00e0 intacta i disponible, en cas que f\u00f3ra necess\u00e0ria en el primer trimestre de l&#8217;any.<\/li>\n<li>Els comptes de l&#8217;Ajuntament estan sanejats gr\u00e0cies al comportament exemplar de la ciutadania en el compliment de les obligacions tribut\u00e0ries.<\/li>\n<li>Quant a les <strong>despeses<\/strong>, s&#8217;ha incidit que este pressupost se sost\u00e9 sobre tres pilars fonamentals, igualtat i pol\u00edtiques inclusives, les pol\u00edtiques actives d&#8217;ocupaci\u00f3 i d&#8217;emprenedoria i les d&#8217;educaci\u00f3 i cultura.<\/li>\n<\/ul>\n<p>Per la seua banda el regidor d&#8217;Hisenda, Contractaci\u00f3 i Recursos Humans, Albert Furi\u00f3, ha detallat espec\u00edficament cada partida dels ingressos i despeses i ha explicat que \u00abeste pressupost est\u00e0 preparat, amb partides obertes per a dotar-les del corresponent cr\u00e8dit segons l&#8217;evoluci\u00f3 econ\u00f2mica del exercici i a m\u00e9s amb la possibilitat de finan\u00e7ament per a inversions a c\u00e0rrec del romanent de tresoreria, que quedaria lliure a partir de l&#8217;aprovaci\u00f3 dels pressupostos generals de l&#8217;Estat\u00bb.<\/p>\n<p>En l\u00ednies generals els pressupostos 2021 comporten un augment de les partides de Medi Ambient i dinamitzaci\u00f3 comercial i un ajust a la baixa de les partides relacionades amb Festes i Cultura,<\/p>\n<p>Concretament, pel que fa a les despeses cal destacar els aspectes seg\u00fcents:<br \/>a) Els gastos de personal s&#8217;incrementen en 471.434,15 euros, a\u00e7\u00f2 \u00e9s, un 2,36%<br \/>sobre els de l&#8217;any passat. Este augment contempla la previsi\u00f3 d&#8217;increment de<br \/>les retribucions de personal al servei de les Administracions P\u00fabliques que<br \/>figura en el projecte de pressupostos de l&#8217;Estat que est\u00e0 tramitant-se en el<br \/>Parlament.<br \/>b) Els gastos corrents augmenten en 722.239,35 euros (1,92 %).<br \/>c) Els gastos financers disminu\u00efxen en 20.234,64 euros (\u250027,53 %).<br \/>d) Les subvencions augmenten en 30.285,66 euros 1,16 %).<br \/>e) Les inversions previstes ascendeixen a 1.749.511,49 euros (4,26% del gasto<br \/>total), amb un augment de 101.416,21 euros (6,15%).<br \/>f) En el cap\u00edtol 9 de passius financers, es consigna una amortitzaci\u00f3 de deute de<br \/>1.007.885,89 euros.<\/p>\n<p><img fetchpriority=\"high\" decoding=\"async\" width=\"889\" height=\"650\" class=\" size-full wp-image-52670\" src=\"https:\/\/alzira.es\/wp-content\/uploads\/2020\/11\/presentacio_pressupostos_2021-02.jpeg\" alt=\"presentacio pressupostos 2021-02\" srcset=\"https:\/\/alzira.es\/wp-content\/uploads\/2020\/11\/presentacio_pressupostos_2021-02.jpeg 889w, https:\/\/alzira.es\/wp-content\/uploads\/2020\/11\/presentacio_pressupostos_2021-02-680x497.jpeg 680w, https:\/\/alzira.es\/wp-content\/uploads\/2020\/11\/presentacio_pressupostos_2021-02-768x562.jpeg 768w\" sizes=\"(max-width: 706px) 89vw, (max-width: 767px) 82vw, 740px\" \/><\/p>\n<p><img decoding=\"async\" width=\"650\" height=\"867\" class=\"size-full wp-image-52672 lazyload\" data-src=\"https:\/\/alzira.es\/wp-content\/uploads\/2020\/11\/presentacio_pressupostos_2021-01.jpeg\" alt=\"presentacio pressupostos 2021-01\" data-srcset=\"https:\/\/alzira.es\/wp-content\/uploads\/2020\/11\/presentacio_pressupostos_2021-01.jpeg 650w, https:\/\/alzira.es\/wp-content\/uploads\/2020\/11\/presentacio_pressupostos_2021-01-300x400.jpeg 300w\" data-sizes=\"(max-width: 650px) 100vw, 650px\" src=\"data:image\/svg+xml;base64,PHN2ZyB3aWR0aD0iMSIgaGVpZ2h0PSIxIiB4bWxucz0iaHR0cDovL3d3dy53My5vcmcvMjAwMC9zdmciPjwvc3ZnPg==\" style=\"--smush-placeholder-width: 650px; --smush-placeholder-aspect-ratio: 650\/867;\" \/><\/p>\n","protected":false},"excerpt":{"rendered":"<p>Diego G\u00f3mez: \u00abPresentem un pressupost preparat per a fer front a les conseq\u00fc\u00e8ncies econ\u00f2miques de la COVID fet amb criteris de responsabilitat i prud\u00e8ncia\u00bb \u2022 Esta vesprada s&#8217;aprovar\u00e0 al plenari extraordinari el pressupost que supera els 41M\u20ac L&#8217;alcalde, Diego G\u00f3mez i el regidor d&#8217;Hisenda, Contractaci\u00f3 i Recursos Humans, Albert Furi\u00f3, han presentat en roda de &hellip; <\/p>\n<p class=\"link-more\"><a href=\"https:\/\/alzira.es\/es\/presentacio-dels-pressupostos-alzira-2021-2\/\" class=\"more-link\">Continuar leyendo<span class=\"screen-reader-text\"> \u00abPresentaci\u00f3 dels pressupostos Alzira 2021\u00bb<\/span><\/a><\/p>\n","protected":false},"author":29,"featured_media":52670,"comment_status":"","ping_status":"","sticky":false,"template":"","format":"standard","meta":{"_acf_changed":false,"footnotes":""},"categories":[],"tags":[],"class_list":["post-52675","post","type-post","status-publish","format-standard","has-post-thumbnail","hentry"],"acf":[],"_links":{"self":[{"href":"https:\/\/alzira.es\/es\/wp-json\/wp\/v2\/posts\/52675","targetHints":{"allow":["GET"]}}],"collection":[{"href":"https:\/\/alzira.es\/es\/wp-json\/wp\/v2\/posts"}],"about":[{"href":"https:\/\/alzira.es\/es\/wp-json\/wp\/v2\/types\/post"}],"author":[{"embeddable":true,"href":"https:\/\/alzira.es\/es\/wp-json\/wp\/v2\/users\/29"}],"replies":[{"embeddable":true,"href":"https:\/\/alzira.es\/es\/wp-json\/wp\/v2\/comments?post=52675"}],"version-history":[{"count":0,"href":"https:\/\/alzira.es\/es\/wp-json\/wp\/v2\/posts\/52675\/revisions"}],"wp:featuredmedia":[{"embeddable":true,"href":"https:\/\/alzira.es\/es\/wp-json\/wp\/v2\/media\/52670"}],"wp:attachment":[{"href":"https:\/\/alzira.es\/es\/wp-json\/wp\/v2\/media?parent=52675"}],"wp:term":[{"taxonomy":"category","embeddable":true,"href":"https:\/\/alzira.es\/es\/wp-json\/wp\/v2\/categories?post=52675"},{"taxonomy":"post_tag","embeddable":true,"href":"https:\/\/alzira.es\/es\/wp-json\/wp\/v2\/tags?post=52675"}],"curies":[{"name":"wp","href":"https:\/\/api.w.org\/{rel}","templated":true}]}}