{"id":52674,"date":"2020-11-30T13:51:28","date_gmt":"2020-11-30T12:51:28","guid":{"rendered":"https:\/\/alzira.es\/presentacio-dels-pressupostos-alzira-2021\/"},"modified":"2020-11-30T13:51:28","modified_gmt":"2020-11-30T12:51:28","slug":"presentacio-dels-pressupostos-alzira-2021","status":"publish","type":"post","link":"https:\/\/alzira.es\/es\/presentacio-dels-pressupostos-alzira-2021\/","title":{"rendered":"Presentaci\u00f3n de los presupuestos Alzira 2021"},"content":{"rendered":"<h2>Diego G\u00f3mez: \u00abPresentamos un presupuesto preparado para hacer frente a las consecuencias econ\u00f3micas de la COVID hecho con criterios de responsabilidad y prudencia\u00bb<\/h2>\n<h3>\u2022 Esta tarde se aprobar\u00e1 al plenario extraordinario el presupuesto que supera los 41M\u20ac<\/h3>\n<p>El alcalde, <strong>Diego G\u00f3mez<\/strong> y el regidor de Hacienda, Contrataci\u00f3n y Recursos Humanos, <strong>Albert Furi\u00f3<\/strong>, han presentado en rueda de prensa telem\u00e1tica el proyecto de presupuesto municipal para el a\u00f1o 2021, que ser\u00e1 sometido en debate y aprobaci\u00f3n en pleno extraordinario esta tarde.<\/p>\n<p>El alcalde ha empezado la explicaci\u00f3n indicando que: \u00abPresentamos un presupuesto preparado para hacer frente a las consecuencias econ\u00f3micas derivadas de la COVID, hecho con responsabilidad, prudencia y mucho trabajo. Un presupuesto preparado para poder hacer frente a la incertidumbre de futuro determinada por la pandemia, pero tambi\u00e9n para poder recuperar a partir de la segundo mitad del a\u00f1o, si es posible, la vitalidad de la ciudad\u00bb. Adem\u00e1s, a\u00f1ade, \u00abhemos trabajado para tenerlo a punto ya, y ponerlo en marcha el mismo 1 de enero, puesto que esta es la herramienta b\u00e1sica para poder adaptarse en las diferentes situaciones sobrevenidas e inmovilizar los recursos, mediante las oportunas modificaciones de cr\u00e9ditos, hacia las necesidades sociales y econ\u00f3micas que podamos presentar el pr\u00f3ximo a\u00f1o\u00bb.<\/p>\n<p>Las estimaciones de ingresos y gastos que contiene el presupuesto municipal del ejercicio 2021, se han realizado atendiendo a una situaci\u00f3n de estabilidad econ\u00f3mica. Los ingresos y gastos totales ascienden a <strong>41.030.542.04 \u20ac<\/strong>, aumentando 758.000\u20ac (1.88%) respecto del presupuesto del a\u00f1o pasado. \u00abEl a\u00f1o 2020 , posiblemente haya sido uno de los a\u00f1os m\u00e1s complicados para la gesti\u00f3n presupuestaria desde el 82 ac\u00e1. Sabemos que nos vienen a\u00f1os duros econ\u00f3micamente, que 2021 y 2022 van a ser tambi\u00e9n dif\u00edciles y por eso hay que estar preparados y seguir trabajando para el futuro de nuestra ciudad\u00bb.<\/p>\n<p>G\u00f3mez ha continuado exponiendo las l\u00edneas generales del proyecto de presupuesto para 2021, entre las cuales ha destacado:<\/p>\n<p>En cuanto a los <strong>ingresos<\/strong>, no se elevar\u00e1 la presi\u00f3n fiscal, se a decir, no se aumentar\u00e1n los impuestos sobre la ciudadan\u00eda, que suponen el mayor ingreso municipal con 18.930.000 euros.<br \/>No hay prevista ninguna operaci\u00f3n de cr\u00e9dito y en cuanto a la p\u00f3liza de 6 M\u20ac, contratada en mayo para hacer frente a posibles desfasas de tesorer\u00eda est\u00e1 intacta y disponible, en caso de que fuera necesaria en el primer trimestre del a\u00f1o.<br \/>Las cuentas del Ayuntamiento est\u00e1n saneados gracias al comportamiento ejemplar de la ciudadan\u00eda en el cumplimiento de las obligaciones tributarias.<br \/>En cuanto a los <strong>gastos<\/strong>, se ha incidido que este presupuesto se sostiene sobre tres pilares fundamentales, igualdad y pol\u00edticas inclusivas, las pol\u00edticas activas de ocupaci\u00f3n y de emprendimiento y las de educaci\u00f3n y cultura.<br \/>Por su parte el regidor de Hacienda, Contrataci\u00f3n y Recursos Humanos, Albert Furi\u00f3, ha detallado espec\u00edficamente cada partida de los ingresos y gastos y ha explicado que \u00abeste presupuesto est\u00e1 preparado, con partidas abiertas para dotarlas del correspondiente cr\u00e9dito seg\u00fan la evoluci\u00f3n econ\u00f3mica del ejercicio y adem\u00e1s con la posibilidad de financiaci\u00f3n para inversiones a cargo del remanente de tesorer\u00eda, que quedar\u00eda libre a partir de la aprobaci\u00f3n de los presupuestos generales del Estado\u00bb.<\/p>\n<p>En l\u00edneas generales los presupuestos 2021 comportan un aumento de las partidas de Medio Ambiente y dinamizaci\u00f3n comercial y un ajuste a la baja de las partidas relacionadas con Fiestas y Cultura,<\/p>\n<p>Concretamente, en cuanto a los gastos hay que destacar los aspectos siguientes:<br \/>a) Los gastos de personal se incrementan en 471.434,15 euros, esto es, un 2,36%<br \/>sobre los del a\u00f1o pasado. Este aumento contempla la previsi\u00f3n de incremento de las<br \/>retribuciones de personal al servicio de las Administraciones P\u00fablicas que<br \/>figura en el proyecto de presupuestos del Estado que est\u00e1 tramit\u00e1ndose en<br \/>el Parlamento.<br \/>b) Los gastos deprisa aumentan en 722.239,35 euros (1,92%).<br \/>c) Los gastos financieros disminuyen en 20.234,64 euros (\u250027,53%).<br \/>d) Las subvenciones aumentan en 30.285,66 euros 1,16%).<br \/>e) Las inversiones previstas ascienden a 1.749.511,49 euros (4,26% del gasto<br \/>total), con un aumento de 101.416,21 euros (6,15%).<br \/>f) En el cap\u00edtulo 9 de pasivos financieros, se consigna una amortizaci\u00f3n de deuda de 1.007.885,89<br \/>euros.<\/p>\n<p><img fetchpriority=\"high\" decoding=\"async\" width=\"889\" height=\"650\" class=\" size-full wp-image-52670\" src=\"https:\/\/alzira.es\/wp-content\/uploads\/2020\/11\/presentacio_pressupostos_2021-02.jpeg\" alt=\"presentacio pressupostos 2021-02\" srcset=\"https:\/\/alzira.es\/wp-content\/uploads\/2020\/11\/presentacio_pressupostos_2021-02.jpeg 889w, https:\/\/alzira.es\/wp-content\/uploads\/2020\/11\/presentacio_pressupostos_2021-02-680x497.jpeg 680w, https:\/\/alzira.es\/wp-content\/uploads\/2020\/11\/presentacio_pressupostos_2021-02-768x562.jpeg 768w\" sizes=\"(max-width: 706px) 89vw, (max-width: 767px) 82vw, 740px\" \/><\/p>\n<p><img decoding=\"async\" width=\"650\" height=\"867\" class=\"size-full wp-image-52672 lazyload\" data-src=\"https:\/\/alzira.es\/wp-content\/uploads\/2020\/11\/presentacio_pressupostos_2021-01.jpeg\" alt=\"presentacio pressupostos 2021-01\" data-srcset=\"https:\/\/alzira.es\/wp-content\/uploads\/2020\/11\/presentacio_pressupostos_2021-01.jpeg 650w, https:\/\/alzira.es\/wp-content\/uploads\/2020\/11\/presentacio_pressupostos_2021-01-300x400.jpeg 300w\" data-sizes=\"(max-width: 650px) 100vw, 650px\" src=\"data:image\/svg+xml;base64,PHN2ZyB3aWR0aD0iMSIgaGVpZ2h0PSIxIiB4bWxucz0iaHR0cDovL3d3dy53My5vcmcvMjAwMC9zdmciPjwvc3ZnPg==\" style=\"--smush-placeholder-width: 650px; --smush-placeholder-aspect-ratio: 650\/867;\" \/><\/p>\n","protected":false},"excerpt":{"rendered":"<p>Diego G\u00f3mez: \u00abPresentamos un presupuesto preparado para hacer frente a las consecuencias econ\u00f3micas de la COVID hecho con criterios de responsabilidad y prudencia\u00bb \u2022 Esta tarde se aprobar\u00e1 al plenario extraordinario el presupuesto que supera los 41M\u20ac El alcalde, Diego G\u00f3mez y el regidor de Hacienda, Contrataci\u00f3n y Recursos Humanos, Albert Furi\u00f3, han presentado en &hellip; <\/p>\n<p class=\"link-more\"><a href=\"https:\/\/alzira.es\/es\/presentacio-dels-pressupostos-alzira-2021\/\" class=\"more-link\">Continuar leyendo<span class=\"screen-reader-text\"> \u00abPresentaci\u00f3n de los presupuestos Alzira 2021\u00bb<\/span><\/a><\/p>\n","protected":false},"author":29,"featured_media":52670,"comment_status":"","ping_status":"","sticky":false,"template":"","format":"standard","meta":{"_acf_changed":false,"footnotes":""},"categories":[4936],"tags":[],"class_list":["post-52674","post","type-post","status-publish","format-standard","has-post-thumbnail","hentry","category-hemeroteca-es"],"acf":[],"_links":{"self":[{"href":"https:\/\/alzira.es\/es\/wp-json\/wp\/v2\/posts\/52674","targetHints":{"allow":["GET"]}}],"collection":[{"href":"https:\/\/alzira.es\/es\/wp-json\/wp\/v2\/posts"}],"about":[{"href":"https:\/\/alzira.es\/es\/wp-json\/wp\/v2\/types\/post"}],"author":[{"embeddable":true,"href":"https:\/\/alzira.es\/es\/wp-json\/wp\/v2\/users\/29"}],"replies":[{"embeddable":true,"href":"https:\/\/alzira.es\/es\/wp-json\/wp\/v2\/comments?post=52674"}],"version-history":[{"count":0,"href":"https:\/\/alzira.es\/es\/wp-json\/wp\/v2\/posts\/52674\/revisions"}],"wp:featuredmedia":[{"embeddable":true,"href":"https:\/\/alzira.es\/es\/wp-json\/wp\/v2\/media\/52670"}],"wp:attachment":[{"href":"https:\/\/alzira.es\/es\/wp-json\/wp\/v2\/media?parent=52674"}],"wp:term":[{"taxonomy":"category","embeddable":true,"href":"https:\/\/alzira.es\/es\/wp-json\/wp\/v2\/categories?post=52674"},{"taxonomy":"post_tag","embeddable":true,"href":"https:\/\/alzira.es\/es\/wp-json\/wp\/v2\/tags?post=52674"}],"curies":[{"name":"wp","href":"https:\/\/api.w.org\/{rel}","templated":true}]}}